{"id":415626,"date":"2019-02-18T00:09:08","date_gmt":"2019-02-18T06:09:08","guid":{"rendered":"https:\/\/www.diarioimagen.net\/?p=415626"},"modified":"2019-02-18T07:24:15","modified_gmt":"2019-02-18T13:24:15","slug":"impulsa-naucalpan-capacitacion-de-ciudadanos-con-artes-y-oficios","status":"publish","type":"post","link":"https:\/\/www.diarioimagen.net\/?p=415626","title":{"rendered":"Impulsa Naucalpan capacitaci\u00f3n de ciudadanos con artes y oficios"},"content":{"rendered":"<ul>\n<li><strong><em>Clausura de cursos de Edayos<\/em><\/strong><\/li>\n<\/ul>\n<p>&nbsp;<\/p>\n<div id=\"attachment_415717\" style=\"width: 470px\" class=\"wp-caption aligncenter\"><a href=\"https:\/\/www.diarioimagen.net\/?attachment_id=415717\" rel=\"attachment wp-att-415717\"><img loading=\"lazy\" decoding=\"async\" aria-describedby=\"caption-attachment-415717\" class=\"size-large wp-image-415717\" src=\"https:\/\/www.diarioimagen.net\/wp-content\/uploads\/2019\/02\/naucalpan-460x231.jpg\" alt=\"\" width=\"460\" height=\"231\" srcset=\"https:\/\/www.diarioimagen.net\/wp-content\/uploads\/2019\/02\/naucalpan-460x231.jpg 460w, https:\/\/www.diarioimagen.net\/wp-content\/uploads\/2019\/02\/naucalpan-240x120.jpg 240w, https:\/\/www.diarioimagen.net\/wp-content\/uploads\/2019\/02\/naucalpan.jpg 500w\" sizes=\"auto, (max-width: 460px) 100vw, 460px\" \/><\/a><p id=\"caption-attachment-415717\" class=\"wp-caption-text\">La titular de la Secretar\u00eda de Cultura de Naucalpan, Abigail Mart\u00ednez, asegur\u00f3 que es satisfactorio y enriquecedor que los naucalpenses se capaciten para ejercer oficios.<\/p><\/div>\n<p>&nbsp;<\/p>\n<p><strong>Naucalpan, Estado de M\u00e9xico<\/strong>.- M\u00e1s de mil 700 personas concluyeron el s\u00e1bado la especializaci\u00f3n en alguna de las 15 \u00e1reas que ofrece la Escuela de Artes y Oficios de Naucalpan (EDAYO), lo que les ayuda a desarrollar sus capacidades y a impulsar la econom\u00eda tanto familiar, como del municipio.<\/p>\n<p>En la clausura del curso Septiembre 2018-Febrero 2019, la titular de la Secretar\u00eda de Cultura de Naucalpan, Abigail Mart\u00ednez Salas, asegur\u00f3 que es satisfactorio y enriquecedor que los naucalpenses se capaciten para ejercer oficios que detonen el desarrollo econ\u00f3mico dentro del municipio y puedan brindar sus conocimientos a los dem\u00e1s ciudadanos.<\/p>\n<p>\u201cEstamos convencidos de que todas estas actividades son transversales y que esto es lo que puede detonar y cambiar para que nuestro municipio sea un mejor lugar para que todos convivamos y vivamos en armon\u00eda, siempre pensando en la unidad y en el beneficio del otro\u201d, dijo Mart\u00ednez Salas.<\/p>\n<p>Al acto tambi\u00e9n asistieron la directora de Educaci\u00f3n, Sarec Guianella Jim\u00e9nez Candelaria, el tercer regidor, Ubaldo Jaime Guti\u00e9rrez Nieto; la decimocuarta regidora, Ang\u00e9lica del Valle Mota; el decimoquinto regidor, Manuel Eduardo Sisniega y la decimosexta regidora, Mar\u00eda de los \u00c1ngeles Pontaza, quienes entregaron a los alumnos destacados su constancia.<\/p>\n<p>Por otra parte, dio inicio el Taller de Capacitaci\u00f3n de Proyectos Productivos, organizado por la Secretar\u00eda de Desarrollo Social, con el cual se ense\u00f1ar\u00e1 a los ciudadanos a planificar estrategias que les permitan impulsar y hacer crecer su negocio, desde una perspectiva de \u00e9tica y de desarrollo sustentable.<\/p>\n<p>El taller impartido por Juan Manuel Colin Contreras, doctor e investigador de la Academia de Filosof\u00eda e Historia de la Universidad Aut\u00f3noma de la Ciudad de M\u00e9xico (UACM), consta de tres m\u00f3dulos; durante la primera sesi\u00f3n se ense\u00f1\u00f3 a los ciudadanos a diagnosticar y comenzar su proyecto de manera \u00e9tica y profesional.<\/p>\n<p>Las siguientes dos sesiones se llevar\u00e1n a cabo el s\u00e1bado 23 de febrero y 2 de marzo, en ellas se instruir\u00e1 a unos 50 naucalpenses, sobre las caracter\u00edsticas culturares, elaboraci\u00f3n y conclusi\u00f3n de un proyecto productivo.<\/p>\n<p>A la primera sesi\u00f3n asistieron el Secretario de Desarrollo Social, Pedro G\u00e1lvez Bastida; Pilar L\u00f3pez Casta\u00f1eda, Directora del Departamento de Fomento Agropecuario y Forestal; Marielena Montiel Mar\u00edn, Directora de Proyectos para el Desarrollo, y el titular del Departamento de Proyectos Productivos, Erick Rodr\u00edguez Rinc\u00f3n.<\/p>\n","protected":false},"excerpt":{"rendered":"<p>M\u00e1s de mil 700 personas concluyeron el s\u00e1bado la especializaci\u00f3n en alguna de las 15 \u00e1reas que ofrece la Escuela de Artes y Oficios de Naucalpan (EDAYO), lo que les ayuda a desarrollar sus capacidades y a impulsar la econom\u00eda tanto familiar, como del municipio.<\/p>\n","protected":false},"author":3,"featured_media":415717,"comment_status":"open","ping_status":"open","sticky":false,"template":"","format":"standard","meta":{"_monsterinsights_skip_tracking":false,"_monsterinsights_sitenote_active":false,"_monsterinsights_sitenote_note":"","_monsterinsights_sitenote_category":0,"footnotes":""},"categories":[35155],"tags":[63772,43675,970,82970],"class_list":["post-415626","post","type-post","status-publish","format-standard","has-post-thumbnail","hentry","category-estado-de-mexico-estado-de-mexico","tag-artes","tag-estado-de-mexico","tag-naucalpan","tag-oficios"],"_links":{"self":[{"href":"https:\/\/www.diarioimagen.net\/index.php?rest_route=\/wp\/v2\/posts\/415626","targetHints":{"allow":["GET"]}}],"collection":[{"href":"https:\/\/www.diarioimagen.net\/index.php?rest_route=\/wp\/v2\/posts"}],"about":[{"href":"https:\/\/www.diarioimagen.net\/index.php?rest_route=\/wp\/v2\/types\/post"}],"author":[{"embeddable":true,"href":"https:\/\/www.diarioimagen.net\/index.php?rest_route=\/wp\/v2\/users\/3"}],"replies":[{"embeddable":true,"href":"https:\/\/www.diarioimagen.net\/index.php?rest_route=%2Fwp%2Fv2%2Fcomments&post=415626"}],"version-history":[{"count":0,"href":"https:\/\/www.diarioimagen.net\/index.php?rest_route=\/wp\/v2\/posts\/415626\/revisions"}],"wp:featuredmedia":[{"embeddable":true,"href":"https:\/\/www.diarioimagen.net\/index.php?rest_route=\/wp\/v2\/media\/415717"}],"wp:attachment":[{"href":"https:\/\/www.diarioimagen.net\/index.php?rest_route=%2Fwp%2Fv2%2Fmedia&parent=415626"}],"wp:term":[{"taxonomy":"category","embeddable":true,"href":"https:\/\/www.diarioimagen.net\/index.php?rest_route=%2Fwp%2Fv2%2Fcategories&post=415626"},{"taxonomy":"post_tag","embeddable":true,"href":"https:\/\/www.diarioimagen.net\/index.php?rest_route=%2Fwp%2Fv2%2Ftags&post=415626"}],"curies":[{"name":"wp","href":"https:\/\/api.w.org\/{rel}","templated":true}]}}