{"id":415631,"date":"2019-02-18T00:08:42","date_gmt":"2019-02-18T06:08:42","guid":{"rendered":"https:\/\/www.diarioimagen.net\/?p=415631"},"modified":"2019-02-18T07:28:37","modified_gmt":"2019-02-18T13:28:37","slug":"en-marcha-dos-programas-contra-la-violencia-en-escuelas-de-ecatepec","status":"publish","type":"post","link":"https:\/\/www.diarioimagen.net\/?p=415631","title":{"rendered":"En marcha, dos programas contra la violencia en escuelas de Ecatepec"},"content":{"rendered":"<ul>\n<li><strong><em>\u201cMochila Amiga\u201d y \u201cViolencia en el Noviazgo\u201d<\/em><\/strong><\/li>\n<\/ul>\n<p>&nbsp;<\/p>\n<div id=\"attachment_415720\" style=\"width: 470px\" class=\"wp-caption aligncenter\"><a href=\"https:\/\/www.diarioimagen.net\/?attachment_id=415720\" rel=\"attachment wp-att-415720\"><img loading=\"lazy\" decoding=\"async\" aria-describedby=\"caption-attachment-415720\" class=\"size-large wp-image-415720\" src=\"https:\/\/www.diarioimagen.net\/wp-content\/uploads\/2019\/02\/mochila-460x259.jpg\" alt=\"\" width=\"460\" height=\"259\" srcset=\"https:\/\/www.diarioimagen.net\/wp-content\/uploads\/2019\/02\/mochila-460x259.jpg 460w, https:\/\/www.diarioimagen.net\/wp-content\/uploads\/2019\/02\/mochila-240x135.jpg 240w, https:\/\/www.diarioimagen.net\/wp-content\/uploads\/2019\/02\/mochila-480x270.jpg 480w, https:\/\/www.diarioimagen.net\/wp-content\/uploads\/2019\/02\/mochila-235x132.jpg 235w, https:\/\/www.diarioimagen.net\/wp-content\/uploads\/2019\/02\/mochila-202x114.jpg 202w, https:\/\/www.diarioimagen.net\/wp-content\/uploads\/2019\/02\/mochila-350x196.jpg 350w, https:\/\/www.diarioimagen.net\/wp-content\/uploads\/2019\/02\/mochila-220x123.jpg 220w, https:\/\/www.diarioimagen.net\/wp-content\/uploads\/2019\/02\/mochila-237x132.jpg 237w, https:\/\/www.diarioimagen.net\/wp-content\/uploads\/2019\/02\/mochila.jpg 500w\" sizes=\"auto, (max-width: 460px) 100vw, 460px\" \/><\/a><p id=\"caption-attachment-415720\" class=\"wp-caption-text\">La prevenci\u00f3n en las escuelas y hogares es una de las principales estrategias del presidente municipal, Fernando Vilchis Contreras, para erradicar la violencia en Ecatepec.<\/p><\/div>\n<p>&nbsp;<\/p>\n<p><strong>Ecatepec, Estado de M\u00e9xico<\/strong>.- Autoridades de Ecatepec pusieron en marcha dos programas destinados a prevenir la violencia en los planteles educativos del municipio y a fomentar valores como la paz y el respeto entre los j\u00f3venes.<\/p>\n<p>La sana convivencia y la prevenci\u00f3n del delito entre ni\u00f1os y adolescentes, son lo ejes prioritarios de la puesta en marcha de los programas \u201cMochila Amiga\u201d y \u201cViolencia en el Noviazgo\u201d, que arranc\u00f3 \u00a0en la escuela secundaria 0268 \u201cJoaqu\u00edn Arcadio Pagaza\u201d, en la colonia Izcalli Jardines.<\/p>\n<p>La prevenci\u00f3n en las escuelas y hogares es una de las principales estrategias del presidente municipal Fernando Vilchis Contreras para erradicar la violencia en Ecatepec.<\/p>\n<p>De acuerdo con el coordinador de Atenci\u00f3n a V\u00edctimas de Violencia Familiar y de G\u00e9nero de la polic\u00eda de Ecatepec, Jos\u00e9 Alejandro S\u00e1nchez Velasco, estas acciones se realizan con estricto apego a los derechos humanos del alumnado, con apoyo de la C\u00e9lula de Prevenci\u00f3n del Delito y la Unidad Canina.<\/p>\n<p>Por su parte, Josefina Mej\u00eda Sol\u00eds, titular de la Unidad de la C\u00e9lula de Prevenci\u00f3n del Delito, inform\u00f3 que a trav\u00e9s de din\u00e1micas como obras de teatro, pl\u00e1ticas con padres y conferencias se busca erradicar las conductas violentas o que da\u00f1en la integridad de los j\u00f3venes.<\/p>\n<p>Por ello, durante el arranque del programa, elementos de la polic\u00eda municipal interpretaron la puesta en escena \u201cViolencia en el Noviazgo\u201d, con la cual se busca sensibilizar a los alumnos sobre posibles conductas inapropiadas durante esta etapa.<\/p>\n<p>En el patio de la escuela secundaria 0268 \u201cJoaqu\u00edn Arcadio Pagaza\u201d, de la colonia Izcalli Jardines, ante autoridades, alumnos, padres de familia y el representante de la Defensor\u00eda Municipal de Derechos Humanos, Jos\u00e9 Lozano Alc\u00e1ntara, la Unidad Canina, encabezada por Jorge Alberto Cruz Luna, realiz\u00f3 una demostraci\u00f3n de las labores que llevan a cabo Rigoberto y Poli, perros entrenados para la detecci\u00f3n de armas, estupefacientes o explosivos en las mochilas de los alumnos.<\/p>\n<p>La Direcci\u00f3n de Seguridad P\u00fablica municipal pretende que estas acciones se realicen en las escuelas de educaci\u00f3n b\u00e1sica de la entidad para fortalecer el sano desarrollo de los alumnos.<\/p>\n","protected":false},"excerpt":{"rendered":"<p>Autoridades de Ecatepec pusieron en marcha dos programas destinados a prevenir la violencia en los planteles educativos del municipio y a fomentar valores como la paz y el respeto entre los j\u00f3venes.<\/p>\n","protected":false},"author":3,"featured_media":415720,"comment_status":"open","ping_status":"open","sticky":false,"template":"","format":"standard","meta":{"_monsterinsights_skip_tracking":false,"_monsterinsights_sitenote_active":false,"_monsterinsights_sitenote_note":"","_monsterinsights_sitenote_category":0,"footnotes":""},"categories":[35155],"tags":[454,43675,48533,5066],"class_list":["post-415631","post","type-post","status-publish","format-standard","has-post-thumbnail","hentry","category-estado-de-mexico-estado-de-mexico","tag-ecatepec","tag-estado-de-mexico","tag-programa","tag-violencia"],"_links":{"self":[{"href":"https:\/\/www.diarioimagen.net\/index.php?rest_route=\/wp\/v2\/posts\/415631","targetHints":{"allow":["GET"]}}],"collection":[{"href":"https:\/\/www.diarioimagen.net\/index.php?rest_route=\/wp\/v2\/posts"}],"about":[{"href":"https:\/\/www.diarioimagen.net\/index.php?rest_route=\/wp\/v2\/types\/post"}],"author":[{"embeddable":true,"href":"https:\/\/www.diarioimagen.net\/index.php?rest_route=\/wp\/v2\/users\/3"}],"replies":[{"embeddable":true,"href":"https:\/\/www.diarioimagen.net\/index.php?rest_route=%2Fwp%2Fv2%2Fcomments&post=415631"}],"version-history":[{"count":0,"href":"https:\/\/www.diarioimagen.net\/index.php?rest_route=\/wp\/v2\/posts\/415631\/revisions"}],"wp:featuredmedia":[{"embeddable":true,"href":"https:\/\/www.diarioimagen.net\/index.php?rest_route=\/wp\/v2\/media\/415720"}],"wp:attachment":[{"href":"https:\/\/www.diarioimagen.net\/index.php?rest_route=%2Fwp%2Fv2%2Fmedia&parent=415631"}],"wp:term":[{"taxonomy":"category","embeddable":true,"href":"https:\/\/www.diarioimagen.net\/index.php?rest_route=%2Fwp%2Fv2%2Fcategories&post=415631"},{"taxonomy":"post_tag","embeddable":true,"href":"https:\/\/www.diarioimagen.net\/index.php?rest_route=%2Fwp%2Fv2%2Ftags&post=415631"}],"curies":[{"name":"wp","href":"https:\/\/api.w.org\/{rel}","templated":true}]}}