{"id":415637,"date":"2019-02-18T00:06:06","date_gmt":"2019-02-18T06:06:06","guid":{"rendered":"https:\/\/www.diarioimagen.net\/?p=415637"},"modified":"2019-02-18T07:32:25","modified_gmt":"2019-02-18T13:32:25","slug":"instalan-consejo-de-seguridad-publica-de-cuautitlan","status":"publish","type":"post","link":"https:\/\/www.diarioimagen.net\/?p=415637","title":{"rendered":"Instalan Consejo de Seguridad P\u00fablica de Cuautitl\u00e1n"},"content":{"rendered":"<p><a href=\"https:\/\/www.diarioimagen.net\/?attachment_id=415726\" rel=\"attachment wp-att-415726\"><img loading=\"lazy\" decoding=\"async\" class=\"aligncenter size-large wp-image-415726\" src=\"https:\/\/www.diarioimagen.net\/wp-content\/uploads\/2019\/02\/consejos-460x259.jpg\" alt=\"\" width=\"460\" height=\"259\" srcset=\"https:\/\/www.diarioimagen.net\/wp-content\/uploads\/2019\/02\/consejos-460x259.jpg 460w, https:\/\/www.diarioimagen.net\/wp-content\/uploads\/2019\/02\/consejos-240x135.jpg 240w, https:\/\/www.diarioimagen.net\/wp-content\/uploads\/2019\/02\/consejos-235x132.jpg 235w, https:\/\/www.diarioimagen.net\/wp-content\/uploads\/2019\/02\/consejos-202x114.jpg 202w, https:\/\/www.diarioimagen.net\/wp-content\/uploads\/2019\/02\/consejos-350x196.jpg 350w, https:\/\/www.diarioimagen.net\/wp-content\/uploads\/2019\/02\/consejos-220x123.jpg 220w, https:\/\/www.diarioimagen.net\/wp-content\/uploads\/2019\/02\/consejos-237x132.jpg 237w, https:\/\/www.diarioimagen.net\/wp-content\/uploads\/2019\/02\/consejos.jpg 480w\" sizes=\"auto, (max-width: 460px) 100vw, 460px\" \/><\/a><\/p>\n<p>&nbsp;<\/p>\n<p><strong>Cuautitl\u00e1n, Estado de M\u00e9xico<\/strong><strong>.- <\/strong>En materia de seguridad estaremos trabajando en coordinaci\u00f3n con el gobierno estatal y federal, para mejorar la calidad de vida de nuestros vecinos, se\u00f1al\u00f3 el presidente municipal, Ariel Ju\u00e1rez Rodr\u00edguez, durante la Instalaci\u00f3n del Consejo Municipal de Seguridad P\u00fablica de Cuautitl\u00e1n.<\/p>\n<p>Ante los representantes de los diversos \u00f3rdenes de gobierno estatal en materia de seguridad p\u00fablica, procuraci\u00f3n de justicia y de prevenci\u00f3n social, Ju\u00e1rez Rodr\u00edguez enfatiz\u00f3 la necesidad de dar confianza a las familias.<\/p>\n<p>\u201cA trav\u00e9s de garantizar la seguridad a la ciudadan\u00eda para que tanto ellas y ellos puedan caminar con toda tranquilidad por el municipio y que no haya hechos de violencia contra una mujer\u201d, recalc\u00f3 el alcalde al hacer uso de la palabra.<\/p>\n","protected":false},"excerpt":{"rendered":"<p>En materia de seguridad estaremos trabajando en coordinaci\u00f3n con el gobierno estatal y federal, para mejorar la calidad de vida de nuestros vecinos, se\u00f1al\u00f3 el presidente municipal, Ariel Ju\u00e1rez Rodr\u00edguez, durante la Instalaci\u00f3n del Consejo Municipal de Seguridad P\u00fablica de Cuautitl\u00e1n.<\/p>\n","protected":false},"author":3,"featured_media":415726,"comment_status":"open","ping_status":"open","sticky":false,"template":"","format":"standard","meta":{"_monsterinsights_skip_tracking":false,"_monsterinsights_sitenote_active":false,"_monsterinsights_sitenote_note":"","_monsterinsights_sitenote_category":0,"footnotes":""},"categories":[35155],"tags":[681,43675,1088],"class_list":["post-415637","post","type-post","status-publish","format-standard","has-post-thumbnail","hentry","category-estado-de-mexico-estado-de-mexico","tag-cuautitlan","tag-estado-de-mexico","tag-seguridad-publica"],"_links":{"self":[{"href":"https:\/\/www.diarioimagen.net\/index.php?rest_route=\/wp\/v2\/posts\/415637","targetHints":{"allow":["GET"]}}],"collection":[{"href":"https:\/\/www.diarioimagen.net\/index.php?rest_route=\/wp\/v2\/posts"}],"about":[{"href":"https:\/\/www.diarioimagen.net\/index.php?rest_route=\/wp\/v2\/types\/post"}],"author":[{"embeddable":true,"href":"https:\/\/www.diarioimagen.net\/index.php?rest_route=\/wp\/v2\/users\/3"}],"replies":[{"embeddable":true,"href":"https:\/\/www.diarioimagen.net\/index.php?rest_route=%2Fwp%2Fv2%2Fcomments&post=415637"}],"version-history":[{"count":0,"href":"https:\/\/www.diarioimagen.net\/index.php?rest_route=\/wp\/v2\/posts\/415637\/revisions"}],"wp:featuredmedia":[{"embeddable":true,"href":"https:\/\/www.diarioimagen.net\/index.php?rest_route=\/wp\/v2\/media\/415726"}],"wp:attachment":[{"href":"https:\/\/www.diarioimagen.net\/index.php?rest_route=%2Fwp%2Fv2%2Fmedia&parent=415637"}],"wp:term":[{"taxonomy":"category","embeddable":true,"href":"https:\/\/www.diarioimagen.net\/index.php?rest_route=%2Fwp%2Fv2%2Fcategories&post=415637"},{"taxonomy":"post_tag","embeddable":true,"href":"https:\/\/www.diarioimagen.net\/index.php?rest_route=%2Fwp%2Fv2%2Ftags&post=415637"}],"curies":[{"name":"wp","href":"https:\/\/api.w.org\/{rel}","templated":true}]}}