{"id":415747,"date":"2019-02-19T00:07:51","date_gmt":"2019-02-19T06:07:51","guid":{"rendered":"https:\/\/www.diarioimagen.net\/?p=415747"},"modified":"2019-02-19T22:02:41","modified_gmt":"2019-02-20T04:02:41","slug":"lopez-obrador-recibe-a-la-princesa-astrid-de-belgica-en-palacio-nacional","status":"publish","type":"post","link":"https:\/\/www.diarioimagen.net\/?p=415747","title":{"rendered":"L\u00f3pez Obrador recibe a la princesa Astrid de B\u00e9lgica en Palacio Nacional"},"content":{"rendered":"<ul>\n<li><em><strong>Encabeza delegaci\u00f3n ministerial del \u00e1mbito econ\u00f3mico<\/strong><\/em><\/li>\n<\/ul>\n<p>&nbsp;<\/p>\n<div id=\"attachment_415748\" style=\"width: 470px\" class=\"wp-caption aligncenter\"><img loading=\"lazy\" decoding=\"async\" aria-describedby=\"caption-attachment-415748\" class=\"size-large wp-image-415748\" src=\"https:\/\/www.diarioimagen.net\/wp-content\/uploads\/2019\/02\/PRINCESA19-PORTAL-460x268.jpg\" alt=\"\" width=\"460\" height=\"268\" srcset=\"https:\/\/www.diarioimagen.net\/wp-content\/uploads\/2019\/02\/PRINCESA19-PORTAL-460x268.jpg 460w, https:\/\/www.diarioimagen.net\/wp-content\/uploads\/2019\/02\/PRINCESA19-PORTAL-240x140.jpg 240w, https:\/\/www.diarioimagen.net\/wp-content\/uploads\/2019\/02\/PRINCESA19-PORTAL.jpg 480w\" sizes=\"auto, (max-width: 460px) 100vw, 460px\" \/><p id=\"caption-attachment-415748\" class=\"wp-caption-text\">Andr\u00e9s Manuel L\u00f3pez Obrador se reuni\u00f3 con su alteza real la princesa Astrid, en representaci\u00f3n de su majestad el rey Felipe de B\u00e9lgica.<\/p><\/div>\n<p>&nbsp;<\/p>\n<p>El presidente Andr\u00e9s Manuel L\u00f3pez Obrador se reuni\u00f3 la ma\u00f1ana de este lunes con su alteza real la princesa Astrid, en representaci\u00f3n de su majestad el rey Felipe de B\u00e9lgica, en Palacio Nacional, como parte de la delegaci\u00f3n econ\u00f3mica de esa naci\u00f3n que realiza una visita a M\u00e9xico del 15 al 22 de febrero.<\/p>\n<p>La reuni\u00f3n privada en Palacio Nacional fue compartida por el Ejecutivo federal en su cuenta de Twitter @lopezobrador_, donde difundi\u00f3: \u00abRecibimos a Astrid, princesa de B\u00e9lgica, quien encabeza una delegaci\u00f3n ministerial del \u00e1mbito econ\u00f3mico con representantes de 137 empresas de los sectores de alimentos y bebidas, tecnolog\u00edas de la informaci\u00f3n, manufactura, farmac\u00e9utica y dispositivos m\u00e9dicos\u00bb.<\/p>\n<p>Su mensaje difundido en redes sociales fue acompa\u00f1ado de una fotograf\u00eda donde se observa a su alteza real la princesa Astrid y al presidente L\u00f3pez Obrador en el despacho presidencial.<\/p>\n<p>Por la tarde, el mandatario mexicano encabez\u00f3 la presentaci\u00f3n del Consejo para el Fomento a la Inversi\u00f3n, el Empleo y el Crecimiento Econ\u00f3mico en el Sal\u00f3n Tesorer\u00eda de Palacio Nacional.<\/p>\n","protected":false},"excerpt":{"rendered":"<p>El presidente Andr\u00e9s Manuel L\u00f3pez Obrador se reuni\u00f3 la ma\u00f1ana de este lunes con su alteza real la princesa Astrid, en representaci\u00f3n de su majestad el rey Felipe de B\u00e9lgica, en Palacio Nacional, como parte de la delegaci\u00f3n econ\u00f3mica de esa naci\u00f3n que realiza una visita a M\u00e9xico del 15 al 22 de febrero.<\/p>\n","protected":false},"author":5,"featured_media":415748,"comment_status":"open","ping_status":"open","sticky":false,"template":"","format":"standard","meta":{"_monsterinsights_skip_tracking":false,"_monsterinsights_sitenote_active":false,"_monsterinsights_sitenote_note":"","_monsterinsights_sitenote_category":0,"footnotes":""},"categories":[3],"tags":[1352,82975,373,82976],"class_list":["post-415747","post","type-post","status-publish","format-standard","has-post-thumbnail","hentry","category-nacional","tag-andres-manuel-lopez-obrador","tag-astrid-de-belgica","tag-palacio-nacional","tag-rey-felipe-de-belgica"],"_links":{"self":[{"href":"https:\/\/www.diarioimagen.net\/index.php?rest_route=\/wp\/v2\/posts\/415747","targetHints":{"allow":["GET"]}}],"collection":[{"href":"https:\/\/www.diarioimagen.net\/index.php?rest_route=\/wp\/v2\/posts"}],"about":[{"href":"https:\/\/www.diarioimagen.net\/index.php?rest_route=\/wp\/v2\/types\/post"}],"author":[{"embeddable":true,"href":"https:\/\/www.diarioimagen.net\/index.php?rest_route=\/wp\/v2\/users\/5"}],"replies":[{"embeddable":true,"href":"https:\/\/www.diarioimagen.net\/index.php?rest_route=%2Fwp%2Fv2%2Fcomments&post=415747"}],"version-history":[{"count":0,"href":"https:\/\/www.diarioimagen.net\/index.php?rest_route=\/wp\/v2\/posts\/415747\/revisions"}],"wp:featuredmedia":[{"embeddable":true,"href":"https:\/\/www.diarioimagen.net\/index.php?rest_route=\/wp\/v2\/media\/415748"}],"wp:attachment":[{"href":"https:\/\/www.diarioimagen.net\/index.php?rest_route=%2Fwp%2Fv2%2Fmedia&parent=415747"}],"wp:term":[{"taxonomy":"category","embeddable":true,"href":"https:\/\/www.diarioimagen.net\/index.php?rest_route=%2Fwp%2Fv2%2Fcategories&post=415747"},{"taxonomy":"post_tag","embeddable":true,"href":"https:\/\/www.diarioimagen.net\/index.php?rest_route=%2Fwp%2Fv2%2Ftags&post=415747"}],"curies":[{"name":"wp","href":"https:\/\/api.w.org\/{rel}","templated":true}]}}