{"id":415753,"date":"2019-02-19T00:09:49","date_gmt":"2019-02-19T06:09:49","guid":{"rendered":"https:\/\/www.diarioimagen.net\/?p=415753"},"modified":"2019-02-19T22:03:12","modified_gmt":"2019-02-20T04:03:12","slug":"mexico-tiene-condiciones-para-ser-potencia-economica-amlo","status":"publish","type":"post","link":"https:\/\/www.diarioimagen.net\/?p=415753","title":{"rendered":"M\u00e9xico tiene condiciones para ser potencia econ\u00f3mica: AMLO"},"content":{"rendered":"<ul>\n<li><em><strong>Presentaci\u00f3n del Consejo para el Fomento de la Inversi\u00f3n<\/strong><\/em><\/li>\n<\/ul>\n<p>&nbsp;<\/p>\n<div id=\"attachment_415754\" style=\"width: 470px\" class=\"wp-caption aligncenter\"><img loading=\"lazy\" decoding=\"async\" aria-describedby=\"caption-attachment-415754\" class=\"size-large wp-image-415754\" src=\"https:\/\/www.diarioimagen.net\/wp-content\/uploads\/2019\/02\/AMLO19-PORTAL-460x268.jpg\" alt=\"\" width=\"460\" height=\"268\" srcset=\"https:\/\/www.diarioimagen.net\/wp-content\/uploads\/2019\/02\/AMLO19-PORTAL-460x268.jpg 460w, https:\/\/www.diarioimagen.net\/wp-content\/uploads\/2019\/02\/AMLO19-PORTAL-240x140.jpg 240w, https:\/\/www.diarioimagen.net\/wp-content\/uploads\/2019\/02\/AMLO19-PORTAL.jpg 480w\" sizes=\"auto, (max-width: 460px) 100vw, 460px\" \/><p id=\"caption-attachment-415754\" class=\"wp-caption-text\">Andr\u00e9s Manuel L\u00f3pez Obrador encabez\u00f3 la presentaci\u00f3n del Consejo para el Fomento de la Inversi\u00f3n, el Empleo y el Crecimiento Econ\u00f3mico.<\/p><\/div>\n<p>&nbsp;<\/p>\n<p>El presidente Andr\u00e9s Manuel L\u00f3pez Obrador asegur\u00f3 que el proyecto del gobierno de M\u00e9xico es el progreso del pa\u00eds con justicia, porque sin \u00e9sta lo que hay es retroceso, y destac\u00f3 que en la naci\u00f3n existen condiciones inmejorables para convertirnos en una potencia econ\u00f3mica, as\u00ed como elevar el crecimiento anual de dos a cuatro por ciento.<\/p>\n<p>Al encabezar la presentaci\u00f3n del Consejo para el Fomento de la Inversi\u00f3n, el Empleo y el Crecimiento Econ\u00f3mico en el Sal\u00f3n Tesorer\u00eda de Palacio Nacional, afirm\u00f3 que se trata de sumar voluntades de los sectores p\u00fablico, privado y social, bajo la premisa de que se requiere de la unidad de todos, pues no se podr\u00eda aumentar el crecimiento econ\u00f3mico sin la participaci\u00f3n de los mexicanos en su conjunto.<\/p>\n<p>Precis\u00f3 que este consejo que encabezar\u00e1 Alfonso Romo, jefe de la Oficina de la Presidencia, lograr\u00e1 \u00abque podamos caminar juntos y que haya crecimiento\u00bb.<\/p>\n<p>Explic\u00f3 que el crecimiento y bienestar deben estar juntos, equilibrados, y asever\u00f3 que en el pa\u00eds se tienen los recursos y se sabe c\u00f3mo hacerlo para que haya m\u00e1s bienestar.<\/p>\n<p>Se debe impulsar en especial a la regi\u00f3n sur-sureste del pa\u00eds, que es la zona con mayor rezago, para que ya no existan dos M\u00e9xicos diferentes y con desigualdades enormes, por lo que con crecimiento, inversi\u00f3n, empleo y oportunidades, se lograr\u00e1 serenar al pa\u00eds, \u201cde esa manera vamos a enfrentar la inseguridad y violencia\u201d, dijo.<\/p>\n","protected":false},"excerpt":{"rendered":"<p>El presidente Andr\u00e9s Manuel L\u00f3pez Obrador asegur\u00f3 que el proyecto del gobierno de M\u00e9xico es el progreso del pa\u00eds con justicia, porque sin \u00e9sta lo que hay es retroceso, y destac\u00f3 que en la naci\u00f3n existen condiciones inmejorables para convertirnos en una potencia econ\u00f3mica, as\u00ed como elevar el crecimiento anual de dos a cuatro por ciento.<\/p>\n","protected":false},"author":5,"featured_media":415754,"comment_status":"open","ping_status":"open","sticky":false,"template":"","format":"standard","meta":{"_monsterinsights_skip_tracking":false,"_monsterinsights_sitenote_active":false,"_monsterinsights_sitenote_note":"","_monsterinsights_sitenote_category":0,"footnotes":""},"categories":[3],"tags":[1352,71302,82979],"class_list":["post-415753","post","type-post","status-publish","format-standard","has-post-thumbnail","hentry","category-nacional","tag-andres-manuel-lopez-obrador","tag-condiciones","tag-potencia-economica"],"_links":{"self":[{"href":"https:\/\/www.diarioimagen.net\/index.php?rest_route=\/wp\/v2\/posts\/415753","targetHints":{"allow":["GET"]}}],"collection":[{"href":"https:\/\/www.diarioimagen.net\/index.php?rest_route=\/wp\/v2\/posts"}],"about":[{"href":"https:\/\/www.diarioimagen.net\/index.php?rest_route=\/wp\/v2\/types\/post"}],"author":[{"embeddable":true,"href":"https:\/\/www.diarioimagen.net\/index.php?rest_route=\/wp\/v2\/users\/5"}],"replies":[{"embeddable":true,"href":"https:\/\/www.diarioimagen.net\/index.php?rest_route=%2Fwp%2Fv2%2Fcomments&post=415753"}],"version-history":[{"count":0,"href":"https:\/\/www.diarioimagen.net\/index.php?rest_route=\/wp\/v2\/posts\/415753\/revisions"}],"wp:featuredmedia":[{"embeddable":true,"href":"https:\/\/www.diarioimagen.net\/index.php?rest_route=\/wp\/v2\/media\/415754"}],"wp:attachment":[{"href":"https:\/\/www.diarioimagen.net\/index.php?rest_route=%2Fwp%2Fv2%2Fmedia&parent=415753"}],"wp:term":[{"taxonomy":"category","embeddable":true,"href":"https:\/\/www.diarioimagen.net\/index.php?rest_route=%2Fwp%2Fv2%2Fcategories&post=415753"},{"taxonomy":"post_tag","embeddable":true,"href":"https:\/\/www.diarioimagen.net\/index.php?rest_route=%2Fwp%2Fv2%2Ftags&post=415753"}],"curies":[{"name":"wp","href":"https:\/\/api.w.org\/{rel}","templated":true}]}}