{"id":415806,"date":"2019-02-19T00:13:25","date_gmt":"2019-02-19T06:13:25","guid":{"rendered":"https:\/\/www.diarioimagen.net\/?p=415806"},"modified":"2019-02-19T22:04:09","modified_gmt":"2019-02-20T04:04:09","slug":"no-vivire-en-espana-pena-nieto","status":"publish","type":"post","link":"https:\/\/www.diarioimagen.net\/?p=415806","title":{"rendered":"No vivir\u00e9 en Espa\u00f1a: Pe\u00f1a Nieto"},"content":{"rendered":"<ul>\n<li><em><strong>Aclara versi\u00f3n sobre pa\u00eds de residencia<\/strong><\/em><\/li>\n<li><em><strong>Afirma que es falso que haya comprado una lujosa propiedad en Madrid<\/strong><\/em><\/li>\n<\/ul>\n<h6>Jos\u00e9 Luis Monta\u00f1ez<\/h6>\n<p>&nbsp;<\/p>\n<div id=\"attachment_415814\" style=\"width: 470px\" class=\"wp-caption aligncenter\"><a href=\"https:\/\/www.diarioimagen.net\/?attachment_id=415814\" rel=\"attachment wp-att-415814\"><img loading=\"lazy\" decoding=\"async\" aria-describedby=\"caption-attachment-415814\" class=\"size-large wp-image-415814\" src=\"https:\/\/www.diarioimagen.net\/wp-content\/uploads\/2019\/02\/epn-460x259.jpg\" alt=\"\" width=\"460\" height=\"259\" srcset=\"https:\/\/www.diarioimagen.net\/wp-content\/uploads\/2019\/02\/epn-460x259.jpg 460w, https:\/\/www.diarioimagen.net\/wp-content\/uploads\/2019\/02\/epn-240x135.jpg 240w, https:\/\/www.diarioimagen.net\/wp-content\/uploads\/2019\/02\/epn-235x132.jpg 235w, https:\/\/www.diarioimagen.net\/wp-content\/uploads\/2019\/02\/epn-202x114.jpg 202w, https:\/\/www.diarioimagen.net\/wp-content\/uploads\/2019\/02\/epn-350x196.jpg 350w, https:\/\/www.diarioimagen.net\/wp-content\/uploads\/2019\/02\/epn-220x123.jpg 220w, https:\/\/www.diarioimagen.net\/wp-content\/uploads\/2019\/02\/epn-237x132.jpg 237w, https:\/\/www.diarioimagen.net\/wp-content\/uploads\/2019\/02\/epn.jpg 480w\" sizes=\"auto, (max-width: 460px) 100vw, 460px\" \/><\/a><p id=\"caption-attachment-415814\" class=\"wp-caption-text\">\u201cMi familia y yo vivimos en M\u00e9xico. No tengo contemplado mudarme a Espa\u00f1a ni a ning\u00fan otro pa\u00eds\u201d, public\u00f3 Enrique Pe\u00f1a Nieto en su cuenta oficial.<\/p><\/div>\n<p>&nbsp;<\/p>\n<p>El ex presidente Enrique Pe\u00f1a Nieto afirm\u00f3 en un tuit que no tiene contemplado mudarse a Espa\u00f1a ni a ning\u00fan otro pa\u00eds.<\/p>\n<p>\u201cAnte las versiones que circulan sobre mi pa\u00eds de residencia, aclaro: es absolutamente falso que yo haya comprado o rentado una propiedad en Madrid. \u201cMi familia y yo vivimos en M\u00e9xico. No tengo contemplado mudarme a Espa\u00f1a ni a ning\u00fan otro pa\u00eds\u201d, tuite\u00f3 Pe\u00f1a Nieto en su cuenta oficial.<\/p>\n<p>El costo de la propiedad ser\u00eda de 35 millones de d\u00f3lares.<\/p>\n<p>El 11 de febrero, el periodista Ricardo Raphael dio a conocer en su columna de <em>El Universal<\/em> que el pri\u00edsta hab\u00eda adquirido una residencia en La Finca, una de las zonas m\u00e1s exclusivas de Madrid, Espa\u00f1a\u00a0 a finales de 2017, donde residen personajes como los futbolistas Cristiano Ronaldo o Zinedine Zidane, lo que fue negado por el ex mandatario.<\/p>\n<p>Ayer lunes, el periodista public\u00f3 las aclaraciones hechas por el ex presidente sobre la residencia, pero tambi\u00e9n sobre el personal que supuestamente estaba con \u00e9l en Espa\u00f1a, como el jefe del Estado Mayor, Roberto Mirenda Moreno, y el doctor Rub\u00e9n Drijanski Morgenstern.<\/p>\n<p>Pe\u00f1a Nieto afirm\u00f3 que tuvo la oportunidad de conversar con el periodista Ricardo Raphael para precisarle este tema. \u201cAgradezco que haya publicado una aclaraci\u00f3n\u201d.<\/p>\n<p>En la aclaraci\u00f3n de la que habl\u00f3 Pe\u00f1a Nieto, Ricardo Raphael afirma: \u201cSostiene el ex presidente Enrique Pe\u00f1a Nieto que no posee ninguna propiedad en Espa\u00f1a, que no conoce el fraccionamiento La Finca y que jam\u00e1s ha visitado la zona de Madrid conocida como Pozuelo de Alarc\u00f3n\u201d.<\/p>\n<p>En la misma, aclar\u00f3 que Pe\u00f1a Nieto no se ir\u00e1 a vivir a Madrid, y que durante sus vacaciones en dicha ciudad se hosped\u00f3 en casa de un amigo. \u201cSostiene Pe\u00f1a Nieto que habita y habitar\u00e1 en la Ciudad de M\u00e9xico y que el \u00fanico lugar propio que visita para descansar es la casa familiar que tiene en Ixtapan de la Sal, en el Estado de M\u00e9xico\u201d, agreg\u00f3.<\/p>\n<p>De igual forma, el ex mandatario habl\u00f3 sobre Tania Ruiz Eichelmann , con quien se le ha relacionado sentimentalmente.<\/p>\n<p>Al respecto, Pe\u00f1a Nieto \u00fanicamente declar\u00f3: \u201cSostiene Pe\u00f1a Nieto que la chica con quien lo fotografiaron en la capital espa\u00f1ola vive tambi\u00e9n en M\u00e9xico\u201d. Sin embargo, no desmiente los rumores de una relaci\u00f3n sentimental.<\/p>\n<p>A continuaci\u00f3n el texto \u00edntegro de la columna <em>Pol\u00edtica Zoom<\/em> de Ricardo Raphael, publicada en <em>El Universal<\/em> el 11 de febrero pasado:<\/p>\n<p style=\"text-align: center;\"><strong>\u201cLa pensi\u00f3n de Enrique Pe\u00f1a Nieto\u201d<\/strong><\/p>\n<p>Enrique Pe\u00f1a Nieto\u00a0es el \u00fanico mandatario a quien no se le retir\u00f3 la pensi\u00f3n: al parecer sus cargos como funcionario p\u00fablico, gobernador del Estado de M\u00e9xico y Presidente de la Rep\u00fablica, le permitieron un retiro muy digno.<\/p>\n<p>Desde hace m\u00e1s de un a\u00f1o Pe\u00f1a rent\u00f3 una residencia en uno de los fraccionamientos m\u00e1s exclusivos de Madrid, consigui\u00f3 que tambi\u00e9n se mudara a vivir a esa ciudad su m\u00e9dico personal, lo mismo que el general de divisi\u00f3n que fuera el jefe del Estado Mayor durante su mandato, as\u00ed como el antiguo director del Centro de Investigaci\u00f3n y Seguridad Nacional (Cisen).<\/p>\n<p>Demasiadas coincidencias para explicar con el mero argumento del azar:<\/p>\n<p>Hacia finales del a\u00f1o 2017, faltando m\u00e1s de doce meses para que dejara de ser presidente, Enrique Pe\u00f1a Nieto adquiri\u00f3 una propiedad en uno de los fraccionamientos m\u00e1s exclusivos y caros de Madrid, conocido como La Finca, en Pozuelo de Alarc\u00f3n.<\/p>\n<p>El ex mandatario mexicano\u00a0es ahora vecino de los futbolistas Cristiano Ronaldo, Zinedine Zidane y del periodista Juan Luis Cebri\u00e1n. Las propiedades en La Finca se cotizan entre las m\u00e1s lujosas de Espa\u00f1a y pr\u00e1cticamente ninguna otra zona urbana exhibe mayor exceso.<\/p>\n<p>Es en este lugar, situado al noroeste de la capital espa\u00f1ola, donde presuntamente vive ahora Enrique Pe\u00f1a Nieto, en compa\u00f1\u00eda de\u00a0su nueva pareja sentimental, la modelo Tania Ruiz Eichelmann.<\/p>\n<p>Coincide que, hace tambi\u00e9n poco m\u00e1s de un a\u00f1o, Eugenio Imaz Gispert, ex director del Cisen, recibi\u00f3 un encargo difuso dentro de la embajada de M\u00e9xico en Espa\u00f1a, pero con sueldo de marqu\u00e9s. Seg\u00fan el escalaf\u00f3n de la Secretar\u00eda de Relaciones Exteriores, este funcionario, ratificado por la nueva administraci\u00f3n, ingresa alrededor de 7 mil euros mensuales, es decir 151 mil pesos, sin que sea posible esclarecer sus funciones espec\u00edficas.<\/p>\n<p>Otro ex funcionario pr\u00f3ximo a Pe\u00f1a Nieto, quien tambi\u00e9n se mud\u00f3 a vivir a Madrid recientemente, es el general de divisi\u00f3n Roberto Miranda Moreno; se trata del \u00faltimo jefe del Estado Mayor Presidencial, quien dej\u00f3 ese puesto el 30 de noviembre.<\/p>\n<p>No pasa desapercibido que el principal responsable de velar por la seguridad de Pe\u00f1a Nieto, cuando era presidente, haya sido asignado a un puesto geogr\u00e1ficamente tan pr\u00f3ximo a la residencia de su ex jefe.<\/p>\n<p>La \u00faltima de las coincidencias c\u00f3smicas es la mudanza del doctor Rub\u00e9n Drijanski Morgenstern, tambi\u00e9n a la ciudad de Madrid. Se trata del mismo internista que, en el a\u00f1o 2013, oper\u00f3 a Enrique Pe\u00f1a Nieto de una delicada dolencia en la gl\u00e1ndula tiroides.<\/p>\n<p>Durante toda la administraci\u00f3n anterior fungi\u00f3 como su m\u00e9dico particular y, para suerte del ex presidente, la vecindad en Espa\u00f1a no romper\u00e1 con la relaci\u00f3n m\u00e9dico-paciente.<\/p>\n<p>Don Enrique tiene una fortuna envidiable: en caso de aburrimiento, ahora que le sobra el ocio, cuenta con que puede llamar a Imaz o a Miranda, para jugar, por ejemplo, una partida de golf con sus ex colaboradores.<\/p>\n<p>Ambos gozan de generosos sueldos a cargo del erario federal y pues es dif\u00edcil suponer que tales nombramientos se debieron s\u00f3lo al m\u00e9rito propio.<\/p>\n<p>Pero la intriga m\u00e1s oscura es otra: \u00bfser\u00e1 tambi\u00e9n el Estado mexicano quien paga al internista Rub\u00e9n Drijanski por su estancia en Espa\u00f1a? \u00bfO se trata de una casualidad m\u00e1s?<\/p>\n<p>Desde que se diera a conocer la relaci\u00f3n sentimental entre Enrique Pe\u00f1a y Tania Ruiz las redes estallaron en comentarios de todo tipo; luego vino el anuncio de Ang\u00e9lica Rivera a prop\u00f3sito de su deseo por divorciarse: eso fue la apoteosis.<\/p>\n<p>Sin embargo, el tema no s\u00f3lo tiene que ver con una nota del coraz\u00f3n. Hay demasiadas coincidencias que, sumadas, dan la impresi\u00f3n de una coraza bien dise\u00f1ada, y desde hace tiempo planeada, para blindar de cualquier descalabro al ex presidente de M\u00e9xico, Enrique Pe\u00f1a Nieto.<\/p>\n<p><strong>Zoom<\/strong>:\u00a0si Echeverr\u00eda, Salinas, Zedillo, Fox y Calder\u00f3n se quedaron sin pensi\u00f3n, \u00bfpor qu\u00e9 no sucedi\u00f3 lo mismo con Enrique Pe\u00f1a Nieto?<\/p>\n","protected":false},"excerpt":{"rendered":"<p><span style=\"color: #005497;\">Jos\u00e9 Luis Monta\u00f1ez<\/span><br \/>\n<br \/>\nEl ex presidente Enrique Pe\u00f1a Nieto afirm\u00f3 en un tuit que no tiene contemplado mudarse a Espa\u00f1a ni a ning\u00fan otro pa\u00eds.<\/p>\n","protected":false},"author":3,"featured_media":415814,"comment_status":"open","ping_status":"open","sticky":false,"template":"","format":"standard","meta":{"_monsterinsights_skip_tracking":false,"_monsterinsights_sitenote_active":false,"_monsterinsights_sitenote_note":"","_monsterinsights_sitenote_category":0,"footnotes":""},"categories":[3],"tags":[850,43673,82694,69782,67110],"class_list":["post-415806","post","type-post","status-publish","format-standard","has-post-thumbnail","hentry","category-nacional","tag-espana","tag-nacional","tag-pena-nieto","tag-propiedad","tag-vivir"],"_links":{"self":[{"href":"https:\/\/www.diarioimagen.net\/index.php?rest_route=\/wp\/v2\/posts\/415806","targetHints":{"allow":["GET"]}}],"collection":[{"href":"https:\/\/www.diarioimagen.net\/index.php?rest_route=\/wp\/v2\/posts"}],"about":[{"href":"https:\/\/www.diarioimagen.net\/index.php?rest_route=\/wp\/v2\/types\/post"}],"author":[{"embeddable":true,"href":"https:\/\/www.diarioimagen.net\/index.php?rest_route=\/wp\/v2\/users\/3"}],"replies":[{"embeddable":true,"href":"https:\/\/www.diarioimagen.net\/index.php?rest_route=%2Fwp%2Fv2%2Fcomments&post=415806"}],"version-history":[{"count":0,"href":"https:\/\/www.diarioimagen.net\/index.php?rest_route=\/wp\/v2\/posts\/415806\/revisions"}],"wp:featuredmedia":[{"embeddable":true,"href":"https:\/\/www.diarioimagen.net\/index.php?rest_route=\/wp\/v2\/media\/415814"}],"wp:attachment":[{"href":"https:\/\/www.diarioimagen.net\/index.php?rest_route=%2Fwp%2Fv2%2Fmedia&parent=415806"}],"wp:term":[{"taxonomy":"category","embeddable":true,"href":"https:\/\/www.diarioimagen.net\/index.php?rest_route=%2Fwp%2Fv2%2Fcategories&post=415806"},{"taxonomy":"post_tag","embeddable":true,"href":"https:\/\/www.diarioimagen.net\/index.php?rest_route=%2Fwp%2Fv2%2Ftags&post=415806"}],"curies":[{"name":"wp","href":"https:\/\/api.w.org\/{rel}","templated":true}]}}