{"id":415810,"date":"2019-02-19T00:09:26","date_gmt":"2019-02-19T06:09:26","guid":{"rendered":"https:\/\/www.diarioimagen.net\/?p=415810"},"modified":"2019-02-19T08:12:18","modified_gmt":"2019-02-19T14:12:18","slug":"gobernadores-del-pri-apoyan-militarizacion","status":"publish","type":"post","link":"https:\/\/www.diarioimagen.net\/?p=415810","title":{"rendered":"Gobernadores del PRI apoyan \u201cmilitarizaci\u00f3n\u201d"},"content":{"rendered":"<ul>\n<li><strong><em>En aras de la seguridad f\u00edsica y patrimonial de todos<\/em><\/strong><\/li>\n<li><strong><em>Asistieron once a la reuni\u00f3n del Gabinete de Seguridad<\/em><\/strong><\/li>\n<\/ul>\n<p>&nbsp;<\/p>\n<div id=\"attachment_415820\" style=\"width: 470px\" class=\"wp-caption aligncenter\"><a href=\"https:\/\/www.diarioimagen.net\/?attachment_id=415820\" rel=\"attachment wp-att-415820\"><img loading=\"lazy\" decoding=\"async\" aria-describedby=\"caption-attachment-415820\" class=\"size-large wp-image-415820\" src=\"https:\/\/www.diarioimagen.net\/wp-content\/uploads\/2019\/02\/GOBERNADORES19-460x259.jpg\" alt=\"\" width=\"460\" height=\"259\" srcset=\"https:\/\/www.diarioimagen.net\/wp-content\/uploads\/2019\/02\/GOBERNADORES19-460x259.jpg 460w, https:\/\/www.diarioimagen.net\/wp-content\/uploads\/2019\/02\/GOBERNADORES19-240x135.jpg 240w, https:\/\/www.diarioimagen.net\/wp-content\/uploads\/2019\/02\/GOBERNADORES19-235x132.jpg 235w, https:\/\/www.diarioimagen.net\/wp-content\/uploads\/2019\/02\/GOBERNADORES19-202x114.jpg 202w, https:\/\/www.diarioimagen.net\/wp-content\/uploads\/2019\/02\/GOBERNADORES19-350x196.jpg 350w, https:\/\/www.diarioimagen.net\/wp-content\/uploads\/2019\/02\/GOBERNADORES19-220x123.jpg 220w, https:\/\/www.diarioimagen.net\/wp-content\/uploads\/2019\/02\/GOBERNADORES19-237x132.jpg 237w, https:\/\/www.diarioimagen.net\/wp-content\/uploads\/2019\/02\/GOBERNADORES19.jpg 480w\" sizes=\"auto, (max-width: 460px) 100vw, 460px\" \/><\/a><p id=\"caption-attachment-415820\" class=\"wp-caption-text\">Once de los doce gobernadores pri\u00edstas asistieron a la reuni\u00f3n del Gabinete de Seguridad, encabezada por la secretaria de Gobernaci\u00f3n.<\/p><\/div>\n<p>&nbsp;<\/p>\n<p>Los gobernadores emanados del Partido Revolucionario Institucional (PRI) acordaron aprobar la creaci\u00f3n de la Guardia Nacional, en aras de la seguridad f\u00edsica y patrimonial de todos los mexicanos.<\/p>\n<p>\u201cNosotros estamos a favor de la Guardia Nacional\u201d, afirm\u00f3 el gobernador de Oaxaca, Alejandro Murat, al t\u00e9rmino de la reuni\u00f3n que sostuvieron once de los doce mandatarios priistas con integrantes del Gabinete de Seguridad y la secretaria de Gobernaci\u00f3n, Olga S\u00e1nchez Cordero.<\/p>\n<p>Sin embargo, Murat Hinojosa dijo que se deber\u00e1n analizar los puntos m\u00e1s delicados de la minuta que se encuentra en el Senado de la Rep\u00fablica.<\/p>\n<p>\u201cSe estar\u00e1n evaluando los puntos m\u00e1s delicados. Nosotros ya externamos nuestra posici\u00f3n. Primero, a favor de la Guardia Nacional; segundo, la parte de transitar del fuero militar al fuero civil, es algo importante que se est\u00e1 retomando en la iniciativa y eso es algo que consideramos positivo\u201d.<\/p>\n<p>Por su parte, el mandatario del Estado de M\u00e9xico, Alfredo del Mazo, calific\u00f3 como positiva la reuni\u00f3n con S\u00e1nchez Cordero y los titulares de la Defensa, Luis Cresencio Sandoval Gonz\u00e1lez; Marina, Rafael Ojeda Dur\u00e1n y de la Secretar\u00eda de Seguridad y Protecci\u00f3n Ciudadana, Alfonso Durazo.<\/p>\n<p>\u201cLos gobernadores respaldamos la Guardia Nacional en el sentido de la fortaleza que le da a nuestros estados tener la presencia del Ej\u00e9rcito y de la Marina para atender la principal preocupaci\u00f3n de los ciudadanos que es la seguridad\u201d, indic\u00f3.<\/p>\n<p>Miguel Riquelme, gobernador de Coahuila, pidi\u00f3 no \u201csatanizar\u201d la creaci\u00f3n del nuevo cuerpo de seguridad, pues el apoyo de las fuerzas armadas ha permitido reducir considerablemente los niveles de inseguridad en su entidad.<\/p>\n<p>\u201cNosotros ya requerimos de que la estrategia nacional entre en operaci\u00f3n lo m\u00e1s pronto posible. En el caso de Coahuila, estamos totalmente de acuerdo con la manera en que se ha consensando hasta ahorita la existencia de la Guardia Nacional y la aprobaci\u00f3n en el Senado\u201d, anot\u00f3.<\/p>\n<p>El mandatario de Sinaloa, Quirino Ordaz Coppel, detall\u00f3 que la presencia de las fuerzas armadas ha permitido disminuir los \u00edndices de inseguridad en el estado, de ah\u00ed que \u201cpara nosotros es muy importante el fortalecimiento de la seguridad con una Guardia Nacional\u201d.<\/p>\n<p>Esto es, a\u00f1adi\u00f3, \u201cen el caso concreto de Sinaloa han bajado los \u00edndices de inseguridad precisamente por la coordinaci\u00f3n y el apoyo que hemos recibido de las fuerzas armadas\u201d.<\/p>\n","protected":false},"excerpt":{"rendered":"<p>Los gobernadores emanados del Partido Revolucionario Institucional (PRI) acordaron aprobar la creaci\u00f3n de la Guardia Nacional, en aras de la seguridad f\u00edsica y patrimonial de todos los mexicanos.<\/p>\n","protected":false},"author":3,"featured_media":415820,"comment_status":"open","ping_status":"open","sticky":false,"template":"","format":"standard","meta":{"_monsterinsights_skip_tracking":false,"_monsterinsights_sitenote_active":false,"_monsterinsights_sitenote_note":"","_monsterinsights_sitenote_category":0,"footnotes":""},"categories":[3],"tags":[66240,72257,43673,983,362],"class_list":["post-415810","post","type-post","status-publish","format-standard","has-post-thumbnail","hentry","category-nacional","tag-gabinete-de-seguridad","tag-militarizacion","tag-nacional","tag-partido-revolucionario-institucional","tag-pri"],"_links":{"self":[{"href":"https:\/\/www.diarioimagen.net\/index.php?rest_route=\/wp\/v2\/posts\/415810","targetHints":{"allow":["GET"]}}],"collection":[{"href":"https:\/\/www.diarioimagen.net\/index.php?rest_route=\/wp\/v2\/posts"}],"about":[{"href":"https:\/\/www.diarioimagen.net\/index.php?rest_route=\/wp\/v2\/types\/post"}],"author":[{"embeddable":true,"href":"https:\/\/www.diarioimagen.net\/index.php?rest_route=\/wp\/v2\/users\/3"}],"replies":[{"embeddable":true,"href":"https:\/\/www.diarioimagen.net\/index.php?rest_route=%2Fwp%2Fv2%2Fcomments&post=415810"}],"version-history":[{"count":0,"href":"https:\/\/www.diarioimagen.net\/index.php?rest_route=\/wp\/v2\/posts\/415810\/revisions"}],"wp:featuredmedia":[{"embeddable":true,"href":"https:\/\/www.diarioimagen.net\/index.php?rest_route=\/wp\/v2\/media\/415820"}],"wp:attachment":[{"href":"https:\/\/www.diarioimagen.net\/index.php?rest_route=%2Fwp%2Fv2%2Fmedia&parent=415810"}],"wp:term":[{"taxonomy":"category","embeddable":true,"href":"https:\/\/www.diarioimagen.net\/index.php?rest_route=%2Fwp%2Fv2%2Fcategories&post=415810"},{"taxonomy":"post_tag","embeddable":true,"href":"https:\/\/www.diarioimagen.net\/index.php?rest_route=%2Fwp%2Fv2%2Ftags&post=415810"}],"curies":[{"name":"wp","href":"https:\/\/api.w.org\/{rel}","templated":true}]}}