{"id":415847,"date":"2019-02-19T00:08:40","date_gmt":"2019-02-19T06:08:40","guid":{"rendered":"https:\/\/www.diarioimagen.net\/?p=415847"},"modified":"2019-02-19T06:07:59","modified_gmt":"2019-02-19T12:07:59","slug":"atencion-simulada-a-grupos-vulnerables-el-presidente","status":"publish","type":"post","link":"https:\/\/www.diarioimagen.net\/?p=415847","title":{"rendered":"Atenci\u00f3n simulada a grupos vulnerables: el Presidente"},"content":{"rendered":"<ul>\n<li><em><b>Anuncia que las Islas Mar\u00edas ser\u00e1n un centro de cultura y artes<\/b><\/em><\/li>\n<\/ul>\n<p>&nbsp;<\/p>\n<p><a href=\"https:\/\/www.diarioimagen.net\/?attachment_id=415848\" rel=\"attachment wp-att-415848\"><img loading=\"lazy\" decoding=\"async\" class=\"aligncenter size-large wp-image-415848\" src=\"https:\/\/www.diarioimagen.net\/wp-content\/uploads\/2019\/02\/islas-460x331.jpg\" alt=\"\" width=\"460\" height=\"331\" srcset=\"https:\/\/www.diarioimagen.net\/wp-content\/uploads\/2019\/02\/islas-460x331.jpg 460w, https:\/\/www.diarioimagen.net\/wp-content\/uploads\/2019\/02\/islas-240x173.jpg 240w, https:\/\/www.diarioimagen.net\/wp-content\/uploads\/2019\/02\/islas-90x65.jpg 90w, https:\/\/www.diarioimagen.net\/wp-content\/uploads\/2019\/02\/islas.jpg 700w\" sizes=\"auto, (max-width: 460px) 100vw, 460px\" \/><\/a><\/p>\n<p>&nbsp;<\/p>\n<p>El presidente Andr\u00e9s Manuel L\u00f3pez Obrador dijo que en las pasadas administraciones se creaban oficinas para simular la atenci\u00f3n a grupos vulnerables, en beneficio de pocas personas y con mucho gasto administrativo, por que ya firm\u00f3 un documento para que no se transfieran recursos a organizaciones sociales, sino que sea apoyo directo a los beneficiarios.<\/p>\n<p>En la conferencia de prensa matutitna, el mandatario detall\u00f3 que en las dependencias exist\u00edan oficinas que \u201ceran una manera de simular que se atend\u00edan los problemas de los grupos vulnerables, de la gente necesitada, pero era pura simulaci\u00f3n, el gobierno estaba convertido, en el mejor de los casos, en una universidad, todo era testimonial, todo era de laboratorio, experimental, era para tener un programa en beneficio de pocas personas y con mucho gasto administrativo\u201d.<\/p>\n<p>Puntualiz\u00f3 que se est\u00e1 terminando con esta simulaci\u00f3n y ahora son menos los programas, pero con un impacto general colectivo, en donde al apoyo le llegue a todos, \u201cy que el gobierno no est\u00e9 ensimismado porque el presupuesto se lo consum\u00eda el mismo gobierno\u201d.<\/p>\n<p>Agreg\u00f3 que se reduce considerablemente el gasto de dichos organismos, que al igual que los aut\u00f3nomos, son lo mismo, \u201cuna gran farsa\u201d.<\/p>\n<p>Asegur\u00f3 que existen indicios de que el presidente de la Comisi\u00f3n Reguladora de Energ\u00eda (CRE), Guillermo Garc\u00eda Alcocer, incurri\u00f3 en conflicto de inter\u00e9s, en donde la cuesti\u00f3n de fondo es el enga\u00f1o al pueblo de M\u00e9xico, haciendo creer que se necesitaban instancias aut\u00f3nomas, de expertos independientes, porque el gobierno no pod\u00eda atender dichos asuntos, pero afortunadamente, ahora se est\u00e1n venciendo los plazos de algunos de sus integrantes \u201cy se van a limpiar, a purificar estas instancias que estaban al servicio de intereses particulares\u201d.<\/p>\n<p>L\u00f3pez Obrador precis\u00f3 que est\u00e1 en marcha un plan para sacar adelante la industria petrolera y el\u00e9ctrica, trabajando de manera coordinada con el sector privado, nacional y extranjero, se terminar\u00e1 con abusos y se eliminar\u00e1n aqu\u00e9llos aspectos que conduc\u00edan a la corrupci\u00f3n, \u201co a hacer negocios jugosos s\u00f3lo para particulares y malos negocios para la naci\u00f3n\u201d.<\/p>\n<p>El Ejecutivo federal expuso que en los casos en donde existan denuncias y procesos abiertos relacionados con presuntos abusos de integrantes del clero, seguir\u00e1n adelante, pero sin que exista confrontaci\u00f3n con ninguna iglesia: \u201cNo queremos confrontarnos con las iglesias, as\u00ed de claro, necesitamos la unidad nacional, estamos por la reconciliaci\u00f3n, desde luego si hay un proceso legal, no podemos taparlo, no podemos ser c\u00f3mplices\u201d.<\/p>\n<p style=\"text-align: center;\"><b>Cierre del penal de Islas Mar\u00edas<\/b><\/p>\n<p>Anunci\u00f3 el cierre de la Colonia Penal Federal Islas Mar\u00edas, para convertirla en un centro para las artes, la cultura y el conocimiento del medio ambiente.<\/p>\n<p>Precis\u00f3 que en esa prisi\u00f3n federal, establecida desde 1905, hay a la fecha 600 internos de baja peligrosidad, de los cuales 200 quedar\u00e1n en libertad en los pr\u00f3ximos d\u00edas. Los otros 400 reclusos ser\u00e1n reubicados en centros de readaptaci\u00f3n social que est\u00e9n cercanos a sus lugares de origen y a sus familias.<\/p>\n<p>\u201cLos seres humanos no son malos por naturaleza, son las circunstancias las que llevan a algunos a tomar el camino de las conductas antisociales\u201d, afirm\u00f3 L\u00f3pez Obrador, quien precis\u00f3 que en el pa\u00eds debemos tener m\u00e1s escuelas y menos c\u00e1rceles.<\/p>\n<p>Subray\u00f3 que ahora esa regi\u00f3n natural se transformar\u00e1 en un centro para las artes, la cultura y el conocimiento, principalmente del medio ambiente, ya que es uno de los lugares m\u00e1s bellos del pa\u00eds, donde la ni\u00f1os y j\u00f3venes podr\u00e1n realizar visitas y campamentos, al tiempo que conocer\u00e1n la historia del lugar.<\/p>\n","protected":false},"excerpt":{"rendered":"<p>El presidente Andr\u00e9s Manuel L\u00f3pez Obrador dijo que en las pasadas administraciones se creaban oficinas para simular la atenci\u00f3n a grupos vulnerables, en beneficio de pocas personas y con mucho gasto administrativo, por que ya firm\u00f3 un documento para que no se transfieran recursos a organizaciones sociales, sino que sea apoyo directo a los beneficiarios.<\/p>\n","protected":false},"author":1,"featured_media":415848,"comment_status":"open","ping_status":"open","sticky":false,"template":"","format":"standard","meta":{"_monsterinsights_skip_tracking":false,"_monsterinsights_sitenote_active":false,"_monsterinsights_sitenote_note":"","_monsterinsights_sitenote_category":0,"footnotes":""},"categories":[3],"tags":[1352,83013],"class_list":["post-415847","post","type-post","status-publish","format-standard","has-post-thumbnail","hentry","category-nacional","tag-andres-manuel-lopez-obrador","tag-islas-marias"],"_links":{"self":[{"href":"https:\/\/www.diarioimagen.net\/index.php?rest_route=\/wp\/v2\/posts\/415847","targetHints":{"allow":["GET"]}}],"collection":[{"href":"https:\/\/www.diarioimagen.net\/index.php?rest_route=\/wp\/v2\/posts"}],"about":[{"href":"https:\/\/www.diarioimagen.net\/index.php?rest_route=\/wp\/v2\/types\/post"}],"author":[{"embeddable":true,"href":"https:\/\/www.diarioimagen.net\/index.php?rest_route=\/wp\/v2\/users\/1"}],"replies":[{"embeddable":true,"href":"https:\/\/www.diarioimagen.net\/index.php?rest_route=%2Fwp%2Fv2%2Fcomments&post=415847"}],"version-history":[{"count":0,"href":"https:\/\/www.diarioimagen.net\/index.php?rest_route=\/wp\/v2\/posts\/415847\/revisions"}],"wp:featuredmedia":[{"embeddable":true,"href":"https:\/\/www.diarioimagen.net\/index.php?rest_route=\/wp\/v2\/media\/415848"}],"wp:attachment":[{"href":"https:\/\/www.diarioimagen.net\/index.php?rest_route=%2Fwp%2Fv2%2Fmedia&parent=415847"}],"wp:term":[{"taxonomy":"category","embeddable":true,"href":"https:\/\/www.diarioimagen.net\/index.php?rest_route=%2Fwp%2Fv2%2Fcategories&post=415847"},{"taxonomy":"post_tag","embeddable":true,"href":"https:\/\/www.diarioimagen.net\/index.php?rest_route=%2Fwp%2Fv2%2Ftags&post=415847"}],"curies":[{"name":"wp","href":"https:\/\/api.w.org\/{rel}","templated":true}]}}