{"id":415883,"date":"2019-02-19T00:04:28","date_gmt":"2019-02-19T06:04:28","guid":{"rendered":"https:\/\/www.diarioimagen.net\/?p=415883"},"modified":"2019-02-20T01:53:08","modified_gmt":"2019-02-20T07:53:08","slug":"pri-se-morenizara-e-ivonne","status":"publish","type":"post","link":"https:\/\/www.diarioimagen.net\/?p=415883","title":{"rendered":"PRI se morenizar\u00e1\u00a0\u00bfe Ivonne?"},"content":{"rendered":"<h2>Espacio Electoral<\/h2>\n<h5>Eleazar Flores<strong>\u00a0<\/strong><\/h5>\n<p>&nbsp;<\/p>\n<p>\u00bfQui\u00e9n decide en el PRI?-. En estos tiempos de incertidumbre tricolor, ac\u00e9falo visible de un comandante, la pr\u00f3xima renovaci\u00f3n de la dirigencia nacional pareciera estar ya definida con Alejandro Moreno C\u00e1rdenas, pol\u00edtico de cepa pero menos conocido que Ivonne Ortega Pacheco.<\/p>\n<p>La presentaci\u00f3n del a\u00fan gobernador de Campeche ante algunos medios capitalinos y la forma en que se desenvolvi\u00f3 advierten de una posible decisi\u00f3n tomada en su favor pero \u00bfpor qui\u00e9n o qui\u00e9nes? Hoy que padecen orfandad los otrora poderosos pri\u00edstas en v\u00edsperas de cambios.<\/p>\n<p>Dos pronunciamientos y una cuestionada compa\u00f1\u00eda destacan en la presentaci\u00f3n de Moreno C\u00e1rdenas ante los medios, quien no obstante su juventud cuarentona, su expediente partidista ya incluye cargos de elecci\u00f3n como sindicatura, diputaci\u00f3n local, diputaci\u00f3n federal, senadur\u00eda y por supuesto gubernatura. Esto adem\u00e1s de sus cargos en la dirigencia nacional tricolor.<\/p>\n<p>Los pronunciamientos: \u201cPor culpa de ustedes, (los corruptos), nosotros pagamos las consecuencias, por su corrupci\u00f3n, por la frivolidad, por el enriquecimiento, por compadrazgos, por todos sus errores y los nuestros\u201d, dijo Moreno asegurando en ese \u201custedes\u201d incluye al ex presidente Enrique Pe\u00f1a. \u201cTodos fuimos culpables porque no hablamos y permitimos tantas cosas.<\/p>\n<p>Respecto a otros posibles aspirantes a la presidencia del CEN del PRI ret\u00f3 a que \u201cquien quiera que se registre\u201d. La mancha que se aprecia en su aspiraci\u00f3n es llevar como compa\u00f1era para la secretar\u00eda general del CEN del PRI a Carolina Viggiano, esposa de Rub\u00e9n Moreira, ex gobernador de Coahuila, igual que su hermano Humberto y presumir adem\u00e1s que \u201cyo la invit\u00e9\u201d.<\/p>\n<p>Una inquietud en el pronunciamiento de Alejandro Moreno C\u00e1rdenas es definirse como un \u201cperro de caza\u201d, insinuando que ganar\u00e1 a qui\u00e9n o qui\u00e9nes se inscriban a buscar el mismo cargo en el PRI nacional.<span class=\"Apple-converted-space\">\u00a0<\/span><\/p>\n<p>Por eso de \u201cperro de caza\u201d fue inevitable compararlo con ya saben qui\u00e9n, cuando el entonces presidente de M\u00e9xico advirti\u00f3 \u201cDefender\u00e9 al peso como un perro\u201d, y qu\u00e9 tal nos fue.<\/p>\n<p>En un an\u00e1lisis superficial, la balanza de la militancia tricolor compar\u00f3 de inmediato a Alejandro Moreno C\u00e1rdenas con la ex gobernadora<span class=\"Apple-converted-space\">\u00a0 <\/span>yucateca Ivonne Ortega Pacheco, otra aspirante abierta a la dirigencia nacional del PRI y a quien le dan m\u00e1s merecimientos no solo por el hecho de ser mujer sino por haber dejado constancia y buenos resultados en todos los cargos desempe\u00f1ados.<\/p>\n<p>En sus lejanos tiempos de dirigente nacional pri\u00edsta, el sonorense Luis Donaldo Colosio respond\u00eda a la prensa cuando de escoger candidaturas a distintos cargos de elecci\u00f3n se trataba, \u201cla \u00fanica l\u00ednea es que no hay l\u00ednea\u201d.<\/p>\n<p>Dado el momento pri\u00edsta surgen dos preguntas: \u00bfHabr\u00e1 l\u00ednea? Y de ser as\u00ed, \u00bfqui\u00e9n la da en orfandad?<span class=\"Apple-converted-space\">\u00a0 \u00a0<\/span><\/p>\n<p><a href=\"mailto:elefa44@gmail.com\" target=\"_blank\" rel=\"noopener\"><em>elefa44@gmail.com<\/em><\/a><\/p>\n","protected":false},"excerpt":{"rendered":"<p><span style=\"color: #005497;\"><strong>Eleazar Flores<\/strong><\/span><\/p>\n","protected":false},"author":1,"featured_media":0,"comment_status":"open","ping_status":"open","sticky":false,"template":"","format":"standard","meta":{"_monsterinsights_skip_tracking":false,"_monsterinsights_sitenote_active":false,"_monsterinsights_sitenote_note":"","_monsterinsights_sitenote_category":0,"footnotes":""},"categories":[81743],"tags":[81744,81776,43674],"class_list":["post-415883","post","type-post","status-publish","format-standard","hentry","category-eleazar-flores","tag-eleazar-flores","tag-espacio-electoral","tag-opinion"],"_links":{"self":[{"href":"https:\/\/www.diarioimagen.net\/index.php?rest_route=\/wp\/v2\/posts\/415883","targetHints":{"allow":["GET"]}}],"collection":[{"href":"https:\/\/www.diarioimagen.net\/index.php?rest_route=\/wp\/v2\/posts"}],"about":[{"href":"https:\/\/www.diarioimagen.net\/index.php?rest_route=\/wp\/v2\/types\/post"}],"author":[{"embeddable":true,"href":"https:\/\/www.diarioimagen.net\/index.php?rest_route=\/wp\/v2\/users\/1"}],"replies":[{"embeddable":true,"href":"https:\/\/www.diarioimagen.net\/index.php?rest_route=%2Fwp%2Fv2%2Fcomments&post=415883"}],"version-history":[{"count":0,"href":"https:\/\/www.diarioimagen.net\/index.php?rest_route=\/wp\/v2\/posts\/415883\/revisions"}],"wp:attachment":[{"href":"https:\/\/www.diarioimagen.net\/index.php?rest_route=%2Fwp%2Fv2%2Fmedia&parent=415883"}],"wp:term":[{"taxonomy":"category","embeddable":true,"href":"https:\/\/www.diarioimagen.net\/index.php?rest_route=%2Fwp%2Fv2%2Fcategories&post=415883"},{"taxonomy":"post_tag","embeddable":true,"href":"https:\/\/www.diarioimagen.net\/index.php?rest_route=%2Fwp%2Fv2%2Ftags&post=415883"}],"curies":[{"name":"wp","href":"https:\/\/api.w.org\/{rel}","templated":true}]}}