{"id":415909,"date":"2019-02-20T00:09:23","date_gmt":"2019-02-20T06:09:23","guid":{"rendered":"https:\/\/www.diarioimagen.net\/?p=415909"},"modified":"2019-04-03T23:22:52","modified_gmt":"2019-04-04T05:22:52","slug":"critica-amlo-a-pan-y-dirigentes-del-pri-por-rechazar-guardia-nacional","status":"publish","type":"post","link":"https:\/\/www.diarioimagen.net\/?p=415909","title":{"rendered":"Hay un problema serio de violencia: L\u00f3pez Obrador"},"content":{"rendered":"<ul>\n<li><em><strong>\u201cUrgente, la Guardia Nacional\u201d<\/strong><\/em><\/li>\n<li><em><strong>\u201cQuienes hicieron del pa\u00eds un cementerio, ahora se dicen defensores de los derechos humanos\u201d<\/strong><\/em><\/li>\n<\/ul>\n<h6>Jos\u00e9 Luis Monta\u00f1ez<\/h6>\n<p>&nbsp;<\/p>\n<div id=\"attachment_415910\" style=\"width: 470px\" class=\"wp-caption aligncenter\"><img loading=\"lazy\" decoding=\"async\" aria-describedby=\"caption-attachment-415910\" class=\"size-large wp-image-415910\" src=\"https:\/\/www.diarioimagen.net\/wp-content\/uploads\/2019\/02\/AMLO20-PORTAL-460x268.jpg\" alt=\"\" width=\"460\" height=\"268\" srcset=\"https:\/\/www.diarioimagen.net\/wp-content\/uploads\/2019\/02\/AMLO20-PORTAL-460x268.jpg 460w, https:\/\/www.diarioimagen.net\/wp-content\/uploads\/2019\/02\/AMLO20-PORTAL-240x140.jpg 240w, https:\/\/www.diarioimagen.net\/wp-content\/uploads\/2019\/02\/AMLO20-PORTAL.jpg 480w\" sizes=\"auto, (max-width: 460px) 100vw, 460px\" \/><p id=\"caption-attachment-415910\" class=\"wp-caption-text\">Andr\u00e9s Manuel L\u00f3pez Obrador lament\u00f3 actitud de rechazo del PAN y de algunos dirigentes del PRI contra la creaci\u00f3n de la Guardia Nacional.<\/p><\/div>\n<p>&nbsp;<\/p>\n<p>El presidente Andr\u00e9s Manuel L\u00f3pez Obrador se\u00f1al\u00f3 que la actitud de rechazo del PAN y de algunos dirigentes del PRI contra la creaci\u00f3n de la Guardia Nacional no ayuda, por lo que confi\u00f3 en que modifiquen su postura porque hay un problema serio de inseguridad y de violencia que creci\u00f3, porque los gobiernos anteriores ni atendieron las causas ni la combatieron, s\u00f3lo simularon que enfrentaban el problema.<\/p>\n<p>En su conferencia de prensa matutina, el mandatario dijo que el asunto est\u00e1 por resolverse y aprovech\u00f3 para decirles a los legisladores que como titular del Ejecutivo no acepta la simulaci\u00f3n ni la reedici\u00f3n de la Polic\u00eda Federal.<\/p>\n<p>\u201cVamos a hablar con claridad para que los ciudadanos sepan qui\u00e9nes votaron a favor y qui\u00e9nes en contra y podamos transparentar todos estos procesos, no tienen por qu\u00e9 ocultarse, no tengo por qu\u00e9 callarme, no tengo ning\u00fan problema de conciencia.<\/p>\n<p>\u201cAhora resulta que los que utilizaron s\u00f3lo como recurso el uso de la fuerza en tiempos pasados y desataron la violencia y convirtieron al pa\u00eds en un cementerio, ahora dicen que son defensores de derechos humanos y que no quieren la militarizaci\u00f3n del pa\u00eds, cuando no es eso lo que se est\u00e1 proponiendo, lo que queremos es que haya seguridad p\u00fablica que se podamos resolver los problemas de homicidio, de robos que afectan a la poblaci\u00f3n.<\/p>\n<p>L\u00f3pez Obrador asegur\u00f3 que incluso la mayor\u00eda de los gobernadores pri\u00edstas, algunos de estados con altos \u00edndices de violencia apoyan su propuesta de Guardia Nacional como lo manifestaron en una reuni\u00f3n con la secretaria de Gobernaci\u00f3n, Olga S\u00e1nchez Cordero, para analizar el tema.<\/p>\n<p>En ese sentido, dijo, con respeto, a los legisladores que \u201cno acepto como titular del Ejecutivo la simulaci\u00f3n, una reedici\u00f3n de la Polic\u00eda Federal ser\u00eda lo mismo; y miren el resultado, no ha funcionado desde que se cre\u00f3 la Polic\u00eda Federal\u201d.<\/p>\n<p>Mencion\u00f3 que el Partido Acci\u00f3n Nacional est\u00e1 viendo esto como un asunto pol\u00edtico, quieren ellos utilizar esto como bandera para enfrentarnos pol\u00edticamente hablando, entonces es leg\u00edtimo, nadam\u00e1s que fuera m\u00e1scaras\u201d.<\/p>\n<p>El Presidente de la Rep\u00fablica dijo que es necesario poner en claro este asunto ya que se trata de la seguridad de los mexicanos, \u201cles puedo pelear en otras cosas, hay varios campos, adem\u00e1s somos distintos, diferentes, yo vengo de un movimiento liberal, yo sostengo, desde mi punto de vista, lo digo con todo respeto, que ellos son conservadores, que cada quien tome su camino, pero en esto hay que ser muy claros porque se trata de la seguridad p\u00fablica\u201d.<\/p>\n<p>Coment\u00f3 que informar\u00e1 respecto a qui\u00e9nes se pronuncien a favor y en contra de esta iniciativa, toda vez que la estrategia que se est\u00e1 planteando, \u201ces exactamente opuesta a lo que ellos llevaron a cabo y que produjo este desastre de inseguridad y de violencia, de asesinatos, de desaparecidos; entonces es muy hip\u00f3crita esa postura\u201d.<\/p>\n<p>Tambi\u00e9n, subray\u00f3, ha habido renuncias y cambios de consejeros en \u00f3rganos reguladores por lo que \u201ctenemos posibilidad de limpiar todo ese cochinero que dejaron con la reforma energ\u00e9tica sin necesidad de modificar ninguna ley, es facultad del titular del Ejecutivo presentar la terna para nuevos consejeros en esos organismos\u201d.<\/p>\n<p style=\"text-align: center;\"><strong>Rechaza persecuci\u00f3n contra titular de CRE<\/strong><\/p>\n<p>L\u00f3pez Obrador manifest\u00f3 su posici\u00f3n abierta de darle audiencia al titular de la Comisi\u00f3n Reguladora de Energ\u00eda (CRE), Guillermo Ignacio Garc\u00eda Alcocer, quien es investigado por autoridades federales respecto a un posible conflicto de inter\u00e9s durante su desempe\u00f1o, y se\u00f1al\u00f3 que lo recibir\u00e1 conforme a su agenda para escucharlo como lo tienen que hacer todas las autoridades.<\/p>\n<p>\u201cS\u00ed, estoy abierto porque es un derecho que tienen los ciudadanos, es un derecho de audiencia, los voy atender, los voy a recibir, nada m\u00e1s es un asunto de agenda\u201d, dijo. L\u00f3pez Obrador rechaz\u00f3 que exista una persecuci\u00f3n en contra del presidente de la CRE, luego de que \u00e9ste criticara la terna del gobierno federal para los comisionados.\u00a0 \u201cAntes de que \u00e9l criticara las ternas, ya se ten\u00eda la investigaci\u00f3n; puedo hasta pensar que por eso critic\u00f3 las ternas porque ya sab\u00eda que exist\u00eda una investigaci\u00f3n sobre conflicto de intereses\u201d.<\/p>\n<p style=\"text-align: center;\"><strong>Se transparentar\u00e1n los contratos de la CFE<\/strong><\/p>\n<p>Se\u00f1al\u00f3 que se transparentar\u00e1n los contratos de la Comisi\u00f3n Federal de Electricidad ya que \u201caunque parezca incre\u00edble hay contratos para compra de energ\u00eda por 40 a\u00f1os; le ped\u00ed al director de la CFE que hiciera una revisi\u00f3n con la esperanza de que vencieran en este sexenio para renegociar en beneficio de la naci\u00f3n, pero no\u201d, y adelant\u00f3 que legalmente no se puede revocar un contrato s\u00f3lo que hubiese alguna causa justificada.<\/p>\n<p>En otro tema, se pronunci\u00f3 en el sentido de que ser\u00eda una buena medida que mediante una decisi\u00f3n voluntaria, concertada, la empresa relacionada con la explosi\u00f3n en la mina de Pasta de Conchos lleve a cabo una exploraci\u00f3n para sacar los restos de los mineros que perecieron.<\/p>\n<p>\u201cCreo que eso ayudar\u00eda mucho en la reconciliaci\u00f3n entre las partes y en el marco de la reconciliaci\u00f3n nacional, que especialistas del mundo puedan opinar para que vean si es posible las excavaciones y se rescate los cuerpos es curar heridas\u201d, dijo.<\/p>\n<p>El mandatario record\u00f3 que se hizo una propuesta para legislar respecto de las notarias p\u00fablicas y de su acci\u00f3n, ya que en el pasado se ten\u00eda una pr\u00e1ctica vergonzosa en la que \u201ccada gobernador que termina entrega notarias a sus allegados\u201d.<\/p>\n<p>Insisti\u00f3 en que para combatir la inseguridad y la violencia es necesario atender las causas, por lo que luego de generar oportunidades para los j\u00f3venes de empleo y educaci\u00f3n, entre otras oportunidades para los distintos sectores de la poblaci\u00f3n se podr\u00eda revisar \u201clo del consumo de drogas no da\u00f1inas, no tan adictivas, tan peligrosas, si esto nos ayuda tambi\u00e9n para conseguir la paz\u201d.<\/p>\n<p>Record\u00f3 que se podr\u00e1 en marcha una campa\u00f1a para informar a los j\u00f3venes del peligro del consumo de drogas y buscar alejarlos de estas pr\u00e1cticas al tiempo que se pronunci\u00f3 a favor de que pudiera llevarse a cabo una campa\u00f1a similar en Estados Unidos y de manera conjunta atender las causas.<\/p>\n<p>Por otra parte, L\u00f3pez Obrador reiter\u00f3 la postura de la administraci\u00f3n federal de apoyar todas las pr\u00e1cticas deportivas, pero en el marco de la pol\u00edtica de austeridad y record\u00f3 que se impulsar\u00e1n distintas escuelas de formaci\u00f3n deportiva y entre las que ya se tienen contratadas destacan las de partidos de futbol americano o en su caso la F\u00f3rmula 1 si ya est\u00e1n firmados no se detendr\u00e1n ya que \u201csi no implica dinero, yo avalo\u201d.<\/p>\n","protected":false},"excerpt":{"rendered":"<p><span style=\"color: #005497;\">Jos\u00e9 Luis Monta\u00f1ez<\/span><br \/>\n<br \/>\nEl presidente Andr\u00e9s Manuel L\u00f3pez Obrador se\u00f1al\u00f3 que la actitud de rechazo del PAN y de algunos dirigentes del PRI contra la creaci\u00f3n de la Guardia Nacional no ayuda, por lo que confi\u00f3 en que modifiquen su postura porque hay un problema serio de inseguridad y de violencia que creci\u00f3, porque los gobiernos anteriores ni atendieron las causas ni la combatieron, s\u00f3lo simularon que enfrentaban el problema.<\/p>\n","protected":false},"author":5,"featured_media":415910,"comment_status":"open","ping_status":"open","sticky":false,"template":"","format":"standard","meta":{"_monsterinsights_skip_tracking":false,"_monsterinsights_sitenote_active":false,"_monsterinsights_sitenote_note":"","_monsterinsights_sitenote_category":0,"footnotes":""},"categories":[3],"tags":[2545,83019,1352,98,4160,43673,10638,1350,362],"class_list":["post-415909","post","type-post","status-publish","format-standard","has-post-thumbnail","hentry","category-nacional","tag-amlo","tag-amlo-a-pan","tag-andres-manuel-lopez-obrador","tag-camara-de-diputados","tag-guardia-nacional","tag-nacional","tag-olga-sanchez-cordero","tag-policia-federal","tag-pri"],"_links":{"self":[{"href":"https:\/\/www.diarioimagen.net\/index.php?rest_route=\/wp\/v2\/posts\/415909","targetHints":{"allow":["GET"]}}],"collection":[{"href":"https:\/\/www.diarioimagen.net\/index.php?rest_route=\/wp\/v2\/posts"}],"about":[{"href":"https:\/\/www.diarioimagen.net\/index.php?rest_route=\/wp\/v2\/types\/post"}],"author":[{"embeddable":true,"href":"https:\/\/www.diarioimagen.net\/index.php?rest_route=\/wp\/v2\/users\/5"}],"replies":[{"embeddable":true,"href":"https:\/\/www.diarioimagen.net\/index.php?rest_route=%2Fwp%2Fv2%2Fcomments&post=415909"}],"version-history":[{"count":0,"href":"https:\/\/www.diarioimagen.net\/index.php?rest_route=\/wp\/v2\/posts\/415909\/revisions"}],"wp:featuredmedia":[{"embeddable":true,"href":"https:\/\/www.diarioimagen.net\/index.php?rest_route=\/wp\/v2\/media\/415910"}],"wp:attachment":[{"href":"https:\/\/www.diarioimagen.net\/index.php?rest_route=%2Fwp%2Fv2%2Fmedia&parent=415909"}],"wp:term":[{"taxonomy":"category","embeddable":true,"href":"https:\/\/www.diarioimagen.net\/index.php?rest_route=%2Fwp%2Fv2%2Fcategories&post=415909"},{"taxonomy":"post_tag","embeddable":true,"href":"https:\/\/www.diarioimagen.net\/index.php?rest_route=%2Fwp%2Fv2%2Ftags&post=415909"}],"curies":[{"name":"wp","href":"https:\/\/api.w.org\/{rel}","templated":true}]}}