{"id":415935,"date":"2019-02-20T00:10:58","date_gmt":"2019-02-20T06:10:58","guid":{"rendered":"https:\/\/www.diarioimagen.net\/?p=415935"},"modified":"2019-02-20T01:44:25","modified_gmt":"2019-02-20T07:44:25","slug":"avanza-guardia-nacional-en-el-pleno-del-senado","status":"publish","type":"post","link":"https:\/\/www.diarioimagen.net\/?p=415935","title":{"rendered":"Avanza Guardia Nacional en el pleno del Senado"},"content":{"rendered":"<ul>\n<li><em><strong>Dictamen entra a primera lectura<\/strong><\/em><\/li>\n<li><em><strong>Grupos parlamentarios contin\u00faan trabajo de redacci\u00f3n de modificaciones<\/strong><\/em><\/li>\n<\/ul>\n<p>&nbsp;<\/p>\n<div id=\"attachment_416015\" style=\"width: 470px\" class=\"wp-caption aligncenter\"><a href=\"https:\/\/www.diarioimagen.net\/?attachment_id=416015\" rel=\"attachment wp-att-416015\"><img loading=\"lazy\" decoding=\"async\" aria-describedby=\"caption-attachment-416015\" class=\"size-large wp-image-416015\" src=\"https:\/\/www.diarioimagen.net\/wp-content\/uploads\/2019\/02\/SENADO20-460x259.jpg\" alt=\"\" width=\"460\" height=\"259\" srcset=\"https:\/\/www.diarioimagen.net\/wp-content\/uploads\/2019\/02\/SENADO20-460x259.jpg 460w, https:\/\/www.diarioimagen.net\/wp-content\/uploads\/2019\/02\/SENADO20-240x135.jpg 240w, https:\/\/www.diarioimagen.net\/wp-content\/uploads\/2019\/02\/SENADO20-235x132.jpg 235w, https:\/\/www.diarioimagen.net\/wp-content\/uploads\/2019\/02\/SENADO20-202x114.jpg 202w, https:\/\/www.diarioimagen.net\/wp-content\/uploads\/2019\/02\/SENADO20-350x196.jpg 350w, https:\/\/www.diarioimagen.net\/wp-content\/uploads\/2019\/02\/SENADO20-220x123.jpg 220w, https:\/\/www.diarioimagen.net\/wp-content\/uploads\/2019\/02\/SENADO20-237x132.jpg 237w, https:\/\/www.diarioimagen.net\/wp-content\/uploads\/2019\/02\/SENADO20.jpg 480w\" sizes=\"auto, (max-width: 460px) 100vw, 460px\" \/><\/a><p id=\"caption-attachment-416015\" class=\"wp-caption-text\">El presidente de la Mesa Directiva del Senado enter\u00f3 al pleno del dictamen sobre Guardia Nacional que se recibi\u00f3 de las comisiones.<\/p><\/div>\n<p>&nbsp;<\/p>\n<p>El Senado de la Rep\u00fablica dio entrada en primera lectura al dictamen de las comisiones unidas de Puntos Constitucionales y Estudios Legislativos Segunda, sobre la Guardia Nacional.<\/p>\n<p>Durante la sesi\u00f3n del martes, el presidente de la Mesa Directiva, Mart\u00ed Batres Guadarrama, enter\u00f3 al pleno del documento que se recibi\u00f3 de las comisiones y el cual fue aprobado por mayor\u00eda la noche del lunes.<\/p>\n<p>Conforme al procedimiento legislativo, el dictamen se discutir\u00e1 el pr\u00f3ximo jueves en lo general y en lo particular y, por tratarse de reformas constitucionales, requiere los votos de las dos terceras partes de los senadores presentes para su eventual aprobaci\u00f3n.<\/p>\n<p>En tanto, los diversos grupos parlamentarios representados en el Senado contin\u00faan el trabajo de redacci\u00f3n de las modificaciones al dictamen, que inici\u00f3 desde este mismo lunes, por acuerdo de la Junta de Coordinaci\u00f3n Pol\u00edtica (Jucopo).<\/p>\n<p>Aunque el dictamen que se aprob\u00f3 la noche del lunes y que se present\u00f3 este martes a primera lectura es el que envi\u00f3 la C\u00e1mara de Diputados, se espera que el jueves, en la discusi\u00f3n, se presenten los cambios que se hayan acordado en el grupo de trabajo que redacta las modificaciones.<\/p>\n<p>Hasta el momento, el dictamen que entr\u00f3 a primera lectura considera reformas a los art\u00edculos 21, 73, 76 y 89; adiciones a los art\u00edculos 13 y 21, y derogaciones a partes de los art\u00edculos 31, 36 y 78 todos de la Constituci\u00f3n Pol\u00edtica.<\/p>\n<p style=\"text-align: center;\"><strong>Sigue negociaci\u00f3n sobre <\/strong><strong>cambios a minuta: PAN<\/strong><\/p>\n<p>El coordinador de los senadores del PAN asegur\u00f3 que la negociaci\u00f3n sobre los cambios a la minuta de la Guardia Nacional \u201cno se ha quebrado\u201d, el trabajo contin\u00faa y el bloque de oposici\u00f3n sigue fuerte con sus seis o siete puntos irreductibles.<\/p>\n<p>Entrevistado previo a la sesi\u00f3n de ayer martes, Mauricio Kuri, coordinador del PAN en el Senado de la Rep\u00fablica, se\u00f1al\u00f3 que incluso varios legisladores de Morena y sus aliados est\u00e1n de acuerdo en que una Guardia Nacional militarizada \u201cno es lo mejor para el pa\u00eds\u201d.<\/p>\n<p>\u201cLa negociaci\u00f3n sigue su marcha\u201d, afirm\u00f3 el senador al explicar que si anoche el PAN se retir\u00f3 de las comisiones unidas de Puntos Constitucionales y Estudios Legislativos Segunda, es porque se puso a consideraci\u00f3n la misma minuta original, a la que no se le cambi\u00f3 nada, pese a las negociaciones en curso.<\/p>\n<p>Entre los puntos m\u00e1s importantes destacan que la guardia no sea militar, ni el personal se atenga al fuero militar y que se establezca la temporalidad, por cuatro a\u00f1os, a trav\u00e9s de un art\u00edculo cuarto transitorio, refiri\u00f3 Mauricio Kuri.<\/p>\n<p>Abund\u00f3 que \u201cno es momento de polarizar la pa\u00eds, sino de c\u00f3mo nos unimos para dejar un pa\u00eds en calma, pacificado y con polic\u00edas preparados y civiles, incluyendo consolidar a polic\u00edas estatales y municipales, con una Guardia Nacional civil\u201d.<\/p>\n<p>En ese sentido, confi\u00f3 en que por este tema no haya una divisi\u00f3n interna en el PRI entre sus gobernadores y sus senadores, \u201cestamos convencidos que no es tema de partidos, sino de causa com\u00fan, de tener una Guardia Nacional que le sirva al pa\u00eds y de car\u00e1cter civil\u201d.<\/p>\n<p>Respecto a la redacci\u00f3n de las adecuaciones al dictamen, dijo que siguen su curso y reiter\u00f3 su confianza en las ofertas que sobre esta materia ha hecho el coordinador de Morena en el Senado, pues consider\u00f3 que es una persona que honra su palabra.<\/p>\n<p>Reiter\u00f3 su rechazo al mando colegiado en la Guardia Nacional, por considerar que no funcionar\u00eda, como no funciona en empresas ni en instituciones tener dos mandos, porque la minuta todav\u00eda dice que el mando operativo sea militar y el administrativo, civil.<\/p>\n","protected":false},"excerpt":{"rendered":"<p>El Senado de la Rep\u00fablica dio entrada en primera lectura al dictamen de las comisiones unidas de Puntos Constitucionales y Estudios Legislativos Segunda, sobre la Guardia Nacional.<\/p>\n","protected":false},"author":3,"featured_media":416015,"comment_status":"open","ping_status":"open","sticky":false,"template":"","format":"standard","meta":{"_monsterinsights_skip_tracking":false,"_monsterinsights_sitenote_active":false,"_monsterinsights_sitenote_note":"","_monsterinsights_sitenote_category":0,"footnotes":""},"categories":[3,80806],"tags":[47414,4160,43673,116],"class_list":["post-415935","post","type-post","status-publish","format-standard","has-post-thumbnail","hentry","category-nacional","category-legislativo","tag-avanza","tag-guardia-nacional","tag-nacional","tag-senado-de-la-republica"],"_links":{"self":[{"href":"https:\/\/www.diarioimagen.net\/index.php?rest_route=\/wp\/v2\/posts\/415935","targetHints":{"allow":["GET"]}}],"collection":[{"href":"https:\/\/www.diarioimagen.net\/index.php?rest_route=\/wp\/v2\/posts"}],"about":[{"href":"https:\/\/www.diarioimagen.net\/index.php?rest_route=\/wp\/v2\/types\/post"}],"author":[{"embeddable":true,"href":"https:\/\/www.diarioimagen.net\/index.php?rest_route=\/wp\/v2\/users\/3"}],"replies":[{"embeddable":true,"href":"https:\/\/www.diarioimagen.net\/index.php?rest_route=%2Fwp%2Fv2%2Fcomments&post=415935"}],"version-history":[{"count":0,"href":"https:\/\/www.diarioimagen.net\/index.php?rest_route=\/wp\/v2\/posts\/415935\/revisions"}],"wp:featuredmedia":[{"embeddable":true,"href":"https:\/\/www.diarioimagen.net\/index.php?rest_route=\/wp\/v2\/media\/416015"}],"wp:attachment":[{"href":"https:\/\/www.diarioimagen.net\/index.php?rest_route=%2Fwp%2Fv2%2Fmedia&parent=415935"}],"wp:term":[{"taxonomy":"category","embeddable":true,"href":"https:\/\/www.diarioimagen.net\/index.php?rest_route=%2Fwp%2Fv2%2Fcategories&post=415935"},{"taxonomy":"post_tag","embeddable":true,"href":"https:\/\/www.diarioimagen.net\/index.php?rest_route=%2Fwp%2Fv2%2Ftags&post=415935"}],"curies":[{"name":"wp","href":"https:\/\/api.w.org\/{rel}","templated":true}]}}