{"id":416090,"date":"2019-02-20T00:01:04","date_gmt":"2019-02-20T06:01:04","guid":{"rendered":"https:\/\/www.diarioimagen.net\/?p=416090"},"modified":"2019-02-20T01:47:07","modified_gmt":"2019-02-20T07:47:07","slug":"polarizacion-por-guardia-nacional","status":"publish","type":"post","link":"https:\/\/www.diarioimagen.net\/?p=416090","title":{"rendered":"Polarizaci\u00f3n por Guardia Nacional"},"content":{"rendered":"<h2>La Retaguardia<\/h2>\n<h5>Adriana Moreno Cordero<\/h5>\n<p>&nbsp;<\/p>\n<ul>\n<li><em><strong>Apoyar nueva corporaci\u00f3n no significa sumisi\u00f3n a gobierno: Alejandro Murat<\/strong> <\/em><\/li>\n<\/ul>\n<p>&nbsp;<\/p>\n<p>En la cuenta regresiva del d\u00eda \u201cD\u201d de la Guardia Nacional previsto para ma\u00f1ana, las posiciones siguen muy polarizadas y de continuar la estrategia que ha seguido Morena en el Senado de la Rep\u00fablica, todo indica que la polarizaci\u00f3n crecer\u00e1.<\/p>\n<p>Por ejemplo, a la menor provocaci\u00f3n, los senadores del partido del presidente <strong>Andr\u00e9s Manuel L\u00f3pez Obrador<\/strong>, intentan lo que ya se conoce como \u201cmadruguete\u201d; ah\u00ed est\u00e1 que en comisiones y con la ausencia de la oposici\u00f3n, aprobaron el dictamen que supuestamente se discutir\u00e1 en el pleno este jueves.<\/p>\n<p>Desde luego, quien ha \u201ctirado\u201d tal \u201cl\u00ednea\u201d es el mism\u00edsimo jefe del Ejecutivo, que ya ha dado muestras de carecer de la estrategia m\u00e1s acertada que digamos, o sea, otra m\u00e1s y errada, aunque en todos estos d\u00edas, trabaje de tiempo completo en ella.<\/p>\n<p>En su conferencia ma\u00f1anera de ayer, se lanz\u00f3 a la yugular, -como acostumbra-, de todos aquellos (que son muchos, por cierto), que se atreven a cuestionar en este caso, su proyecto de Guardia Nacional, tr\u00e1tese de legisladores del PAN, o de pri\u00edstas que no est\u00e1n de acuerdo con la propuesta, o bien, las organizaciones civiles que insisten en que la Guardia Nacional est\u00e1 sumamente militarizada, \u201cle quieren dar como un toquecito civil, pero no se lo dan\u201d, ha dicho <strong>Mar\u00eda Elena Morera<\/strong>, de Causa Com\u00fan.<\/p>\n<p>El tabasque\u00f1o quiere sumisi\u00f3n y disciplina absoluta en este y otros temas; que nadie se atreva a chistar ni a cuestionar sus decisiones.<\/p>\n<p>Desde Coahuila, L\u00f3pez Obrador encabez\u00f3 la celebraci\u00f3n del 130 aniversario del Ej\u00e9rcito mexicano y todo su discurso gir\u00f3 en torno a la defensa de la Guardia Nacional, \u201cel pueblo necesita al Ej\u00e9rcito mexicano\u201d, dijo y confi\u00f3 en que \u00e9ste se volver\u00e1 aliado para combatir y abatir a la inseguridad. Ah\u00ed mismo refrend\u00f3 su confianza en que las Fuerzas Armadas han hecho un compromiso con el pueblo. \u00bfSer\u00e1?<\/p>\n<p>En suma, a pr\u00e1cticamente 24 horas de que se discuta el tema de la controvertida Guardia Nacional, la moneda sigue en el aire, pero si es acaso que se le hicieran cambios y, en una hip\u00f3tesis, se tuviera que regresar a la C\u00e1mara de Diputados, el Presidente har\u00eda un \u201cberrinche\u201d de pron\u00f3stico reservado.<\/p>\n<p style=\"text-align: center;\"><strong>Municiones<\/strong><\/p>\n<p>*** El gobernador de Oaxaca, <strong>Alejandro Murat<\/strong>, hizo sin duda, una aclaraci\u00f3n muy pertinente. \u00c9l fue de los mandatarios estatales del PRI que se reunieron en la Ciudad de M\u00e9xico para analizar el tan tra\u00eddo y llevado tema de la Guardia Nacional y fue enf\u00e1tico al se\u00f1alar que apoyar esta iniciativa, no significa, en modo alguno, sumisi\u00f3n al gobierno federal, \u201ces un tema de an\u00e1lisis, de criterio\u201d.<\/p>\n<p>Agreg\u00f3 que desde \u00e9pocas pasadas, el Estado\u00a0mexicano ha fallado en lo referente a la seguridad, \u201chacer las cosas de la misma manera nos va a llevar a donde estamos\u201d, por lo que el gobernador Murat dijo que hace falta un replanteamiento de la situaci\u00f3n. \u00bfAs\u00ed o m\u00e1s claro?<\/p>\n<p>*** Lo que es un hecho es que en la C\u00e1mara de Diputados, el PRD se est\u00e1 desgranando. Ayer se separ\u00f3 de su cargo de coordinador de la bancada del sol azteca, (o m\u00e1s bien lo que queda de este instituto pol\u00edtico) en San L\u00e1zaro, <strong>Ricardo Gallardo<\/strong>, junto con ocho legisladores m\u00e1s entre los que se cuentan al diputado <strong>H\u00e9ctor Serrano Cort\u00e9s<\/strong> para formar una bancada independiente.<\/p>\n<p>Es muy importante subrayar que Gallardo dijo que no se sumar\u00e1 a Morena ni buscar\u00e1 formar parte en el gobierno de la llamada Cuarta Transformaci\u00f3n ni tampoco buscar\u00e1 un cargo de elecci\u00f3n popular.<\/p>\n<p>Las razones por las cuales se dio esta nueva migraci\u00f3n, es porque los que quedan en el partido negro-amarillo, quieren individualizar su opini\u00f3n y el sentido de su voto, lo cual no era aceptado en el PRD, pero por lo visto, una peque\u00f1a c\u00fapula, ya se rob\u00f3 a ese instituto pol\u00edtico.<\/p>\n<p>Otra cuesti\u00f3n que Gallardo aclar\u00f3 es que no se va por la reciente expulsi\u00f3n del se\u00f1alado <strong>Mauricio Toledo<\/strong> de las filas del sol azteca, ojo, este controvertido personaje ya \u201camenaz\u00f3\u201d con irse a Morena.<\/p>\n<p>Finalmente, el diputado Gallardo record\u00f3 que por 12 a\u00f1os, el PRD acompa\u00f1\u00f3 al hoy presidente L\u00f3pez Obrador con una l\u00ednea ideol\u00f3gica y cuestion\u00f3 el por qu\u00e9 no acompa\u00f1ar iniciativas que tambi\u00e9n forman parte de la agenda del sol azteca.<\/p>\n<p>*** A prop\u00f3sito, el dirigente del cada vez m\u00e1s debilitado PRD, \u00c1<strong>ngel \u00c1vila<\/strong> declar\u00f3, en alusi\u00f3n a los que se fueron para formar una bancada independiente, que no necesita a los que se han rendido ante el gobierno federal, \u201cno importa si somos once o somos 15.<\/p>\n<p>Se quedan los que son diputados de izquierda\u201d, e hizo una sugerencia que seguramente tendr\u00e1 que demostrar y no tiene c\u00f3mo hacerlo: \u201chabr\u00eda que preguntarle a las bancadas mayoritarias qu\u00e9 ofrecieron\u201d. Por lo menos, Avila reconoce que hay que reconstruir a ese partido a partir de cero, que si no\u2026<\/p>\n<p>*** En Coahuila se conmemor\u00f3 un aniversario m\u00e1s de la tragedia ocurrida en la mina Pasta de Conchos, donde los cad\u00e1veres de alrededor de 65 mineros, siguen en la oscuridad. Pues resulta que ayer, afines ni m\u00e1s ni menos que al senador <strong>Napole\u00f3n G\u00f3mez Urrutia<\/strong>, hicieron varias actividades para recordar la fecha y esperaban que el l\u00edder minero los acompa\u00f1ara, pero a quien llaman \u201cNapito\u201d lleg\u00f3 m\u00e1s tarde porque acompa\u00f1\u00f3 al presidente a su gira por ese estado y su tardanza no impidi\u00f3 que esa conmemoraci\u00f3n se convirtiera en una especie de acto proselitista a su favor para medir el \u201cm\u00fasculo\u201d que tiene. \u00a1Que vueltas da la vida!<\/p>\n<p>*** Ya los \u201cmaestros\u201d de la Coordinadora Nacional de Trabajadores de la Educaci\u00f3n, est\u00e1n muy convencidos que en esta llamada Cuarta Transformaci\u00f3n, pueden hacer lo que les venga en gana, por lo menos, los de la secci\u00f3n 18 de Michoac\u00e1n.<\/p>\n<p>El gobierno que encabeza <strong>Silvano Aureoles Conejo<\/strong>, ya les reintegr\u00f3 lo que les hab\u00edan descontado por el paro que se les ocurri\u00f3 a los \u201cprofesores\u201d hacer en las v\u00edas f\u00e9rreas del estado, y que dej\u00f3 millonarias p\u00e9rdidas. As\u00ed los premia el presidente L\u00f3pez Obrador y ojo, ya amenazaron que cualquier cosita que vean en su contra, no tendr\u00e1n empacho alguno en plantarse de nuevo en las v\u00edas, lo dem\u00e1s, no les importa.<\/p>\n<p><a href=\"mailto:morcora@gmail.com\" target=\"_blank\" rel=\"noopener\"><em>morcora@gmail.com<\/em><\/a><\/p>\n","protected":false},"excerpt":{"rendered":"<p><span style=\"color: #005497;\"><strong>Adriana Moreno Cordero<\/strong><\/span><\/p>\n","protected":false},"author":3,"featured_media":0,"comment_status":"open","ping_status":"open","sticky":false,"template":"","format":"standard","meta":{"_monsterinsights_skip_tracking":false,"_monsterinsights_sitenote_active":false,"_monsterinsights_sitenote_note":"","_monsterinsights_sitenote_category":0,"footnotes":""},"categories":[69370],"tags":[69369,69368,43674],"class_list":["post-416090","post","type-post","status-publish","format-standard","hentry","category-adriana-moreno-cordero","tag-adriana-moreno-cordero","tag-la-retaguardia","tag-opinion"],"_links":{"self":[{"href":"https:\/\/www.diarioimagen.net\/index.php?rest_route=\/wp\/v2\/posts\/416090","targetHints":{"allow":["GET"]}}],"collection":[{"href":"https:\/\/www.diarioimagen.net\/index.php?rest_route=\/wp\/v2\/posts"}],"about":[{"href":"https:\/\/www.diarioimagen.net\/index.php?rest_route=\/wp\/v2\/types\/post"}],"author":[{"embeddable":true,"href":"https:\/\/www.diarioimagen.net\/index.php?rest_route=\/wp\/v2\/users\/3"}],"replies":[{"embeddable":true,"href":"https:\/\/www.diarioimagen.net\/index.php?rest_route=%2Fwp%2Fv2%2Fcomments&post=416090"}],"version-history":[{"count":0,"href":"https:\/\/www.diarioimagen.net\/index.php?rest_route=\/wp\/v2\/posts\/416090\/revisions"}],"wp:attachment":[{"href":"https:\/\/www.diarioimagen.net\/index.php?rest_route=%2Fwp%2Fv2%2Fmedia&parent=416090"}],"wp:term":[{"taxonomy":"category","embeddable":true,"href":"https:\/\/www.diarioimagen.net\/index.php?rest_route=%2Fwp%2Fv2%2Fcategories&post=416090"},{"taxonomy":"post_tag","embeddable":true,"href":"https:\/\/www.diarioimagen.net\/index.php?rest_route=%2Fwp%2Fv2%2Ftags&post=416090"}],"curies":[{"name":"wp","href":"https:\/\/api.w.org\/{rel}","templated":true}]}}