{"id":416097,"date":"2019-02-20T00:04:13","date_gmt":"2019-02-20T06:04:13","guid":{"rendered":"https:\/\/www.diarioimagen.net\/?p=416097"},"modified":"2019-02-21T01:22:35","modified_gmt":"2019-02-21T07:22:35","slug":"con-los-ninos-no-escasea-gasolina","status":"publish","type":"post","link":"https:\/\/www.diarioimagen.net\/?p=416097","title":{"rendered":"Con los ni\u00f1os, no; escasea gasolina"},"content":{"rendered":"<h2>Espacio Electoral<\/h2>\n<h5>Eleazar Flores<\/h5>\n<p>&nbsp;<\/p>\n<p><strong>\u00bfSER\u00c1 TAN DURO?<\/strong>-. Qu\u00e9 tenemos que hacer para que el Presidente de la Rep\u00fablica reaccione ante el dolor de las madres de los ni\u00f1os y la sonrisa de \u00e9stos, cuya expresi\u00f3n demuestra no s\u00f3lo su inocencia, sino el desconocimiento de que les quieren cerrar, suspender o desapoyar sus estancias.<\/p>\n<p>En s\u00edntesis, \u00e9ste fue el sentir de una afligida madre de familia de una de las centenas de estancias infantiles, cuyo funcionamiento est\u00e1 en peligro, \u201clo que de entrada ya preocupa, pero preocupa m\u00e1s la indiferencia presidencial ante uno de los problemas m\u00e1s sentidos, la atenci\u00f3n a la ni\u00f1ez\u201d.<\/p>\n<p>Esta es la ampliaci\u00f3n de la reflexi\u00f3n de la citada madre de familia, con la triple o m\u00faltiple funci\u00f3n de profesora en un plantel de educaci\u00f3n b\u00e1sica, usufructuaria de dicha estancia y por si fuera poco, esposa que tiene que atender no s\u00f3lo al marido, tambi\u00e9n a dos hijos m\u00e1s, uno en primaria y otro en secundaria, de ah\u00ed la necesidad insustituible de necesitar la estancia.<\/p>\n<p>Y es que no se debe limitar a que el infante recibe alimentaci\u00f3n adecuada a su edad en estas estancias, se trata del desarrollo integral que incluye juegos did\u00e1cticos propios a su edad, integraci\u00f3n l\u00fadico-grupal y ejercicios de maduraci\u00f3n, impartidos por personal especializado ll\u00e1mese educadoras, sic\u00f3logas, auxiliares y dem\u00e1s. Todo un ej\u00e9rcito de destacadas mujeres.<\/p>\n<p>Aceptando sin conceder -a\u00f1ade la afligida madre-esposa-trabajadora-, que hubiera algunos malos manejos o a lo mejor s\u00f3lo malentendidos en algunas de las estancias, el gobierno federal deber\u00eda actuar de inmediato en contra de esas estancias, pero no tomar la decisi\u00f3n de suspender el apoyo a todas, pues la mayor parte de ellas seguro que se manejan bien.Siendo as\u00ed, la gran mayor\u00eda de estancias sufren injusticias, pues se aplica el dicho de que \u201cpor unas pocas pagan todas\u201d. \u00bfQu\u00e9 hay qu\u00e9 hacer para que el Presidente se sensibilice ante la aflicci\u00f3n\u00a0 de las madres y el peligro de que muchos ni\u00f1os dejen de ser atendidos?\u201d, pregunta la mam\u00e1.<\/p>\n<p><strong>GASOLINA<\/strong>-. Entre que llegan y operan las pipas reci\u00e9n compradas para la distribuci\u00f3n de gasolina, \u00e9sta volvi\u00f3 a escasearse en gran parte del Valle de Toluca y quienes tienen informaci\u00f3n privilegiada anunciaron y tomaron providencias desde el viernes por la noche, pero la mayor\u00eda de compradores del combustible volvieron a sufrir casi todo el fin de semana.<\/p>\n<p>Imposible saber motivos de la nueva escasez y mayor preocupaci\u00f3n cuando los despachadores informan que \u201cno sabemos si esto seguir\u00e1\u201d. Por si fuera poco, adem\u00e1s de la escasez se sufre la carest\u00eda, pues en las gasolineras \u201cs\u00f3lo hay Premium\u201d, informan los empleados, por lo que a desembolsar m\u00e1s para llenar tanque.<\/p>\n<p><a href=\"mailto:elefa44@gmail.com\" target=\"_blank\" rel=\"noopener\"><em>elefa44@gmail.com<\/em><\/a><\/p>\n","protected":false},"excerpt":{"rendered":"<p><span style=\"color: #005497;\"><strong>Eleazar Flores<\/strong><\/span><\/p>\n","protected":false},"author":3,"featured_media":0,"comment_status":"open","ping_status":"open","sticky":false,"template":"","format":"standard","meta":{"_monsterinsights_skip_tracking":false,"_monsterinsights_sitenote_active":false,"_monsterinsights_sitenote_note":"","_monsterinsights_sitenote_category":0,"footnotes":""},"categories":[81743],"tags":[81744,81776,43674],"class_list":["post-416097","post","type-post","status-publish","format-standard","hentry","category-eleazar-flores","tag-eleazar-flores","tag-espacio-electoral","tag-opinion"],"_links":{"self":[{"href":"https:\/\/www.diarioimagen.net\/index.php?rest_route=\/wp\/v2\/posts\/416097","targetHints":{"allow":["GET"]}}],"collection":[{"href":"https:\/\/www.diarioimagen.net\/index.php?rest_route=\/wp\/v2\/posts"}],"about":[{"href":"https:\/\/www.diarioimagen.net\/index.php?rest_route=\/wp\/v2\/types\/post"}],"author":[{"embeddable":true,"href":"https:\/\/www.diarioimagen.net\/index.php?rest_route=\/wp\/v2\/users\/3"}],"replies":[{"embeddable":true,"href":"https:\/\/www.diarioimagen.net\/index.php?rest_route=%2Fwp%2Fv2%2Fcomments&post=416097"}],"version-history":[{"count":0,"href":"https:\/\/www.diarioimagen.net\/index.php?rest_route=\/wp\/v2\/posts\/416097\/revisions"}],"wp:attachment":[{"href":"https:\/\/www.diarioimagen.net\/index.php?rest_route=%2Fwp%2Fv2%2Fmedia&parent=416097"}],"wp:term":[{"taxonomy":"category","embeddable":true,"href":"https:\/\/www.diarioimagen.net\/index.php?rest_route=%2Fwp%2Fv2%2Fcategories&post=416097"},{"taxonomy":"post_tag","embeddable":true,"href":"https:\/\/www.diarioimagen.net\/index.php?rest_route=%2Fwp%2Fv2%2Ftags&post=416097"}],"curies":[{"name":"wp","href":"https:\/\/api.w.org\/{rel}","templated":true}]}}