{"id":416105,"date":"2019-02-20T00:07:49","date_gmt":"2019-02-20T06:07:49","guid":{"rendered":"https:\/\/www.diarioimagen.net\/?p=416105"},"modified":"2019-02-20T02:00:00","modified_gmt":"2019-02-20T08:00:00","slug":"nuestro-mundo-al-reves","status":"publish","type":"post","link":"https:\/\/www.diarioimagen.net\/?p=416105","title":{"rendered":"Nuestro mundo al rev\u00e9s"},"content":{"rendered":"<h2>Detr\u00e1s del Poder<\/h2>\n<h5>Jos\u00e9 Antonio L\u00f3pez Sosa<\/h5>\n<p>&nbsp;<\/p>\n<p>En M\u00e9xico vivimos una especie de retrospectiva si nos atenemos a los dichos y a los hechos tanto del presidente L\u00f3pez Obrador, como del ex presidente Felipe Calder\u00f3n:<\/p>\n<p>1) Felipe Calder\u00f3n sac\u00f3 al Ej\u00e9rcito a las calles de forma tumultuosa (ya hab\u00eda sido usado por Vicente Fox y Ernesto Zedillo en operativos espec\u00edficos) para garantizar, seg\u00fan \u00e9l, nuestra seguridad.<\/p>\n<p>2) Andr\u00e9s Manuel L\u00f3pez Obrador, entonces opositor al presidente, insist\u00eda en el riesgo de militarizar el pa\u00eds, conden\u00f3 en las plazas p\u00fablicas la decisi\u00f3n.<\/p>\n<p>3) Felipe Calder\u00f3n declar\u00f3 de facto la guerra al narcotr\u00e1fico (aunque al final de su administraci\u00f3n lo negara en el discurso), se militariz\u00f3 la seguridad p\u00fablica y se sumi\u00f3 al Ej\u00e9rcito mexicano en una crisis de credibilidad inaudita.<\/p>\n<p>4) Andr\u00e9s Manuel L\u00f3pez Obrador acus\u00f3 a Felipe Calder\u00f3n de usar al Ej\u00e9rcito sin estrategia y con un claro abuso sobre los derechos humanos.<\/p>\n<p>5) La estrategia de Felipe Calder\u00f3n dej\u00f3 miles y miles de muertos civiles, \u00e9l despectivamente le llam\u00f3 da\u00f1os colaterales, nunca acept\u00f3 que su estrategia fall\u00f3.<\/p>\n<p>6) Andr\u00e9s Manuel L\u00f3pez Obrador acus\u00f3 a Calder\u00f3n de generar un clima de inseguridad y muerte de inocentes, insisti\u00f3 en lo err\u00e1tica de su estrategia de militarizar al pa\u00eds.<\/p>\n<p>7) Lleg\u00f3 Enrique Pe\u00f1a Nieto al poder, la historia la conocemos y ni siquiera vale la pena distraernos con eso.<\/p>\n<p>8) Andr\u00e9s Manuel L\u00f3pez Obrador gana la elecci\u00f3n y propone crear una Guardia Nacional prioritariamente militar, contradiciendo sus dichos en la \u00faltima d\u00e9cada.<\/p>\n<p>9) Felipe Calder\u00f3n critica f\u00e9rreamente que el presidente L\u00f3pez Obrador use al Ej\u00e9rcito y propone fortalecer la Polic\u00eda Federal.<\/p>\n<p>10) El presidente L\u00f3pez Obrador niega que se est\u00e9 militarizando al pa\u00eds usando al Ej\u00e9rcito y la Marina a trav\u00e9s de la Guardia Nacional, a\u00fan cuando la obviedad demuestra lo contrario.<\/p>\n<p>11) Felipe Calder\u00f3n, ex presidente de M\u00e9xico, est\u00e1 contra el uso del Ej\u00e9rcito y la Marina en la Guardia Nacional.<\/p>\n<p>\u00bfQuien dijo qu\u00e9?<\/p>\n<p><em><a href=\"http:\/\/www.lopezsosa.com\" target=\"_blank\" rel=\"noopener\">www.lopezsosa.com<\/a><\/em><br \/>\n<em><a href=\"mailto:joseantonio@lopezsosa.com\" target=\"_blank\" rel=\"noopener\">joseantonio@lopezsosa.com<\/a><\/em><br \/>\n<em><a href=\"http:\/\/twitter.com\/joseantonio1977\" target=\"_blank\" rel=\"noopener\">@joseantonio197<\/a><\/em><\/p>\n","protected":false},"excerpt":{"rendered":"<p><span style=\"color: #005497;\"><strong>Jos\u00e9 Antonio L\u00f3pez Sosa<\/strong><\/span><\/p>\n","protected":false},"author":3,"featured_media":0,"comment_status":"open","ping_status":"open","sticky":false,"template":"","format":"standard","meta":{"_monsterinsights_skip_tracking":false,"_monsterinsights_sitenote_active":false,"_monsterinsights_sitenote_note":"","_monsterinsights_sitenote_category":0,"footnotes":""},"categories":[637],"tags":[638,43690,43674],"class_list":["post-416105","post","type-post","status-publish","format-standard","hentry","category-jose-antonio-lopez-sosa","tag-detras-del-poder","tag-jose-antonio-lopez-sosa","tag-opinion"],"_links":{"self":[{"href":"https:\/\/www.diarioimagen.net\/index.php?rest_route=\/wp\/v2\/posts\/416105","targetHints":{"allow":["GET"]}}],"collection":[{"href":"https:\/\/www.diarioimagen.net\/index.php?rest_route=\/wp\/v2\/posts"}],"about":[{"href":"https:\/\/www.diarioimagen.net\/index.php?rest_route=\/wp\/v2\/types\/post"}],"author":[{"embeddable":true,"href":"https:\/\/www.diarioimagen.net\/index.php?rest_route=\/wp\/v2\/users\/3"}],"replies":[{"embeddable":true,"href":"https:\/\/www.diarioimagen.net\/index.php?rest_route=%2Fwp%2Fv2%2Fcomments&post=416105"}],"version-history":[{"count":0,"href":"https:\/\/www.diarioimagen.net\/index.php?rest_route=\/wp\/v2\/posts\/416105\/revisions"}],"wp:attachment":[{"href":"https:\/\/www.diarioimagen.net\/index.php?rest_route=%2Fwp%2Fv2%2Fmedia&parent=416105"}],"wp:term":[{"taxonomy":"category","embeddable":true,"href":"https:\/\/www.diarioimagen.net\/index.php?rest_route=%2Fwp%2Fv2%2Fcategories&post=416105"},{"taxonomy":"post_tag","embeddable":true,"href":"https:\/\/www.diarioimagen.net\/index.php?rest_route=%2Fwp%2Fv2%2Ftags&post=416105"}],"curies":[{"name":"wp","href":"https:\/\/api.w.org\/{rel}","templated":true}]}}