{"id":416122,"date":"2019-02-21T00:06:59","date_gmt":"2019-02-21T06:06:59","guid":{"rendered":"https:\/\/www.diarioimagen.net\/?p=416122"},"modified":"2019-02-21T00:40:30","modified_gmt":"2019-02-21T06:40:30","slug":"entrega-gem-apoyos-economicos-a-los-jovenes","status":"publish","type":"post","link":"https:\/\/www.diarioimagen.net\/?p=416122","title":{"rendered":"Entrega GEM apoyos econ\u00f3micos a los j\u00f3venes"},"content":{"rendered":"<ul>\n<li><em><strong>Fomentar su capacitaci\u00f3n, el objetivo<\/strong><\/em><\/li>\n<\/ul>\n<p>&nbsp;<\/p>\n<div id=\"attachment_416123\" style=\"width: 470px\" class=\"wp-caption aligncenter\"><img loading=\"lazy\" decoding=\"async\" aria-describedby=\"caption-attachment-416123\" class=\"size-large wp-image-416123\" src=\"https:\/\/www.diarioimagen.net\/wp-content\/uploads\/2019\/02\/JOVENES21-portal-460x268.jpg\" alt=\"\" width=\"460\" height=\"268\" srcset=\"https:\/\/www.diarioimagen.net\/wp-content\/uploads\/2019\/02\/JOVENES21-portal-460x268.jpg 460w, https:\/\/www.diarioimagen.net\/wp-content\/uploads\/2019\/02\/JOVENES21-portal-240x140.jpg 240w, https:\/\/www.diarioimagen.net\/wp-content\/uploads\/2019\/02\/JOVENES21-portal.jpg 480w\" sizes=\"auto, (max-width: 460px) 100vw, 460px\" \/><p id=\"caption-attachment-416123\" class=\"wp-caption-text\">Benefician, en esta etapa, a 443 j\u00f3venes de los municipios de Naucalpan, Jilotzingo e Isidro Fabela.<\/p><\/div>\n<p>&nbsp;<\/p>\n<p><strong>Naucalpan, Estado de M\u00e9xico<\/strong>.- Con el objetivo de garantizar el desarrollo integral de la juventud, as\u00ed como fortalecer y fomentar su capacitaci\u00f3n, expresi\u00f3n cultural, art\u00edstica, educaci\u00f3n y salud, el Gobierno del Estado de M\u00e9xico que encabeza Alfredo Del Mazo Maza, entreg\u00f3 apoyos econ\u00f3micos a 443 j\u00f3venes de los municipios de Naucalpan, Jilotzingo e Isidro Fabela.<\/p>\n<p>Lo anterior se realiz\u00f3 a trav\u00e9s del\u00a0 Instituto Mexiquense de la Juventud (IMEJ), organismo sectorizado a la Secretar\u00eda de Desarrollo Social, el cual por medio del Programa J\u00f3venes en Movimiento Edom\u00e9x busca fortalecer y desarrollar las actividades de las y los j\u00f3venes estudiantes de entre de 18 a 29 a\u00f1os de edad, que desempe\u00f1an actividades profesionales y que de igual forma, contribuyen al desarrollo de su entorno social, personal y familiar.<\/p>\n<p>\u201cUstedes son el presente del Estado de M\u00e9xico y as\u00ed tienen que asumir, con esa enorme responsabilidad, ese presente, cu\u00e1l es el Estado que quieren, a d\u00f3nde quieren caminar, con el pa\u00eds que estamos so\u00f1ando y c\u00f3mo lo tenemos que construir\u201d, expres\u00f3 a los j\u00f3venes Eric Sevilla Montes de Oca, Secretario del ramo, en el marco del evento.<\/p>\n<p>\u201cSon tiempos de construir, de que nos sumemos todos, de que trabajemos de la mano, sin estar pensando en colores o ideolog\u00edas, y m\u00e1s bien pensar en ustedes, los j\u00f3venes, por ser quienes tendr\u00e1n que sobrellevar en los pr\u00f3ximos a\u00f1os y en los pr\u00f3ximos tiempos a nuestro pa\u00eds\u201d, precis\u00f3.<\/p>\n<p>La Presidenta municipal de Naucalpan, Patricia Dur\u00e1n Reveles, subray\u00f3 su compromiso de trabajar con el Gobierno del Estado de M\u00e9xico y destac\u00f3 la relevancia de apoyar a los j\u00f3venes a trav\u00e9s de estas acciones.<\/p>\n<p>Por su parte, Mar\u00eda Monserrath Sobreyra Santos, Directora General del IMEJ, detall\u00f3 que el apoyo entregado consisti\u00f3 en 6 mil pesos depositados en una tarjeta bancaria, en una sola exhibici\u00f3n y se cubrir\u00e1 todo el territorio estatal.<\/p>\n","protected":false},"excerpt":{"rendered":"<p> Con el objetivo de garantizar el desarrollo integral de la juventud, as\u00ed como fortalecer y fomentar su capacitaci\u00f3n, expresi\u00f3n cultural, art\u00edstica, educaci\u00f3n y salud, el Gobierno del Estado de M\u00e9xico que encabeza Alfredo Del Mazo Maza, entreg\u00f3 apoyos econ\u00f3micos a 443 j\u00f3venes de los municipios de Naucalpan, Jilotzingo e Isidro Fabela.<\/p>\n","protected":false},"author":5,"featured_media":416123,"comment_status":"open","ping_status":"open","sticky":false,"template":"","format":"standard","meta":{"_monsterinsights_skip_tracking":false,"_monsterinsights_sitenote_active":false,"_monsterinsights_sitenote_note":"","_monsterinsights_sitenote_category":0,"footnotes":""},"categories":[35155],"tags":[2505,45212,1720,260,970],"class_list":["post-416122","post","type-post","status-publish","format-standard","has-post-thumbnail","hentry","category-estado-de-mexico-estado-de-mexico","tag-alfredo-del-mazo-maza","tag-comision-de-agua-del-estado-de-mexico","tag-gem","tag-jovenes","tag-naucalpan"],"_links":{"self":[{"href":"https:\/\/www.diarioimagen.net\/index.php?rest_route=\/wp\/v2\/posts\/416122","targetHints":{"allow":["GET"]}}],"collection":[{"href":"https:\/\/www.diarioimagen.net\/index.php?rest_route=\/wp\/v2\/posts"}],"about":[{"href":"https:\/\/www.diarioimagen.net\/index.php?rest_route=\/wp\/v2\/types\/post"}],"author":[{"embeddable":true,"href":"https:\/\/www.diarioimagen.net\/index.php?rest_route=\/wp\/v2\/users\/5"}],"replies":[{"embeddable":true,"href":"https:\/\/www.diarioimagen.net\/index.php?rest_route=%2Fwp%2Fv2%2Fcomments&post=416122"}],"version-history":[{"count":0,"href":"https:\/\/www.diarioimagen.net\/index.php?rest_route=\/wp\/v2\/posts\/416122\/revisions"}],"wp:featuredmedia":[{"embeddable":true,"href":"https:\/\/www.diarioimagen.net\/index.php?rest_route=\/wp\/v2\/media\/416123"}],"wp:attachment":[{"href":"https:\/\/www.diarioimagen.net\/index.php?rest_route=%2Fwp%2Fv2%2Fmedia&parent=416122"}],"wp:term":[{"taxonomy":"category","embeddable":true,"href":"https:\/\/www.diarioimagen.net\/index.php?rest_route=%2Fwp%2Fv2%2Fcategories&post=416122"},{"taxonomy":"post_tag","embeddable":true,"href":"https:\/\/www.diarioimagen.net\/index.php?rest_route=%2Fwp%2Fv2%2Ftags&post=416122"}],"curies":[{"name":"wp","href":"https:\/\/api.w.org\/{rel}","templated":true}]}}