{"id":416164,"date":"2019-02-21T00:10:30","date_gmt":"2019-02-21T06:10:30","guid":{"rendered":"https:\/\/www.diarioimagen.net\/?p=416164"},"modified":"2019-02-21T04:50:21","modified_gmt":"2019-02-21T10:50:21","slug":"la-uaem-capacita-a-odontologos-del-isem","status":"publish","type":"post","link":"https:\/\/www.diarioimagen.net\/?p=416164","title":{"rendered":"La UAEM capacita a odont\u00f3logos del ISEM"},"content":{"rendered":"<ul>\n<li><strong><em>Acciones emprendidas para prevenir y combatir el c\u00e1ncer bucal<\/em><\/strong><\/li>\n<\/ul>\n<p>&nbsp;<\/p>\n<div id=\"attachment_416269\" style=\"width: 310px\" class=\"wp-caption alignleft\"><a href=\"https:\/\/www.diarioimagen.net\/?attachment_id=416269\" rel=\"attachment wp-att-416269\"><img loading=\"lazy\" decoding=\"async\" aria-describedby=\"caption-attachment-416269\" class=\" wp-image-416269\" src=\"https:\/\/www.diarioimagen.net\/wp-content\/uploads\/2019\/02\/UAEM-21-307x460.jpg\" alt=\"\" width=\"300\" height=\"450\" srcset=\"https:\/\/www.diarioimagen.net\/wp-content\/uploads\/2019\/02\/UAEM-21-307x460.jpg 307w, https:\/\/www.diarioimagen.net\/wp-content\/uploads\/2019\/02\/UAEM-21-160x240.jpg 160w, https:\/\/www.diarioimagen.net\/wp-content\/uploads\/2019\/02\/UAEM-21.jpg 467w\" sizes=\"auto, (max-width: 300px) 100vw, 300px\" \/><\/a><p id=\"caption-attachment-416269\" class=\"wp-caption-text\">La capacitaci\u00f3n a odont\u00f3logos forma parte de\u00a0las acciones emprendidas para prevenir y combatir el c\u00e1ncer bucal.<\/p><\/div>\n<p><strong>Toluca, Estado de M\u00e9xico<\/strong>.-La Universidad Aut\u00f3noma del Estado de M\u00e9xico capacita a 900 odont\u00f3logos del Instituto de Salud del Estado de M\u00e9xico (ISEM) para la detecci\u00f3n y atenci\u00f3n del c\u00e1ncer bucal.<\/p>\n<p>El coordinador de la Cl\u00ednica Orocentro de la Facultad de Odontolog\u00eda de la Aut\u00f3noma mexiquense, V\u00edctor Hugo Toral Rizo, indic\u00f3 que esta casa de estudios es la \u00fanica instancia de car\u00e1cter p\u00fablico en la entidad que cuenta con una cl\u00ednica especializada en la detecci\u00f3n de c\u00e1ncer bucal y brinda atenci\u00f3n a la poblaci\u00f3n en general.<\/p>\n<p>Explic\u00f3 que la capacitaci\u00f3n a estos odont\u00f3logos ocurre en el marco del convenio de colaboraci\u00f3n signado entre la UAEM y el ISEM; asimismo, forma parte de las acciones emprendidas para prevenir y combatir el c\u00e1ncer bucal, cuyo grupo de riesgo son los hombres mayores de 50 a\u00f1os que consumen tabaco y bebidas alcoh\u00f3licas.<\/p>\n<p>El trabajo colaborativo de ambas instancias, precis\u00f3, tiene como prop\u00f3sito generar una red de referencia y contrareferencia, es decir, cuando los odont\u00f3logos identifiquen a un paciente con determinada lesi\u00f3n bucal ser\u00e1 canalizado para ser atendido en la Cl\u00ednica Orocentro de la Facultad de Odontolog\u00eda, donde se le realizar\u00e1 un diagn\u00f3stico m\u00e1s preciso.<\/p>\n<p>En una siguiente etapa, manifest\u00f3 V\u00edctor Hugo Toral Rizo, se llevar\u00e1 a cabo una campa\u00f1a informativa para que la poblaci\u00f3n est\u00e9 en condiciones de realizarse una autoexploraci\u00f3n y pueda identificar determinadas anomal\u00edas que podr\u00edan derivar en un c\u00e1ncer bucal.<\/p>\n","protected":false},"excerpt":{"rendered":"<p>La Universidad Aut\u00f3noma del Estado de M\u00e9xico capacita a 900 odont\u00f3logos del Instituto de Salud del Estado de M\u00e9xico (ISEM) para la detecci\u00f3n y atenci\u00f3n del c\u00e1ncer bucal.<\/p>\n","protected":false},"author":3,"featured_media":416271,"comment_status":"open","ping_status":"open","sticky":false,"template":"","format":"standard","meta":{"_monsterinsights_skip_tracking":false,"_monsterinsights_sitenote_active":false,"_monsterinsights_sitenote_note":"","_monsterinsights_sitenote_category":0,"footnotes":""},"categories":[5],"tags":[43675,13566,452,1491],"class_list":["post-416164","post","type-post","status-publish","format-standard","has-post-thumbnail","hentry","category-estado-de-mexico","tag-estado-de-mexico","tag-isem","tag-toluca","tag-uaem"],"_links":{"self":[{"href":"https:\/\/www.diarioimagen.net\/index.php?rest_route=\/wp\/v2\/posts\/416164","targetHints":{"allow":["GET"]}}],"collection":[{"href":"https:\/\/www.diarioimagen.net\/index.php?rest_route=\/wp\/v2\/posts"}],"about":[{"href":"https:\/\/www.diarioimagen.net\/index.php?rest_route=\/wp\/v2\/types\/post"}],"author":[{"embeddable":true,"href":"https:\/\/www.diarioimagen.net\/index.php?rest_route=\/wp\/v2\/users\/3"}],"replies":[{"embeddable":true,"href":"https:\/\/www.diarioimagen.net\/index.php?rest_route=%2Fwp%2Fv2%2Fcomments&post=416164"}],"version-history":[{"count":0,"href":"https:\/\/www.diarioimagen.net\/index.php?rest_route=\/wp\/v2\/posts\/416164\/revisions"}],"wp:featuredmedia":[{"embeddable":true,"href":"https:\/\/www.diarioimagen.net\/index.php?rest_route=\/wp\/v2\/media\/416271"}],"wp:attachment":[{"href":"https:\/\/www.diarioimagen.net\/index.php?rest_route=%2Fwp%2Fv2%2Fmedia&parent=416164"}],"wp:term":[{"taxonomy":"category","embeddable":true,"href":"https:\/\/www.diarioimagen.net\/index.php?rest_route=%2Fwp%2Fv2%2Fcategories&post=416164"},{"taxonomy":"post_tag","embeddable":true,"href":"https:\/\/www.diarioimagen.net\/index.php?rest_route=%2Fwp%2Fv2%2Ftags&post=416164"}],"curies":[{"name":"wp","href":"https:\/\/api.w.org\/{rel}","templated":true}]}}