{"id":416169,"date":"2019-02-21T00:08:47","date_gmt":"2019-02-21T06:08:47","guid":{"rendered":"https:\/\/www.diarioimagen.net\/?p=416169"},"modified":"2019-02-21T22:57:02","modified_gmt":"2019-02-22T04:57:02","slug":"arranca-la-aeroexpo-2019-en-aeropuerto-de-toluca","status":"publish","type":"post","link":"https:\/\/www.diarioimagen.net\/?p=416169","title":{"rendered":"Arranca la Aeroexpo 2019 en Aeropuerto de Toluca"},"content":{"rendered":"<h2>Arco Norte<\/h2>\n<h5>Jos\u00e9 Luis Monta\u00f1ez Aguilar<\/h5>\n<p>&nbsp;<\/p>\n<p><a href=\"https:\/\/www.diarioimagen.net\/?attachment_id=416274\" rel=\"attachment wp-att-416274\"><img loading=\"lazy\" decoding=\"async\" class=\"aligncenter size-large wp-image-416274\" src=\"https:\/\/www.diarioimagen.net\/wp-content\/uploads\/2019\/02\/aero-460x259.jpg\" alt=\"\" width=\"460\" height=\"259\" srcset=\"https:\/\/www.diarioimagen.net\/wp-content\/uploads\/2019\/02\/aero-460x259.jpg 460w, https:\/\/www.diarioimagen.net\/wp-content\/uploads\/2019\/02\/aero-240x135.jpg 240w, https:\/\/www.diarioimagen.net\/wp-content\/uploads\/2019\/02\/aero-235x132.jpg 235w, https:\/\/www.diarioimagen.net\/wp-content\/uploads\/2019\/02\/aero-202x114.jpg 202w, https:\/\/www.diarioimagen.net\/wp-content\/uploads\/2019\/02\/aero-350x196.jpg 350w, https:\/\/www.diarioimagen.net\/wp-content\/uploads\/2019\/02\/aero-220x123.jpg 220w, https:\/\/www.diarioimagen.net\/wp-content\/uploads\/2019\/02\/aero-237x132.jpg 237w, https:\/\/www.diarioimagen.net\/wp-content\/uploads\/2019\/02\/aero.jpg 480w\" sizes=\"auto, (max-width: 460px) 100vw, 460px\" \/><\/a><\/p>\n<p>&nbsp;<\/p>\n<p>Con la participaci\u00f3n de m\u00e1s de 130 expositores especializados en aeron\u00e1utica, inici\u00f3 en la entidad la 16\u00aa Exposici\u00f3n y Convenci\u00f3n Internacional de Aviaci\u00f3n \u201cAeroExpo 2019\u201d.<\/p>\n<p>Durante la ceremonia inaugural, que tuvo como marco las instalaciones del Aeropuerto Internacional de Toluca (AIT), el subsecretario de Transporte de la Secretar\u00eda de Comunicaciones y Transportes (SCT), Carlos Mor\u00e1n Moguel, anunci\u00f3 que en los pr\u00f3ximos meses se pondr\u00e1 en marcha la primera Agencia Federal de Aviaci\u00f3n en el pa\u00eds, con el fin de fortalecer las capacidades reguladoras para garantizar la seguridad en la operaci\u00f3n de vuelos y realizar la investigaci\u00f3n de accidentes a\u00e9reos.<\/p>\n<p>El subsecretario de Transporte se\u00f1al\u00f3 que, como un objetivo para los pr\u00f3ximos a\u00f1os, es que todos los aeropuertos del pa\u00eds cuenten con el sistema de operaci\u00f3n y navegaci\u00f3n satelital Performance-based navigation.<\/p>\n<p>El Aeropuerto Internacional de Toluca y el de la Ciudad de M\u00e9xico ser\u00e1n los primeros en contar con esta innovaci\u00f3n tecnol\u00f3gica.<\/p>\n<p>Por su parte, Alexandro Argud\u00edn Le Roy, director y administrador aeroportuario del AIT, enfatiz\u00f3 que el sector aeron\u00e1utico en M\u00e9xico se encuentra en un momento clave para su desarrollo.<\/p>\n<p>Record\u00f3 que \u201cel gobierno de la Rep\u00fablica ha anunciado su inter\u00e9s por impulsar el Sistema Metropolitano de Aeropuertos, proyecto que busca coordinar las operaciones de los \u00a0aer\u00f3dromos internacionales de Ciudad de M\u00e9xico, Santa Luc\u00eda y Toluca.<\/p>\n<p>Espec\u00edficamente en el AIT se prev\u00e9 la construcci\u00f3n de una segunda pista, acci\u00f3n que sumar\u00e1 facilidades para el desahogo de la saturaci\u00f3n a\u00e9rea en el centro del pa\u00eds\u201d.<\/p>\n<p>Argud\u00edn Le Roy afirm\u00f3 que por su infraestructura, ubicaci\u00f3n y tecnolog\u00eda operativa, el Aeropuerto Internacional de Toluca est\u00e1 listo para ayudar a fortalecer el papel competitivo de nuestro pa\u00eds en el \u00e1mbito de la aviaci\u00f3n internacional.<\/p>\n<p>Finalmente, Alfredo Vel\u00e1zquez Maciel, presidente del Consejo de Administraci\u00f3n de la AeroExpo 2019, expres\u00f3 que este evento promueve el intercambio comercial, el encuentro de la comunidad aeron\u00e1utica, as\u00ed como el primer contacto de personas interesadas en la aviaci\u00f3n e hizo votos para que se siga consolidando.<\/p>\n<p>Tras realizar el corte de list\u00f3n con el que dieron inicio las actividades de la Aeroexpo 2019, las autoridades invitadas, expositores y asistentes realizaron un recorrido por la exhibici\u00f3n est\u00e1tica de aeronaves instalada en la plataforma de aviaci\u00f3n comercial del AIT, en la que se pueden admirar m\u00e1s de 30 aeronaves entre jets ejecutivos de largo alcance y helic\u00f3pteros de prestigiosas marcas, as\u00ed como firmas de mantenimiento, capacitaci\u00f3n y \u00a0taxis a\u00e9reos.<\/p>\n<p>Este evento que se realizar\u00e1 del 20 al 22 de febrero, tiene como sedes simult\u00e1neas al aer\u00f3dromo mexiquense y al Centro de Convenciones y Exposiciones de Toluca, ambos escenarios est\u00e1n enlazados con un servicio de transporte gratuito para visitantes y expositores.<\/p>\n<p>Para mayor informaci\u00f3n sobre el programa de AeroExpo, consulta la p\u00e1gina www.aeroexpo.mx<\/p>\n<p><em><a href=\"mailto:montanezaguilar@gmail.com\" target=\"_blank\" rel=\"noopener\">montanezaguilar@gmail.com<\/a><\/em><\/p>\n","protected":false},"excerpt":{"rendered":"<p><span style=\"color: #005497;\">Jos\u00e9 Luis Monta\u00f1ez Aguilar<\/span><br \/>\n<br \/>\nCon la participaci\u00f3n de m\u00e1s de 130 expositores especializados en aeron\u00e1utica, inici\u00f3 en la entidad la 16\u00aa Exposici\u00f3n y Convenci\u00f3n Internacional de Aviaci\u00f3n \u201cAeroExpo 2019\u201d.<\/p>\n","protected":false},"author":3,"featured_media":416274,"comment_status":"open","ping_status":"open","sticky":false,"template":"","format":"standard","meta":{"_monsterinsights_skip_tracking":false,"_monsterinsights_sitenote_active":false,"_monsterinsights_sitenote_note":"","_monsterinsights_sitenote_category":0,"footnotes":""},"categories":[5],"tags":[13284,43704,43674],"class_list":["post-416169","post","type-post","status-publish","format-standard","has-post-thumbnail","hentry","category-estado-de-mexico","tag-arco-norte","tag-jose-luis-montanez-aguilar","tag-opinion"],"_links":{"self":[{"href":"https:\/\/www.diarioimagen.net\/index.php?rest_route=\/wp\/v2\/posts\/416169","targetHints":{"allow":["GET"]}}],"collection":[{"href":"https:\/\/www.diarioimagen.net\/index.php?rest_route=\/wp\/v2\/posts"}],"about":[{"href":"https:\/\/www.diarioimagen.net\/index.php?rest_route=\/wp\/v2\/types\/post"}],"author":[{"embeddable":true,"href":"https:\/\/www.diarioimagen.net\/index.php?rest_route=\/wp\/v2\/users\/3"}],"replies":[{"embeddable":true,"href":"https:\/\/www.diarioimagen.net\/index.php?rest_route=%2Fwp%2Fv2%2Fcomments&post=416169"}],"version-history":[{"count":0,"href":"https:\/\/www.diarioimagen.net\/index.php?rest_route=\/wp\/v2\/posts\/416169\/revisions"}],"wp:featuredmedia":[{"embeddable":true,"href":"https:\/\/www.diarioimagen.net\/index.php?rest_route=\/wp\/v2\/media\/416274"}],"wp:attachment":[{"href":"https:\/\/www.diarioimagen.net\/index.php?rest_route=%2Fwp%2Fv2%2Fmedia&parent=416169"}],"wp:term":[{"taxonomy":"category","embeddable":true,"href":"https:\/\/www.diarioimagen.net\/index.php?rest_route=%2Fwp%2Fv2%2Fcategories&post=416169"},{"taxonomy":"post_tag","embeddable":true,"href":"https:\/\/www.diarioimagen.net\/index.php?rest_route=%2Fwp%2Fv2%2Ftags&post=416169"}],"curies":[{"name":"wp","href":"https:\/\/api.w.org\/{rel}","templated":true}]}}