{"id":416174,"date":"2019-02-21T00:09:51","date_gmt":"2019-02-21T06:09:51","guid":{"rendered":"https:\/\/www.diarioimagen.net\/?p=416174"},"modified":"2019-02-21T22:57:59","modified_gmt":"2019-02-22T04:57:59","slug":"enlista-amlo-delitos-por-los-que-se-enjuiciaria-a-5-ex-presidentes","status":"publish","type":"post","link":"https:\/\/www.diarioimagen.net\/?p=416174","title":{"rendered":"Enlista AMLO delitos por los que se enjuiciar\u00eda a 5 ex presidentes"},"content":{"rendered":"<ul>\n<li><strong><em>De Carlos Salinas a Pe\u00f1a Nieto<\/em><\/strong><\/li>\n<li><strong><em>El Presidente dijo que \u201clos corruptos ya no tendr\u00e1n derecho a fianza\u201d con reforma constitucional<\/em><\/strong><\/li>\n<\/ul>\n<h6>Jos\u00e9 Luis Monta\u00f1ez<\/h6>\n<p>&nbsp;<\/p>\n<p><a href=\"https:\/\/www.diarioimagen.net\/?attachment_id=416288\" rel=\"attachment wp-att-416288\"><img loading=\"lazy\" decoding=\"async\" class=\"aligncenter size-large wp-image-416288\" src=\"https:\/\/www.diarioimagen.net\/wp-content\/uploads\/2019\/02\/AMLO21ok-460x259.jpg\" alt=\"\" width=\"460\" height=\"259\" srcset=\"https:\/\/www.diarioimagen.net\/wp-content\/uploads\/2019\/02\/AMLO21ok-460x259.jpg 460w, https:\/\/www.diarioimagen.net\/wp-content\/uploads\/2019\/02\/AMLO21ok-240x135.jpg 240w, https:\/\/www.diarioimagen.net\/wp-content\/uploads\/2019\/02\/AMLO21ok-235x132.jpg 235w, https:\/\/www.diarioimagen.net\/wp-content\/uploads\/2019\/02\/AMLO21ok-202x114.jpg 202w, https:\/\/www.diarioimagen.net\/wp-content\/uploads\/2019\/02\/AMLO21ok-350x196.jpg 350w, https:\/\/www.diarioimagen.net\/wp-content\/uploads\/2019\/02\/AMLO21ok-220x123.jpg 220w, https:\/\/www.diarioimagen.net\/wp-content\/uploads\/2019\/02\/AMLO21ok-237x132.jpg 237w, https:\/\/www.diarioimagen.net\/wp-content\/uploads\/2019\/02\/AMLO21ok.jpg 480w\" sizes=\"auto, (max-width: 460px) 100vw, 460px\" \/><\/a><\/p>\n<p>&nbsp;<\/p>\n<p>El presidente Andr\u00e9s Manuel L\u00f3pez Obrador celebr\u00f3 que diputados hayan aumentado el cat\u00e1logo de delitos que ameritan prisi\u00f3n preventiva, al aprobar reforma al Art\u00edculo 19 constitucional.<\/p>\n<p>\u201cFue un paso importante, en la C\u00e1mara de Diputados se aprueban como delitos graves la corrupci\u00f3n, lo del fraude electoral, lo del robo de combustible.<\/p>\n<p>\u201cEso es muy bueno, que el cat\u00e1logo de delitos graves se haya ampliado\u201d, dijo el mandatario durante su conferencia matutina, realizada ahora desde la s\u00e9ptima zona militar, en Nuevo Le\u00f3n.<\/p>\n<p>El Presidente dijo que \u201clos corruptos ya no tendr\u00e1n derecho a fianza\u201d. \u201cEn un pa\u00eds donde impera la corrupci\u00f3n no se consideraba delito grave y ahora no tendr\u00e1n derecho a fianza los corruptos.<\/p>\n<p>\u201cS\u00ed fue una muy buena decisi\u00f3n la que tomaron los legisladores. No s\u00e9 c\u00f3mo estuvo la votaci\u00f3n, se necesitaba mayor\u00eda calificada. Yo creo que fue una buena decisi\u00f3n, mi felicitaci\u00f3n para que se convierta en delito grave la corrupci\u00f3n, el fraude y el robo de combustible, porque en un pa\u00eds donde impera la corrupci\u00f3n no se consideraba delito grave y ahora no tendr\u00e1n derecho a fianza los corruptos\u201d, destac\u00f3 el mandatario.<\/p>\n<p style=\"text-align: center;\"><strong>Delitos por los que se enjuiciar\u00eda a ex presidentes<\/strong><\/p>\n<p>L\u00f3pez Obrador enlist\u00f3 los delitos por los que los mexicanos podr\u00edan votar si se enjuicia o no a los ex presidentes, aunque insisti\u00f3 en que para \u00e9l lo mejor es comprometerse a que no habr\u00e1 corrupci\u00f3n en el futuro y no perseguir a sus antecesores.<\/p>\n<p>\u201cCuando se haga la consulta que el ciudadano diga s\u00ed queremos enjuiciar a Salinas porque entreg\u00f3 empresas p\u00fablicas a particulares y a sus allegados; queremos enjuiciar a Zedillo porque convirti\u00f3 las deudas de unos cuantos en deuda p\u00fablica con el Fobaproa.<\/p>\n<p>\u201cQueremos enjuiciar a Fox por traidor a la patria, porque despu\u00e9s de llegar prometiendo un cambio manipul\u00f3 el sistema para el fraude e impuso a Calder\u00f3n; queremos enjuiciar a Calder\u00f3n porque us\u00f3 la fuerza y convirti\u00f3 al pa\u00eds en un cementerio y queremos enjuiciar a Pe\u00f1a por corrupci\u00f3n\u201d, dijo L\u00f3pez Obrador en Nuevo Le\u00f3n.<\/p>\n<p>Asegur\u00f3 que para \u00e9l, juzgar a sus antecesores deber\u00e1 ser una decisi\u00f3n del pueblo para \u201cque ya no se est\u00e9 manipulando con meter a la c\u00e1rcel a chivos expiatorios cuando los de arriba se mantienen intocables\u201d.<\/p>\n<p>AMLO esperar\u00e1 a que los legisladores aprueben la reforma al art\u00edculo 35 para eliminar restricciones a las consultas p\u00fablicas.<\/p>\n<p>Entre los cambios propuestos por Morena destacan que las consultas se puedan realizar una vez al a\u00f1o, que puedan ser convocadas por el Congreso, el Presidente o dos por ciento de la lista nominal y que sea vinculatoria cuando participe al menos 40 por ciento de la lista nominal.<\/p>\n","protected":false},"excerpt":{"rendered":"<p><span style=\"color: #005497;\">Jos\u00e9 Luis Monta\u00f1ez<\/span><br \/>\n<br \/>\nNacional, enjuiciar, ex presidente, Vicente Fox Quesada, Felipe Calder\u00f3n Hinojosa, Ernesto Zedillo Ponce de Le\u00f3n, Carlos Salinas de Gortari, Enrique Pe\u00f1a Nieto, <\/p>\n","protected":false},"author":3,"featured_media":416288,"comment_status":"open","ping_status":"open","sticky":false,"template":"","format":"standard","meta":{"_monsterinsights_skip_tracking":false,"_monsterinsights_sitenote_active":false,"_monsterinsights_sitenote_note":"","_monsterinsights_sitenote_category":0,"footnotes":""},"categories":[3],"tags":[800,83059,18,4266,9326,34996,43673,5194],"class_list":["post-416174","post","type-post","status-publish","format-standard","has-post-thumbnail","hentry","category-nacional","tag-carlos-salinas-de-gortari","tag-enjuiciar","tag-enrique-pena-nieto","tag-ernesto-zedillo-ponce-de-leon","tag-ex-presidente","tag-felipe-calderon-hinojosa","tag-nacional","tag-vicente-fox-quesada"],"_links":{"self":[{"href":"https:\/\/www.diarioimagen.net\/index.php?rest_route=\/wp\/v2\/posts\/416174","targetHints":{"allow":["GET"]}}],"collection":[{"href":"https:\/\/www.diarioimagen.net\/index.php?rest_route=\/wp\/v2\/posts"}],"about":[{"href":"https:\/\/www.diarioimagen.net\/index.php?rest_route=\/wp\/v2\/types\/post"}],"author":[{"embeddable":true,"href":"https:\/\/www.diarioimagen.net\/index.php?rest_route=\/wp\/v2\/users\/3"}],"replies":[{"embeddable":true,"href":"https:\/\/www.diarioimagen.net\/index.php?rest_route=%2Fwp%2Fv2%2Fcomments&post=416174"}],"version-history":[{"count":0,"href":"https:\/\/www.diarioimagen.net\/index.php?rest_route=\/wp\/v2\/posts\/416174\/revisions"}],"wp:featuredmedia":[{"embeddable":true,"href":"https:\/\/www.diarioimagen.net\/index.php?rest_route=\/wp\/v2\/media\/416288"}],"wp:attachment":[{"href":"https:\/\/www.diarioimagen.net\/index.php?rest_route=%2Fwp%2Fv2%2Fmedia&parent=416174"}],"wp:term":[{"taxonomy":"category","embeddable":true,"href":"https:\/\/www.diarioimagen.net\/index.php?rest_route=%2Fwp%2Fv2%2Fcategories&post=416174"},{"taxonomy":"post_tag","embeddable":true,"href":"https:\/\/www.diarioimagen.net\/index.php?rest_route=%2Fwp%2Fv2%2Ftags&post=416174"}],"curies":[{"name":"wp","href":"https:\/\/api.w.org\/{rel}","templated":true}]}}