{"id":416185,"date":"2019-02-21T00:10:14","date_gmt":"2019-02-21T06:10:14","guid":{"rendered":"https:\/\/www.diarioimagen.net\/?p=416185"},"modified":"2019-02-21T04:00:27","modified_gmt":"2019-02-21T10:00:27","slug":"protestan-desplazados-tras-dejarlos-plantados","status":"publish","type":"post","link":"https:\/\/www.diarioimagen.net\/?p=416185","title":{"rendered":"Protestan desplazados, tras dejarlos \u201cplantados\u201d"},"content":{"rendered":"<ul>\n<li><strong><em>Dan paso libre en caseta de cobro en Tlalpan<\/em><\/strong><\/li>\n<\/ul>\n<p>&nbsp;<\/p>\n<p><a href=\"https:\/\/www.diarioimagen.net\/?attachment_id=416277\" rel=\"attachment wp-att-416277\"><img loading=\"lazy\" decoding=\"async\" class=\"size-large wp-image-416277 aligncenter\" src=\"https:\/\/www.diarioimagen.net\/wp-content\/uploads\/2019\/02\/DESPLAZADOS21-460x259.jpg\" alt=\"\" width=\"460\" height=\"259\" srcset=\"https:\/\/www.diarioimagen.net\/wp-content\/uploads\/2019\/02\/DESPLAZADOS21-460x259.jpg 460w, https:\/\/www.diarioimagen.net\/wp-content\/uploads\/2019\/02\/DESPLAZADOS21-240x135.jpg 240w, https:\/\/www.diarioimagen.net\/wp-content\/uploads\/2019\/02\/DESPLAZADOS21-235x132.jpg 235w, https:\/\/www.diarioimagen.net\/wp-content\/uploads\/2019\/02\/DESPLAZADOS21-202x114.jpg 202w, https:\/\/www.diarioimagen.net\/wp-content\/uploads\/2019\/02\/DESPLAZADOS21-350x196.jpg 350w, https:\/\/www.diarioimagen.net\/wp-content\/uploads\/2019\/02\/DESPLAZADOS21-220x123.jpg 220w, https:\/\/www.diarioimagen.net\/wp-content\/uploads\/2019\/02\/DESPLAZADOS21-237x132.jpg 237w, https:\/\/www.diarioimagen.net\/wp-content\/uploads\/2019\/02\/DESPLAZADOS21.jpg 480w\" sizes=\"auto, (max-width: 460px) 100vw, 460px\" \/><\/a><\/p>\n<p>&nbsp;<\/p>\n<p>Familias desplazada del estado de Guerrero tomaron ayer la caseta de cobro de Tlalpan, luego que el secretario de Seguridad P\u00fablica y Protecci\u00f3n Ciudadana, Alfonso Durazo, los dejara plantados.<\/p>\n<p>El martes, a las 5:00 horas, antes de entrar a Palacio Nacional para la reuni\u00f3n de seguridad con el presidente Andr\u00e9s Manuel L\u00f3pez Obrador, Durazo se acerc\u00f3 a las v\u00edctimas y les ofreci\u00f3 recibir a una comisi\u00f3n para atender su caso.<\/p>\n<p>Posteriormente, personal de la Secretar\u00eda dijo a los manifestantes que la reuni\u00f3n ser\u00eda con otro funcionario, sin embargo, ninguno de los encuentros ocurri\u00f3. \u201cNosotros, como somos ignorantes, pues nos emocionamos cuando nos reciben un oficio, pensamos que ahora s\u00ed nos van a hacer caso; ahora imag\u00ednese que un secretario diga que se va reunir contigo\u201d, cont\u00f3 Cresencio, habitante de Campo de Aviaci\u00f3n.<\/p>\n<p>Desde el domingo llegaron a las puertas de Palacio Nacional un grupo de aproximadamente 300 personas, entre ellas 77 ni\u00f1os, en representaci\u00f3n de m\u00e1s de mil 500 desplazados, principalmente de Zitlala y Leonardo Bravo.<\/p>\n<p>Ante la falta de un compromiso del gobierno federal para que repliegue a los grupos armados de Guerrero, que no les permiten regresar a sus comunidades, un grupo de desplazados tom\u00f3 la caseta de Tlalpan.<\/p>\n<p>Permitieron que los automovilistas entraran o salieran de la ciudad sin pagar la cuota .<\/p>\n<p style=\"text-align: center;\"><strong>Mantendr\u00e1n plant\u00f3n en el Z\u00f3calo<\/strong><\/p>\n<p>El grupo de personas que sali\u00f3 del estado de Guerrero, debido a la violencia sufrida en sus comunidades mantiene su plant\u00f3n frente al Palacio Nacional en el Centro Hist\u00f3rico de la Ciudad de M\u00e9xico, donde instalaron tiendas de campa\u00f1a y una carpa para cocinar.<\/p>\n<p>\u201cLa gente est\u00e1 aqu\u00ed porque se considera que es la \u00faltima esperanza de soluci\u00f3n para este problema\u201d, expres\u00f3 Manuel Olivares Hern\u00e1ndez, del Centro Regional de Defensa de Derechos Humanos Jos\u00e9 Mar\u00eda Morelos y Pav\u00f3n, con sede en Chilapa de \u00c1lvarez, Guerrero.<\/p>\n<p>Agreg\u00f3 que \u201cla gente m\u00e1s que nada est\u00e1 aguantando aqu\u00ed; pero la desesperaci\u00f3n y la esperanza de poderse llevar una soluci\u00f3n de aqu\u00ed es lo que los mantiene; saben que en otro lado no va a haber soluci\u00f3n y las cartas est\u00e1n apostadas a favor del presidente en cuanto a la soluci\u00f3n\u201d.<\/p>\n<p>En ese sentido reiter\u00f3 la intenci\u00f3n de las personas desplazadas de conseguir una reuni\u00f3n con L\u00f3pez Obrador, por lo que \u201cla decisi\u00f3n de la gente es permanecer aqu\u00ed hasta que se tenga esa audiencia y se d\u00e9 respuesta a las demandas\u201d.<\/p>\n<p>Agreg\u00f3 que para continuar este plant\u00f3n han recurrido a otras acciones como la toma de la caseta de cobro de Tlalpan en la carretera M\u00e9xico-Cuernavaca, \u201cde hecho es la forma de allegar recursos para mantener a toda la gente que aqu\u00ed estamos\u201d, aproximadamente 300 personas.<\/p>\n","protected":false},"excerpt":{"rendered":"<p>Familias desplazada del estado de  Guerrero tomaron ayer la caseta de cobro de Tlalpan, luego que el secretario de Seguridad P\u00fablica y Protecci\u00f3n Ciudadana, Alfonso Durazo, los dejara plantados.<\/p>\n","protected":false},"author":3,"featured_media":416277,"comment_status":"open","ping_status":"open","sticky":false,"template":"","format":"standard","meta":{"_monsterinsights_skip_tracking":false,"_monsterinsights_sitenote_active":false,"_monsterinsights_sitenote_note":"","_monsterinsights_sitenote_category":0,"footnotes":""},"categories":[3],"tags":[83063,3244,43673,83062,12784],"class_list":["post-416185","post","type-post","status-publish","format-standard","has-post-thumbnail","hentry","category-nacional","tag-desplazaados","tag-guerrero","tag-nacional","tag-plantados","tag-protesta"],"_links":{"self":[{"href":"https:\/\/www.diarioimagen.net\/index.php?rest_route=\/wp\/v2\/posts\/416185","targetHints":{"allow":["GET"]}}],"collection":[{"href":"https:\/\/www.diarioimagen.net\/index.php?rest_route=\/wp\/v2\/posts"}],"about":[{"href":"https:\/\/www.diarioimagen.net\/index.php?rest_route=\/wp\/v2\/types\/post"}],"author":[{"embeddable":true,"href":"https:\/\/www.diarioimagen.net\/index.php?rest_route=\/wp\/v2\/users\/3"}],"replies":[{"embeddable":true,"href":"https:\/\/www.diarioimagen.net\/index.php?rest_route=%2Fwp%2Fv2%2Fcomments&post=416185"}],"version-history":[{"count":0,"href":"https:\/\/www.diarioimagen.net\/index.php?rest_route=\/wp\/v2\/posts\/416185\/revisions"}],"wp:featuredmedia":[{"embeddable":true,"href":"https:\/\/www.diarioimagen.net\/index.php?rest_route=\/wp\/v2\/media\/416277"}],"wp:attachment":[{"href":"https:\/\/www.diarioimagen.net\/index.php?rest_route=%2Fwp%2Fv2%2Fmedia&parent=416185"}],"wp:term":[{"taxonomy":"category","embeddable":true,"href":"https:\/\/www.diarioimagen.net\/index.php?rest_route=%2Fwp%2Fv2%2Fcategories&post=416185"},{"taxonomy":"post_tag","embeddable":true,"href":"https:\/\/www.diarioimagen.net\/index.php?rest_route=%2Fwp%2Fv2%2Ftags&post=416185"}],"curies":[{"name":"wp","href":"https:\/\/api.w.org\/{rel}","templated":true}]}}