{"id":416193,"date":"2019-02-21T00:08:08","date_gmt":"2019-02-21T06:08:08","guid":{"rendered":"https:\/\/www.diarioimagen.net\/?p=416193"},"modified":"2019-02-21T04:24:00","modified_gmt":"2019-02-21T10:24:00","slug":"instalan-comite-de-planeacion-para-el-desarrollo-en-tultepec","status":"publish","type":"post","link":"https:\/\/www.diarioimagen.net\/?p=416193","title":{"rendered":"Instalan Comit\u00e9 de Planeaci\u00f3n para el Desarrollo en Tultepec"},"content":{"rendered":"<ul>\n<li><strong><em>La planeaci\u00f3n da certeza y viabilidad a programas<\/em><\/strong><\/li>\n<\/ul>\n<p>&nbsp;<\/p>\n<div id=\"attachment_416292\" style=\"width: 470px\" class=\"wp-caption aligncenter\"><a href=\"https:\/\/www.diarioimagen.net\/?attachment_id=416292\" rel=\"attachment wp-att-416292\"><img loading=\"lazy\" decoding=\"async\" aria-describedby=\"caption-attachment-416292\" class=\"size-large wp-image-416292\" src=\"https:\/\/www.diarioimagen.net\/wp-content\/uploads\/2019\/02\/tultepec-1-460x216.jpg\" alt=\"\" width=\"460\" height=\"216\" srcset=\"https:\/\/www.diarioimagen.net\/wp-content\/uploads\/2019\/02\/tultepec-1-460x216.jpg 460w, https:\/\/www.diarioimagen.net\/wp-content\/uploads\/2019\/02\/tultepec-1-240x113.jpg 240w, https:\/\/www.diarioimagen.net\/wp-content\/uploads\/2019\/02\/tultepec-1.jpg 700w\" sizes=\"auto, (max-width: 460px) 100vw, 460px\" \/><\/a><p id=\"caption-attachment-416292\" class=\"wp-caption-text\">Con los Consejos de Participaci\u00f3n Ciudadana y delegados; se celebr\u00f3 el\u00a0Primer Foro de Consulta y Recepci\u00f3n de Propuestas Rumbo al Plan de Desarrollo Municipal 2019-2021.<\/p><\/div>\n<p>&nbsp;<\/p>\n<p><strong>Tultepec, Estado de M\u00e9xico<\/strong>.- Ante la presencia de Roberto Carlos Estrada Mercado, asesor t\u00e9cnico y subdirector de Concertaci\u00f3n Ciudadana del Comit\u00e9 de Planeaci\u00f3n para Desarrollo del Estado de M\u00e9xico (Copladem), fue integrado el Comit\u00e9 de Planeaci\u00f3n para el Desarrollo Municipal de Tultepec (Copladem).<\/p>\n<p>Ello, en cumplimiento al mandato constitucional que decreta la planeaci\u00f3n democr\u00e1tica como una pol\u00edtica de estado, para impulsar los mecanismos que fortalezcan la participaci\u00f3n ciudadana en acciones de gobierno, explic\u00f3 Armando Cervantes Punzo, director de Administraci\u00f3n, Planeaci\u00f3n y Evaluaci\u00f3n y secretario t\u00e9cnico del Copladem. Dijo que \u201cuna planeaci\u00f3n s\u00f3lida y congruente con la realidad social y econ\u00f3mica del municipio, representa certeza y viabilidad en el quehacer gubernamental, que se traducir\u00e1 ineludiblemente en un crecimiento arm\u00f3nico poblacional y de mejora en la calidad de vida de los tultepequenses\u201d. En este marco, con la participaci\u00f3n de al menos 35 autoridades auxiliares representantes de las diferentes comunidades de todo el municipio, como son presidentes de los Consejos de Participaci\u00f3n Ciudadana (Copaci) y delegados; se celebr\u00f3 el\u00a0Primer Foro de Consulta y Recepci\u00f3n de Propuestas Rumbo al Plan de Desarrollo Municipal 2019-2021.<\/p>\n<p>De esta forma, el gobierno de Tultepec permite y coordina la participaci\u00f3n democr\u00e1tica donde los habitantes ejercen a cabalidad su poder ciudadano, facultados para participar en la generaci\u00f3n, implementaci\u00f3n y evaluaci\u00f3n de las pol\u00edticas p\u00fablicas de beneficio com\u00fan.<\/p>\n<p>El Copladem es el \u00f3rgano facultado para tal encomienda, en \u00e9l participan representantes de diversos sectores de la poblaci\u00f3n como el social, el privado y dese luego el gubernamental; quienes promueven en todo momento la funci\u00f3n decisoria de la ciudadan\u00eda.<\/p>\n<p>Este organismo operar\u00e1 los mecanismos de concertaci\u00f3n, participaci\u00f3n y coordinaci\u00f3n con la ciudadan\u00eda y organizaciones civiles y privadas; cuya correcta operaci\u00f3n y cabal cumplimiento, va encaminado al crecimiento del municipio en concordancia con los dem\u00e1s \u00f3rdenes de gobierno.<\/p>\n<p>Durante la sesi\u00f3n, los integrantes del organismo tambi\u00e9n aprobaron los mecanismos que el Copladem utilizar\u00e1 para integrar la participaci\u00f3n ciudadana y la recepci\u00f3n de propuestas susceptibles de ser integradas en el Plan de Desarrollo Municipal 2019-2021.<\/p>\n","protected":false},"excerpt":{"rendered":"<p>Ante la presencia de Roberto Carlos Estrada Mercado, asesor t\u00e9cnico y subdirector de Concertaci\u00f3n Ciudadana del Comit\u00e9 de Planeaci\u00f3n para Desarrollo del Estado de M\u00e9xico (Copladem), fue integrado el Comit\u00e9 de Planeaci\u00f3n para el Desarrollo Municipal de Tultepec (Copladem).<\/p>\n","protected":false},"author":3,"featured_media":416292,"comment_status":"open","ping_status":"open","sticky":false,"template":"","format":"standard","meta":{"_monsterinsights_skip_tracking":false,"_monsterinsights_sitenote_active":false,"_monsterinsights_sitenote_note":"","_monsterinsights_sitenote_category":0,"footnotes":""},"categories":[35155],"tags":[83068,83067,43675,3802],"class_list":["post-416193","post","type-post","status-publish","format-standard","has-post-thumbnail","hentry","category-estado-de-mexico-estado-de-mexico","tag-copladem","tag-desarrollo-en-tultepec","tag-estado-de-mexico","tag-tultepec"],"_links":{"self":[{"href":"https:\/\/www.diarioimagen.net\/index.php?rest_route=\/wp\/v2\/posts\/416193","targetHints":{"allow":["GET"]}}],"collection":[{"href":"https:\/\/www.diarioimagen.net\/index.php?rest_route=\/wp\/v2\/posts"}],"about":[{"href":"https:\/\/www.diarioimagen.net\/index.php?rest_route=\/wp\/v2\/types\/post"}],"author":[{"embeddable":true,"href":"https:\/\/www.diarioimagen.net\/index.php?rest_route=\/wp\/v2\/users\/3"}],"replies":[{"embeddable":true,"href":"https:\/\/www.diarioimagen.net\/index.php?rest_route=%2Fwp%2Fv2%2Fcomments&post=416193"}],"version-history":[{"count":0,"href":"https:\/\/www.diarioimagen.net\/index.php?rest_route=\/wp\/v2\/posts\/416193\/revisions"}],"wp:featuredmedia":[{"embeddable":true,"href":"https:\/\/www.diarioimagen.net\/index.php?rest_route=\/wp\/v2\/media\/416292"}],"wp:attachment":[{"href":"https:\/\/www.diarioimagen.net\/index.php?rest_route=%2Fwp%2Fv2%2Fmedia&parent=416193"}],"wp:term":[{"taxonomy":"category","embeddable":true,"href":"https:\/\/www.diarioimagen.net\/index.php?rest_route=%2Fwp%2Fv2%2Fcategories&post=416193"},{"taxonomy":"post_tag","embeddable":true,"href":"https:\/\/www.diarioimagen.net\/index.php?rest_route=%2Fwp%2Fv2%2Ftags&post=416193"}],"curies":[{"name":"wp","href":"https:\/\/api.w.org\/{rel}","templated":true}]}}