{"id":416226,"date":"2019-02-21T00:01:09","date_gmt":"2019-02-21T06:01:09","guid":{"rendered":"https:\/\/www.diarioimagen.net\/?p=416226"},"modified":"2019-02-22T01:07:08","modified_gmt":"2019-02-22T07:07:08","slug":"otra-consulta-bajo-ley-de-me-canso-ganso-va-porque-va-en-morelos","status":"publish","type":"post","link":"https:\/\/www.diarioimagen.net\/?p=416226","title":{"rendered":"Otra consulta, bajo ley de \u201cme canso, ganso\u201d, va porque va en Morelos"},"content":{"rendered":"<h2>La Retaguardia<\/h2>\n<h5>Adriana Moreno Cordero<\/h5>\n<p><em>\u00a0<\/em><\/p>\n<ul>\n<li><strong><em>Tenebrosas coincidencias<\/em><\/strong><\/li>\n<li><strong><em>Impartir justicia, mi raz\u00f3n de ser\u201d: Celia Maya<\/em><\/strong><\/li>\n<\/ul>\n<p>&nbsp;<\/p>\n<p>&nbsp;<\/p>\n<p>El INE no est\u00e1 obligado a realizar la consulta \u201cal pueblo bueno y sabio\u201d, sobre la termoel\u00e9ctrica en Huexca, Morelos, que va, bajo la ley del \u201cme canso ganso\u201d, este fin de semana porque va y no hay vuelta atr\u00e1s y la raz\u00f3n es porque adem\u00e1s de ser un tema legal, es tambi\u00e9n y gracias a las gestiones del presidente <strong>Andr\u00e9s Manuel L\u00f3pez Obrador<\/strong> de quitar presupuesto al Instituto, un tema econ\u00f3mico.<\/p>\n<p>Como se recordar\u00e1 y para variar, el Jefe del Ejecutivo se ha enfrentado tambi\u00e9n a los consejeros electorales que encabeza <strong>Leonardo C\u00f3rdova<\/strong>, por diferentes cuestiones.<\/p>\n<p>Ya se ha consignado mucho en este espacio, los contrapesos para el tabasque\u00f1o, son bastante inc\u00f3modos y el INE, de alguna manera tambi\u00e9n lo es.<\/p>\n<p>Pero lo que s\u00ed resulta a todas luces una tenebrosa casualidad, por decir lo menos, es que a unos cu\u00e1ntos d\u00edas de celebrarse este ejercicio de la llamada Cuarta Transformaci\u00f3n, cuyo resultado ya sabemos cu\u00e1l ser\u00e1, es que hayan asesinado al activista <strong>Samir Flores<\/strong>, locutor de una radio comunitaria y conocido por ser uno de los principales opositores al proyecto de dicha termoel\u00e9ctrica.<\/p>\n<p>Esto irremediablemente nos lleva a pensar en los tr\u00e1gicos hechos ocurridos el 24 de diciembre del a\u00f1o pasado en Puebla, donde perdiera la vida la gobernadora <strong>Martha Erika Alonso<\/strong> y el senador <strong>Rafael Moreno Valle<\/strong>.<\/p>\n<p>Dan por lo menos escalofr\u00edo este tipo de situaciones y en cuanto al activista morelense, el presidente L\u00f3pez Obrador conden\u00f3 el hecho, al igual que lo hizo con el accidente del a\u00f1o pasado y que supuestamente iniciar\u00e1 las investigaciones correspondientes.<\/p>\n<p>Sin embargo, no dej\u00f3 de llamar poderosamente la atenci\u00f3n que de la consulta que piensa llevar a cabo este fin de semana, ni hablar, que no se suspende por lo ocurrido.<\/p>\n<p>A primera vista, la tragedia podr\u00eda estar relacionada por parte de grupos delincuenciales, por lo menos as\u00ed lo afirm\u00f3 el fiscal morelense, Uriel Carmona, no obstante, eso no convence, ni de lejos a ninguno de los que no est\u00e1n de acuerdo con la termoel\u00e9ctrica que aunque participen, ya se sabe qui\u00e9n ganar\u00e1.<\/p>\n<p style=\"text-align: center;\"><strong>Municiones<\/strong><\/p>\n<p>*** A unas horas de que inicie hoy en la C\u00e1mara Alta la defensa de la Guardia Nacional propuesta por L\u00f3pez Obrador y que \u00e9l mismo ha estado cabildeando por d\u00edas y d\u00edas, reconociendo a las Fuerzas Armadas del pa\u00eds cada vez que puede, los senadores de Morena recibieron las \u00faltimas indicaciones precisamente desde Palacio Nacional, para buscar alcanzar los consensos necesarios con la oposici\u00f3n.<\/p>\n<p>Esto, en el sentido de no dar marcha atr\u00e1s a la presencia de los mandos militares durante el proceso de conformaci\u00f3n del cuerpo de seguridad.<\/p>\n<p>Se ratific\u00f3 tambi\u00e9n entre los legisladores que, ya que el tema es prioritario para el proyecto cuartotransformista, sobre la mesa de negociaci\u00f3n con los opositores est\u00e1 tambi\u00e9n el ceder espacio para el proceso de selecci\u00f3n de la nueva ministra; pues, al ser las tres candidatas cercanas al presidente de la Rep\u00fablica, \u00e9ste no se encuentra en el \u00e1nimo de tirar l\u00ednea para la decisi\u00f3n<\/p>\n<p>\u00bfEstar\u00e1n en este mismo tenor <strong>Julio Scherer<\/strong> y <strong>Ricardo Monreal<\/strong>?<\/p>\n<p>*** Todas las miradas est\u00e1n atentas a cu\u00e1l ser\u00e1 el rol que juegue, adem\u00e1s del coordinador de los senadores morenistas, el coordinador de la fracci\u00f3n de Morena en el Palacio Legislativo de San L\u00e1zaro <strong>Mario Mart\u00edn Delgado<\/strong>.<\/p>\n<p>Se dice en ese sentido, que la prisi\u00f3n preventiva oficiosa, se podr\u00eda convertir en la \u201cpuerta giratoria\u201d o instrumento pol\u00edtico, o una especie de Santa Inquisici\u00f3n, pero Delgado dice que no, porque hay un fiscal que no es carnal en la persona de <strong>Alejandro Gertz Manero<\/strong> y adem\u00e1s hay voluntad pol\u00edtica por parte del presidente que estar\u00eda empe\u00f1ado en erradicar la corrupci\u00f3n. \u00bfSer\u00e1? porque los acusados por corrupci\u00f3n hasta el momento, no han regresado absolutamente nada de lo que se llevaron.<\/p>\n<p>*** Por cierto, de las tres aspirantes a un espacio en la Suprema Corte de Justicia de la Naci\u00f3n, la magistrada <strong>Celia Maya Garc\u00eda<\/strong>, tiene enormes capacidades para llegar a ocupar ese cargo.<\/p>\n<p>Su lema es: \u201cimpartir justicia es mi raz\u00f3n de ser. Debe prestarse con atenci\u00f3n, conocimiento, humildad y calidez\u201d, y sin duda, Maya Garc\u00eda hace gala de estas cualidades.<\/p>\n<p>Tiene una gran trayectoria profesional y desempe\u00f1o laboral; conoce la justicia palmo a palmo y considera que el derecho civil, es la base para todo lo dem\u00e1s y eso lo aporta su experiencia de ejercer libremente la profesi\u00f3n de abogada, asesorando y representando a personas f\u00edsicas y morales en asuntos con las materias penal, civil, laboral y amparo.<\/p>\n<p>Ha sido Agente del Ministerio P\u00fablico; jueza de primera instancia civil\u00a0 en Quer\u00e9taro y desde 1985, magistrada en Materia Civil del Tribunal Superior de Justicia de esa entidad, habiendo presidido esa sala en diversos per\u00edodos. Enhorabuena porque m\u00e9ritos, los hay.<\/p>\n<p>*** Y se estren\u00f3 el presidente L\u00f3pez Obrador, ofreciendo su acostumbrada conferencia ma\u00f1anera en Monterrey, Nuevo Le\u00f3n, donde el gobernador <strong>Jaime Rodr\u00edguez Calder\u00f3n, \u201cEl Bronco\u201d<\/strong> se encuentra m\u00e1s que desinflado y eso que fue adversario del tabasque\u00f1o en las elecciones presidenciales.<\/p>\n<p>Resulta que se hizo una encuesta en la que El Bronco aparece en el lugar 32 de 32 gobernadores evaluados y todo porque no le importa impulsar al estado en materia tur\u00edstica, empresarial, programas de beneficio social y en fin, no hace nada, o no, lo \u00fanico que s\u00ed hace Rodr\u00edguez Calder\u00f3n, es hacer gala que los regios, son muy codos. \u00a1Qu\u00e9 tal!<\/p>\n<p><a href=\"mailto:morcora@gmail.com\" target=\"_blank\" rel=\"noopener\"><em>morcora@gmail.com<\/em><\/a><\/p>\n","protected":false},"excerpt":{"rendered":"<p><span style=\"color: #005497;\"><strong>Adriana Moreno Cordero<\/strong><\/span><\/p>\n","protected":false},"author":3,"featured_media":0,"comment_status":"open","ping_status":"open","sticky":false,"template":"","format":"standard","meta":{"_monsterinsights_skip_tracking":false,"_monsterinsights_sitenote_active":false,"_monsterinsights_sitenote_note":"","_monsterinsights_sitenote_category":0,"footnotes":""},"categories":[69370],"tags":[69369,69368,43674],"class_list":["post-416226","post","type-post","status-publish","format-standard","hentry","category-adriana-moreno-cordero","tag-adriana-moreno-cordero","tag-la-retaguardia","tag-opinion"],"_links":{"self":[{"href":"https:\/\/www.diarioimagen.net\/index.php?rest_route=\/wp\/v2\/posts\/416226","targetHints":{"allow":["GET"]}}],"collection":[{"href":"https:\/\/www.diarioimagen.net\/index.php?rest_route=\/wp\/v2\/posts"}],"about":[{"href":"https:\/\/www.diarioimagen.net\/index.php?rest_route=\/wp\/v2\/types\/post"}],"author":[{"embeddable":true,"href":"https:\/\/www.diarioimagen.net\/index.php?rest_route=\/wp\/v2\/users\/3"}],"replies":[{"embeddable":true,"href":"https:\/\/www.diarioimagen.net\/index.php?rest_route=%2Fwp%2Fv2%2Fcomments&post=416226"}],"version-history":[{"count":0,"href":"https:\/\/www.diarioimagen.net\/index.php?rest_route=\/wp\/v2\/posts\/416226\/revisions"}],"wp:attachment":[{"href":"https:\/\/www.diarioimagen.net\/index.php?rest_route=%2Fwp%2Fv2%2Fmedia&parent=416226"}],"wp:term":[{"taxonomy":"category","embeddable":true,"href":"https:\/\/www.diarioimagen.net\/index.php?rest_route=%2Fwp%2Fv2%2Fcategories&post=416226"},{"taxonomy":"post_tag","embeddable":true,"href":"https:\/\/www.diarioimagen.net\/index.php?rest_route=%2Fwp%2Fv2%2Ftags&post=416226"}],"curies":[{"name":"wp","href":"https:\/\/api.w.org\/{rel}","templated":true}]}}