{"id":416255,"date":"2019-02-21T00:10:11","date_gmt":"2019-02-21T06:10:11","guid":{"rendered":"https:\/\/www.diarioimagen.net\/?p=416255"},"modified":"2019-02-21T04:46:47","modified_gmt":"2019-02-21T10:46:47","slug":"juicio-a-los-ex-presidentes-la-base-de-la-equidad-social","status":"publish","type":"post","link":"https:\/\/www.diarioimagen.net\/?p=416255","title":{"rendered":"Juicio a los ex presidentes, la base de la equidad social"},"content":{"rendered":"<h2>\u00cdndice pol\u00edtico<\/h2>\n<h5>Francisco Rodr\u00edguez<\/h5>\n<p>&nbsp;<\/p>\n<div id=\"attachment_416310\" style=\"width: 470px\" class=\"wp-caption aligncenter\"><a href=\"https:\/\/www.diarioimagen.net\/?attachment_id=416310\" rel=\"attachment wp-att-416310\"><img loading=\"lazy\" decoding=\"async\" aria-describedby=\"caption-attachment-416310\" class=\"size-large wp-image-416310\" src=\"https:\/\/www.diarioimagen.net\/wp-content\/uploads\/2019\/02\/estancias-infantiles-MARAL-460x367.jpg\" alt=\"\" width=\"460\" height=\"367\" srcset=\"https:\/\/www.diarioimagen.net\/wp-content\/uploads\/2019\/02\/estancias-infantiles-MARAL-460x367.jpg 460w, https:\/\/www.diarioimagen.net\/wp-content\/uploads\/2019\/02\/estancias-infantiles-MARAL-240x192.jpg 240w, https:\/\/www.diarioimagen.net\/wp-content\/uploads\/2019\/02\/estancias-infantiles-MARAL-768x613.jpg 768w, https:\/\/www.diarioimagen.net\/wp-content\/uploads\/2019\/02\/estancias-infantiles-MARAL.jpg 1200w\" sizes=\"auto, (max-width: 460px) 100vw, 460px\" \/><\/a><p id=\"caption-attachment-416310\" class=\"wp-caption-text\">Estancias infantiles&#8230; | Maral<\/p><\/div>\n<p>&nbsp;<\/p>\n<p>Durante los \u00faltimos 36 a\u00f1os del r\u00e9gimen pol\u00edtico derrotado en las urnas, los mexicanos fuimos enga\u00f1ados con un sonsonete macabro: \u00a1todo va muy bien!, dec\u00edan los infames mandatarios de nuestra voluntad electoral. Siempre todo iba bien, hasta que todos nos dimos cuenta de que en realidad todo iba mal. Una experiencia que no debe repetirse.<\/p>\n<p>\u00a1Todo va bien!, tambi\u00e9n repet\u00edan hasta el cansancio los neoliberales entreguistas, hasta que nos dimos cuenta por las mediciones internacionales de los niveles de vida de que s\u00f3lo pod\u00edamos comparar nuestra situaci\u00f3n vital con los pa\u00edses del sub-Sahara africano. Cuando supimos que en el \u00e1rea latinoamericana s\u00f3lo \u00e9ramos superados por el hambriento Hait\u00ed. Y eso s\u00f3lo en unos cuantos rubros del gobierno y la asistencia social.<\/p>\n<p>No encontr\u00e1bamos parajes tan desolados para vernos en otro espejo, para comprobar el aserto fundamental de los gobiernitos anexionistas, apoyados por medios de comunicaci\u00f3n infames y vendidos. Simplemente, \u00e9ramos los \u00faltimos lugares en justicia, desigualdad material, corrupci\u00f3n y rapi\u00f1a generalizada.<\/p>\n<p>Personas que hab\u00edan sido amaestradas con t\u00edtulos\u00a0<em>patito<\/em>\u00a0en universidades extranjeras, para hacerlos proclives a la dominaci\u00f3n o gentuza de tres al cuarto que nunca recordaron los t\u00edtulos de tres libros que hubieran le\u00eddo en su vida, complicitados con los c\u00e1rteles del narcotr\u00e1fico, hicieron lo que quisieron, en medio de tanta ignorancia p\u00fablica.<\/p>\n<p>La \u00fanica diferencia entre la represi\u00f3n y la corrupci\u00f3n de las m\u00e1s sangrientas dictaduras sudamericanas, asi\u00e1ticas y africanas con las nuestras era simplemente de ubicaci\u00f3n geogr\u00e1fica. Aqu\u00ed se aplicaban tambi\u00e9n todos los cat\u00e1logos de las oligarqu\u00edas y del autismo de los d\u00e9spotas, por la creencia de que \u00a1tooodo iba muy bien!<\/p>\n<p>Ciento diez millones de mexicanos en pobreza atestiguaban el avance que propalaban los representantes de la decadencia y la miseria. El uno por ciento de la poblaci\u00f3n aplaud\u00eda la permanencia de sus modos y maneras. Se tensaba la cuerda, se violentas el tejido social, en la absoluta inconsciencia, en la brutal ignorancia.<\/p>\n<p>Para los ide\u00f3logos del neoliberalismo entreguista, era un pecado mortal tener hambre. Era un desprop\u00f3sito ser pobre \u2014\u201ces un mito genial\u201d, dijo aqu\u00e9l que adem\u00e1s lo cre\u00eda\u2014, todos \u00e9ramos pasto de su irrefrenable apetito de dinero ajeno. Quien no estaba de acuerdo, pagaba su afrenta con c\u00e1rcel en prisiones de alta seguridad construidas por transnacionales, previos moches con los mandarines.<\/p>\n<p>Hac\u00edan creer al pueblo que la \u00fanica forma de conseguir progreso y felicidad era desmantelando su confort. Subastaban la soberan\u00eda, regalaban el patrimonio, relataban regiones geogr\u00e1ficas enteras para satisfacer el apetito de empresas extra\u00f1as, sacrificaban la dignidad en mercados negros manejados por los delincuentes. Era la doctrina del abuso.<\/p>\n<p>El culto al poder era parte del primer mandamiento. Cre\u00edan estar hechos a mano, cuando formaban parte de una corte de enanos sin acabado, cuando causaban hilaridad y verg\u00fcenza ajena en todos los rincones del mundo por sus modales mal calcados, con sus arrebatos de malnacidos.<\/p>\n<p>No sab\u00edan, nunca supieron que el concepto de la equidad social est\u00e1 m\u00e1s arraigado que el de la sumisi\u00f3n en nuestro pueblo. Que la discrepancia ha sido la base del repudio a los fantoches. Que sab\u00edamos construir los mecanismos de equilibrio en base a la protesta para lograr la concordia. Que siempre detectamos sus cifras maquilladas y sus estramb\u00f3ticos discursos del enga\u00f1o fel\u00f3n.<\/p>\n<p>Nunca supieron, ni sabr\u00e1n en d\u00f3nde estaban parados. Nunca tomaron nota de que la sociedad democr\u00e1tica debe brindar una libertad real. No sab\u00edan del imperativo constitucional que obliga al constante mejoramiento econ\u00f3mico, social, cultural y pol\u00edtico de la sociedad como f\u00f3rmula de todo un sistema de vida. Nunca transformaron las necesidades en respuestas efectivas y constantes.<\/p>\n<p>La resistencia al cambio, una impronta com\u00fan a los retardatarios y conservadores los inmoviliz\u00f3 36 a\u00f1os, acab\u00f3 exhibi\u00e9ndolos como payasos de la vida p\u00fablica, catetos de los poderosos, prestanombres y lacayos del verdugo ancestral. Mensajeros del oprobio, caciques de la indefensi\u00f3n.<\/p>\n<p>\u00cdbamos con paso acelerado hacia la degollina civil, a la guerra fratricida, al Estado de lo putrefacto. A la violencia como\u00a0<em>ultima ratio<\/em>\u00a0de los enfurecidos, desesperados pos encontrarse ante un callej\u00f3n sin salida, para colmo, sellado a cal y canto por sus patrones, los financieros neoyorquinos de las guerras fr\u00edas.<\/p>\n<p>Hab\u00eda un evidente parentesco entre la intolerancia y la desgracia social. Los gobiernos ileg\u00edtimos, normalmente intolerantes, se hacen obedecer a base de matanzas y mentiras. La base de su poder es el miedo. Un concepto del poder radicalmente contrario al de un r\u00e9gimen pol\u00edtico sano, equitativo y justo.<\/p>\n<p>Por eso retiraban de los programas del gobierno la educaci\u00f3n popular, la vivienda, la seguridad social, el abasto, la atenci\u00f3n sanitaria, la tutela de los derechos sociales urbanos, agrarios y obreros, la distribuci\u00f3n de la riqueza, el acercamiento al pueblo, configurando un cuadro de desastre. Si a lo anterior se agrega la rapi\u00f1a sobre los ahorros p\u00fablicos, cualquier dictadura palidec\u00eda ante la mexicana.<\/p>\n<p>Hoy sabemos que para que todo vaya efectivamente bien, se necesita aplicar las f\u00f3rmulas de la equidad social, la que contribuye al desarrollo, impulsa el crecimiento del mercado interno a trav\u00e9s de inversiones multiplicadoras del empleo, alienta los programas sociales, impulsa la opini\u00f3n de los grupos pensantes, alienta todos los reductos del Estado moderno, donde \u00e9ste se encuentre.<\/p>\n<p>Considerar al poder como un instrumento necesario de la solidaridad con quienes m\u00e1s lo necesitan. No ver su ejercicio como un privilegio, sino como palanca de la poblaci\u00f3n vulnerable que demanda enfrentar los efectos causados por las empresas por tanto tiempo favorecidas con subsidios y exenciones fiscales y legales.<\/p>\n<p>En la pol\u00edtica interna, establecer el orden y la seguridad de que nadie puede actuar por encima de la ley. Dar el manotazo efectivo para que todo mundo se discipline en torno a los objetivos superiores de la Naci\u00f3n. Respetar la convivencia y las leyes que la norman.<\/p>\n<p>Por eso y m\u00e1s era necesario decir desde la investidura presidencial que ya basta de enga\u00f1os de huizacheros cercanos a los puestos de mando. Que los delitos graves cometidos por los ex presidentes de la Rep\u00fablica, sus c\u00f3mplices empresariales y a\u00fan sindicales como el petrolero deben ser perseguidos de oficio por la Fiscal\u00eda General de la Rep\u00fablica.<\/p>\n<p>Que ya basta de negociaciones dilatorias cuando se tienen todas las evidencias y las huellas de la depredaci\u00f3n en las manos, y la opini\u00f3n p\u00fablica est\u00e1 convencida de la irresponsabilidad de los tr\u00fahanes.<\/p>\n<p>\u00a1Que adelante con los faroles!\u200e Todo mundo lo ha aplaudido. El concepto de la equidad social debe tener como base esencial la justicia. \u00bfNo cree usted?<\/p>\n<p><strong><em>\u00cdndice Flam\u00edgero<\/em><\/strong><em>: <\/em>En su conferencia de ayer por la ma\u00f1ana, el Presidente de la Rep\u00fablica deline\u00f3 los posibles \u201cdelitos\u201d de los que podr\u00eda acusarse a sus antecesores, para ser juzgados, en caso de que as\u00ed se decida en una consulta ciudadana programada para exactamente dentro de un mes, el 21 de marzo. \u201cYo soy partidario de que veamos hacia adelante, de que no nos quedemos anclados en el pasado, que no se permita la corrupci\u00f3n, que no se permita la impunidad hacia adelante, yo soy partidario de eso pero que sea el pueblo el que tenga la \u00faltima palabra, cuando se haga la consulta que el ciudadano diga: \u2018a ver, si queremos enjuiciar a Salinas \u00bfPor qu\u00e9? Porque entreg\u00f3 empresas p\u00fablicas a particulares y sus allegados. Queremos enjuiciar a Zedillo porque convirti\u00f3 las deudas privadas de unos cuantos, en deuda p\u00fablica, con el Fobaproa. Queremos enjuiciar a Fox por traidor a la democracia, porque despu\u00e9s de llegar por un movimiento para establecer la democracia encabez\u00f3 un operativo de fraude electoral para imponer a Felipe Calder\u00f3n. Queremos enjuiciar a Felipe Calder\u00f3n porque utiliz\u00f3 la fuerza y convirti\u00f3 al pa\u00eds en un cementerio. Queremos enjuiciar a Pe\u00f1a por corrupci\u00f3n. Pero v\u00e1monos as\u00ed, ya nada de chivos expiatorios\u201d.<\/p>\n<p><em><u><a href=\"http:\/\/www.indicepolitico.com\" target=\"_blank\" rel=\"noopener\">www.indicepolitico.com<\/a><br \/>\n<a href=\"mailto:pacorodriguez@journalist.com\" target=\"_blank\" rel=\"noopener\">pacorodriguez@journalist.com<\/a><br \/>\n<a href=\"https:\/\/twitter.com\/pacorodriguez\" target=\"_blank\" rel=\"noopener\">@pacorodriguez<\/a><\/u><\/em><\/p>\n","protected":false},"excerpt":{"rendered":"<p><span style=\"color: #005497;\"><strong>Francisco Rodr\u00edguez<\/strong><\/span><br \/>\n<br \/>\nDurante los \u00faltimos 36 a\u00f1os del r\u00e9gimen pol\u00edtico derrotado en las urnas, los mexicanos fuimos enga\u00f1ados con un sonsonete macabro: \u00a1todo va muy bien!, dec\u00edan los infames mandatarios de nuestra voluntad electoral. Siempre todo iba bien, hasta que todos nos dimos cuenta de que en realidad todo iba mal. Una experiencia que no debe repetirse.<\/p>\n","protected":false},"author":3,"featured_media":416310,"comment_status":"open","ping_status":"open","sticky":false,"template":"","format":"standard","meta":{"_monsterinsights_skip_tracking":false,"_monsterinsights_sitenote_active":false,"_monsterinsights_sitenote_note":"","_monsterinsights_sitenote_category":0,"footnotes":""},"categories":[549],"tags":[43689,550,43674],"class_list":["post-416255","post","type-post","status-publish","format-standard","has-post-thumbnail","hentry","category-francisco-rodriguez","tag-francisco-rodriguez","tag-indice-politico","tag-opinion"],"_links":{"self":[{"href":"https:\/\/www.diarioimagen.net\/index.php?rest_route=\/wp\/v2\/posts\/416255","targetHints":{"allow":["GET"]}}],"collection":[{"href":"https:\/\/www.diarioimagen.net\/index.php?rest_route=\/wp\/v2\/posts"}],"about":[{"href":"https:\/\/www.diarioimagen.net\/index.php?rest_route=\/wp\/v2\/types\/post"}],"author":[{"embeddable":true,"href":"https:\/\/www.diarioimagen.net\/index.php?rest_route=\/wp\/v2\/users\/3"}],"replies":[{"embeddable":true,"href":"https:\/\/www.diarioimagen.net\/index.php?rest_route=%2Fwp%2Fv2%2Fcomments&post=416255"}],"version-history":[{"count":0,"href":"https:\/\/www.diarioimagen.net\/index.php?rest_route=\/wp\/v2\/posts\/416255\/revisions"}],"wp:featuredmedia":[{"embeddable":true,"href":"https:\/\/www.diarioimagen.net\/index.php?rest_route=\/wp\/v2\/media\/416310"}],"wp:attachment":[{"href":"https:\/\/www.diarioimagen.net\/index.php?rest_route=%2Fwp%2Fv2%2Fmedia&parent=416255"}],"wp:term":[{"taxonomy":"category","embeddable":true,"href":"https:\/\/www.diarioimagen.net\/index.php?rest_route=%2Fwp%2Fv2%2Fcategories&post=416255"},{"taxonomy":"post_tag","embeddable":true,"href":"https:\/\/www.diarioimagen.net\/index.php?rest_route=%2Fwp%2Fv2%2Ftags&post=416255"}],"curies":[{"name":"wp","href":"https:\/\/api.w.org\/{rel}","templated":true}]}}