{"id":416261,"date":"2019-02-21T00:11:54","date_gmt":"2019-02-21T06:11:54","guid":{"rendered":"https:\/\/www.diarioimagen.net\/?p=416261"},"modified":"2019-02-21T04:46:07","modified_gmt":"2019-02-21T10:46:07","slug":"416261","status":"publish","type":"post","link":"https:\/\/www.diarioimagen.net\/?p=416261","title":{"rendered":"La madre de todas las batallas legislativas se dar\u00e1 hoy en el Senado"},"content":{"rendered":"<h2>Tras la puerta del poder<\/h2>\n<h5>Roberto Vizca\u00edno<\/h5>\n<p>&nbsp;<\/p>\n<div id=\"attachment_416307\" style=\"width: 470px\" class=\"wp-caption aligncenter\"><a href=\"https:\/\/www.diarioimagen.net\/?attachment_id=416307\" rel=\"attachment wp-att-416307\"><img loading=\"lazy\" decoding=\"async\" aria-describedby=\"caption-attachment-416307\" class=\"size-large wp-image-416307\" src=\"https:\/\/www.diarioimagen.net\/wp-content\/uploads\/2019\/02\/vigilante-LUIS-XAVIER-1-460x355.jpg\" alt=\"\" width=\"460\" height=\"355\" srcset=\"https:\/\/www.diarioimagen.net\/wp-content\/uploads\/2019\/02\/vigilante-LUIS-XAVIER-1-460x355.jpg 460w, https:\/\/www.diarioimagen.net\/wp-content\/uploads\/2019\/02\/vigilante-LUIS-XAVIER-1-240x185.jpg 240w, https:\/\/www.diarioimagen.net\/wp-content\/uploads\/2019\/02\/vigilante-LUIS-XAVIER-1-768x593.jpg 768w, https:\/\/www.diarioimagen.net\/wp-content\/uploads\/2019\/02\/vigilante-LUIS-XAVIER-1.jpg 1200w\" sizes=\"auto, (max-width: 460px) 100vw, 460px\" \/><\/a><p id=\"caption-attachment-416307\" class=\"wp-caption-text\">Vigilante&#8230; | Luis Xavier<\/p><\/div>\n<p>&nbsp;<\/p>\n<p><strong>Ricardo Monreal<\/strong> no pierde la sonrisa. De los m\u00e1s curtidos en pol\u00edtica, sabe que en una negociaci\u00f3n como la de la creaci\u00f3n de la Guardia Nacional, no hay ni plazos l\u00edmites ni peleas perdidas.<\/p>\n<p>Sus interlocutores de la oposici\u00f3n: <strong>Miguel \u00c1ngel Osorio Chong,<\/strong> del PRI; <strong>Dante Delgado<\/strong> de Movimiento Ciudadano; <strong>Miguel \u00c1ngel Mancera <\/strong>del PRD y <strong>Mauricio Kuri,<\/strong> del PAN no son ni novatos ni obcecados irreductibles. Son pol\u00edticos, y como tales negociadores.<\/p>\n<p>Y en una negociaci\u00f3n como la que deber\u00e1 dar vida a la Guardia Nacional ni se gana o pierde todo.<\/p>\n<p>Lo que avanz\u00f3 cada uno y lo que cedieron todos se ver\u00e1 hoy en el debate sin l\u00edmite de tiempo previsto para darse hoy en el pleno del Senado. Al final se requieren un m\u00ednimo de 85 votos para que avance lo de la Guardia Nacional.<\/p>\n<p>Una vez que se apruebe, la minuta regresar\u00e1 a la C\u00e1mara de Diputados donde se espera salga r\u00e1pido el \u00faltimo jal\u00f3n antes de que pase a ser aprobada por al menos mayor\u00edas calificadas en 17 congresos estatales.<\/p>\n<p>De lo duro e incierto de la negociaci\u00f3n entre \u00e9l y los opositores hablan las respuestas que dio ayer <strong>Ricardo Monreal<\/strong> en una larga e incisiva conferencia de prensa donde los reporteros no lograron sacarle nada m\u00e1s de lo que el pod\u00eda decir.<\/p>\n<p>Senador, \u00bfQu\u00e9 avances hay?<\/p>\n<p>\u201c\u2026 tenemos varios d\u00edas trabajando. Hoy (ayer) es un d\u00eda clave\u2026 de las propuestas hechas por los grupos del PRD, MC, PAN y PRI se podr\u00eda decir que se han aceptado un 80, un 85, casi el 90 por ciento de las propuestas.<\/p>\n<p>\u201cEst\u00e1n encorchetados &#8211;as\u00ed se les dice a donde no hay acuerdo&#8211;, tres temas: uno, el art\u00edculo 21\u00ba; otro el 13\u00ba, que se volvi\u00f3 a discutir; y un transitorio.<\/p>\n<p>&#8211; \u00bfY el 4\u00ba?<\/p>\n<p>\u201cEl de la temporalidad, s\u00ed\u2026 Todav\u00eda (se) est\u00e1 en eso\u2026 Eran aproximadamente 21, 22 propuestas, 10 art\u00edculos m\u00e1s 11 transitorios de ellos. Y pr\u00e1cticamente un 90 por ciento se est\u00e1 aceptando; s\u00f3lo nos quedan tres temas.<\/p>\n<ul>\n<li>\u00bfQu\u00e9 aceptaron?\u2028\u201cMuchos, por ejemplo la disposici\u00f3n de la autoridad civil&#8230;\u201d<\/li>\n<li>\u00bfMando civil?\u2028\u201cMando civil, la adscripci\u00f3n a mando civil, ese es un tema clave\u201d.<\/li>\n<li>\u00bfQuedar\u00e1 en la Secretar\u00eda de Seguridad?\u2028\u201cS\u00ed\u2026 ese es un tema clave\u201d\u2028Y as\u00ed, con tirabuz\u00f3n, fue revelando algunos puntos de cesi\u00f3n a la oposici\u00f3n\u2026 pero tambi\u00e9n d\u00f3nde no se conceder\u00e1 nada, como lo de la plena participaci\u00f3n de las fuerzas militares y sus mandos en la operaci\u00f3n de la Guardia Civil.<\/li>\n<\/ul>\n<p>Lo \u00fanico cierto, dijo Monreal, es que todos trabajan para ir a un acuerdo integral porque de otra forma no se garantiza la mayor\u00eda calificada.<\/p>\n<p>\u201cHay una actitud flexible, de buena fe, de apertura del grupo mayoritario, y creo que tenemos posibilidades de encontrarlo\u201d, subray\u00f3.<\/p>\n<p>Y garantiz\u00f3 que su fracci\u00f3n no dar\u00e1 \u201cun albazo\u201d legislativo.<\/p>\n<p>\u201cEst\u00e1 publicado (el dictamen), se han corrido los tr\u00e1mites formales, se ley\u00f3 en primera ocasi\u00f3n y ma\u00f1ana ser\u00e1 la segunda lectura y discusi\u00f3n. No hay forma de aplazarlo\u201d.<\/p>\n<p>Los acuerdos, dijo, son integrales o no hay acuerdos.<\/p>\n<p>\u201cNosotros ya en este momento hemos aceptado casi el 90 por ciento, insisti\u00f3. No hay una negativa ni una actitud cerrada de nuestra parte, por eso es que seguimos platicando; el plan es seguir trabajando.<\/p>\n<p>\u201cSigo siendo optimista, el haber decidido platicar, dialogar, abrir espacios, siempre es m\u00e1s largo, m\u00e1s complejo, m\u00e1s pesado, pero es lo mejor para todos.<\/p>\n<p>\u201cSoy part\u00edcipe del plan \u201cA\u201d, pero estoy preparado para el plan \u201cB\u201d.<\/p>\n<p>Eso es la esencia de la negociaci\u00f3n, se logra algo y se entrega algo.<\/p>\n<p>Y hoy ser\u00e1 el d\u00eda donde se ver\u00e1 qui\u00e9n logr\u00f3 qu\u00e9.<\/p>\n<p>Pero la Guardia Nacional se aprueba hoy.<\/p>\n<p style=\"text-align: center;\"><strong>Avanza la influenza<\/strong><\/p>\n<p>Las autoridades de Salud junto con organismos y asociaciones m\u00e9dicas advirtieron durante los d\u00edas recientes sobre un repunte de la influenza que ha provocado ya al menos unas 400 muertes en el pa\u00eds y que mantiene un n\u00famero alto de pacientes en las \u00e1reas de cuidados intensivos de hospitales p\u00fablicos y privados.<\/p>\n<p>=En este contexto la doctora <strong>Alejandra M\u00e9ndez P\u00e9rez, <\/strong>directora de la Cl\u00ednica Sansce, indic\u00f3 que durante las primeras semanas de 2019 se han reportado un total acumulado de 4 mil 116 casos con 395 personas fallecidas.<\/p>\n<p>El mayor \u00edndice se ha registrado en la Ciudad de M\u00e9xico, Estado de M\u00e9xico, Hidalgo, Puebla, Oaxaca, Chihuahua y Veracruz.<\/p>\n<p>Con base en datos de la Organizaci\u00f3n Mundial de la Salud, la influenza es una infecci\u00f3n que se caracteriza por ser una enfermedad respiratoria, que puede ir desde leve en nariz y garganta hasta grave manifest\u00e1ndose con neumon\u00eda, lo cual puede poner en riesgo la vida de la persona que la padece.<\/p>\n<p>Explic\u00f3 que existen varios tipos de virus de influenza, pero el que hasta el momento produce el mayor n\u00famero de casos en M\u00e9xico es el N1H1, el cual fue el responsable de la pandemia (epidemia mundial) del a\u00f1o 2009.<\/p>\n<p>A partir de ese a\u00f1o, la influenza se ha manifestado en la poblaci\u00f3n de M\u00e9xico, inicialmente con tendencia a la baja; sin embargo, desde el 2014 se incrementaron los casos de enfermos y de defunci\u00f3n. 2019 inici\u00f3 con un mayor n\u00famero de casos en comparaci\u00f3n con los a\u00f1os anteriores.<\/p>\n<p>La doctora <strong>M\u00e9ndez <\/strong>indic\u00f3 que el prop\u00f3sito de la vacuna contra la influenza es evitar casos graves y complicaciones, aunque advirti\u00f3 que el hecho de estar vacunado no evita la infecci\u00f3n, solo ayuda a no presentar las modalidades m\u00e1s graves de la enfermedad.<\/p>\n<p>En el embarazo la vacuna se considera segura y se recomienda durante la temporada de gripe para proteger a las mujeres de una enfermedad grave, pero tambi\u00e9n para salvaguardar a los lactantes contra la gripe durante sus primeros meses de vida.<\/p>\n<p>Record\u00f3 que los s\u00edntomas m\u00e1s comunes de la enfermedad son fiebre alta de aparici\u00f3n s\u00fabita, dolores musculares y dolor intenso de cabeza, malestar general importante, tos seca, malestar en garganta y escurrimiento nasal.<\/p>\n<p>El virus se transmite muy f\u00e1cilmente de persona a persona a trav\u00e9s de las gotitas peque\u00f1as que son expulsadas al toser o estornudar y esto contribuye a su r\u00e1pida propagaci\u00f3n y al riesgo de cada a\u00f1o desarrollar epidemias.<\/p>\n<p>Aunque la mayor\u00eda de la gente se recupera de manera espont\u00e1nea entre la primera y la segunda semana; existen personas que est\u00e1n en riesgo de desarrollar formas m\u00e1s graves de la enfermedad como son ni\u00f1os menores de 10 a\u00f1os, personas mayores de 65, embarazadas y quienes tienen alguna enfermedad cr\u00f3nica, como asma, bronquitis cr\u00f3nica, enfisema pulmonar, diabetes, c\u00e1ncer, alguna deficiencia inmunol\u00f3gica, entre otras, ya que se les puede desarrollar neumon\u00eda que en el peor de los casos, les puede ocasionar la muerte. Por eso hay recibir atenci\u00f3n m\u00e9dica lo m\u00e1s pronto posible.<\/p>\n<p>Mire, no se arriesgue, si presenta alguno de estos s\u00edntomas acuda a un centro hospitalario y siga el tratamiento que le indiquen.<\/p>\n<p><em><a href=\"http:\/\/endirecto.mx\" target=\"_blank\" rel=\"noopener\">www.endirecto.mx<\/a><\/em><br \/>\n<em><a href=\"https:\/\/twitter.com\/_rvizcaino\" target=\"_blank\" rel=\"noopener\">@_RVizcaino<\/a><\/em><br \/>\n<a href=\"https:\/\/www.facebook.com\/rvizcainoa\" target=\"_blank\" rel=\"noopener\">f<em>acebook.com\/rvizcainoa<\/em><\/a><\/p>\n","protected":false},"excerpt":{"rendered":"<p><span style=\"color: #005497;\"><strong>Roberto Vizca\u00edno<\/strong><\/span><br \/>\n<br \/>\n<strong>Ricardo Monreal<\/strong> no pierde la sonrisa. De los m\u00e1s curtidos en pol\u00edtica, sabe que en una negociaci\u00f3n como la de la creaci\u00f3n de la Guardia Nacional, no hay ni plazos l\u00edmites ni peleas perdidas.<\/p>\n","protected":false},"author":3,"featured_media":416307,"comment_status":"open","ping_status":"open","sticky":false,"template":"","format":"standard","meta":{"_monsterinsights_skip_tracking":false,"_monsterinsights_sitenote_active":false,"_monsterinsights_sitenote_note":"","_monsterinsights_sitenote_category":0,"footnotes":""},"categories":[136],"tags":[43674,93,94],"class_list":["post-416261","post","type-post","status-publish","format-standard","has-post-thumbnail","hentry","category-roberto-vizcaino-opinion","tag-opinion","tag-roberto-vizcaino","tag-tras-la-puerta-del-poder"],"_links":{"self":[{"href":"https:\/\/www.diarioimagen.net\/index.php?rest_route=\/wp\/v2\/posts\/416261","targetHints":{"allow":["GET"]}}],"collection":[{"href":"https:\/\/www.diarioimagen.net\/index.php?rest_route=\/wp\/v2\/posts"}],"about":[{"href":"https:\/\/www.diarioimagen.net\/index.php?rest_route=\/wp\/v2\/types\/post"}],"author":[{"embeddable":true,"href":"https:\/\/www.diarioimagen.net\/index.php?rest_route=\/wp\/v2\/users\/3"}],"replies":[{"embeddable":true,"href":"https:\/\/www.diarioimagen.net\/index.php?rest_route=%2Fwp%2Fv2%2Fcomments&post=416261"}],"version-history":[{"count":0,"href":"https:\/\/www.diarioimagen.net\/index.php?rest_route=\/wp\/v2\/posts\/416261\/revisions"}],"wp:featuredmedia":[{"embeddable":true,"href":"https:\/\/www.diarioimagen.net\/index.php?rest_route=\/wp\/v2\/media\/416307"}],"wp:attachment":[{"href":"https:\/\/www.diarioimagen.net\/index.php?rest_route=%2Fwp%2Fv2%2Fmedia&parent=416261"}],"wp:term":[{"taxonomy":"category","embeddable":true,"href":"https:\/\/www.diarioimagen.net\/index.php?rest_route=%2Fwp%2Fv2%2Fcategories&post=416261"},{"taxonomy":"post_tag","embeddable":true,"href":"https:\/\/www.diarioimagen.net\/index.php?rest_route=%2Fwp%2Fv2%2Ftags&post=416261"}],"curies":[{"name":"wp","href":"https:\/\/api.w.org\/{rel}","templated":true}]}}