{"id":416324,"date":"2019-02-22T00:04:00","date_gmt":"2019-02-22T06:04:00","guid":{"rendered":"https:\/\/www.diarioimagen.net\/?p=416324"},"modified":"2019-02-22T00:29:38","modified_gmt":"2019-02-22T06:29:38","slug":"preserva-gobierno-del-edomex-lenguas-maternas-a-traves-de-la-universidad-intercultural","status":"publish","type":"post","link":"https:\/\/www.diarioimagen.net\/?p=416324","title":{"rendered":"Preserva gobierno del Edomex lenguas maternas a trav\u00e9s de la Universidad Intercultural"},"content":{"rendered":"<ul>\n<li><em><strong>Formaci\u00f3n a m\u00e1s de mil 300 estudiantes<\/strong><\/em><\/li>\n<\/ul>\n<p>&nbsp;<\/p>\n<div id=\"attachment_416325\" style=\"width: 470px\" class=\"wp-caption aligncenter\"><img loading=\"lazy\" decoding=\"async\" aria-describedby=\"caption-attachment-416325\" class=\"size-large wp-image-416325\" src=\"https:\/\/www.diarioimagen.net\/wp-content\/uploads\/2019\/02\/INTERCULTURAL22-PORTAL-460x268.jpg\" alt=\"\" width=\"460\" height=\"268\" srcset=\"https:\/\/www.diarioimagen.net\/wp-content\/uploads\/2019\/02\/INTERCULTURAL22-PORTAL-460x268.jpg 460w, https:\/\/www.diarioimagen.net\/wp-content\/uploads\/2019\/02\/INTERCULTURAL22-PORTAL-240x140.jpg 240w, https:\/\/www.diarioimagen.net\/wp-content\/uploads\/2019\/02\/INTERCULTURAL22-PORTAL.jpg 480w\" sizes=\"auto, (max-width: 460px) 100vw, 460px\" \/><p id=\"caption-attachment-416325\" class=\"wp-caption-text\">Forman en la Universidad Intercultural a m\u00e1s de mil 300 estudiantes, de los cuales 73 por ciento hablan alguna lengua ind\u00edgena.<\/p><\/div>\n<p>&nbsp;<\/p>\n<p><strong>Toluca, Estado de M\u00e9xico<\/strong>.- Formar profesionales que enaltezcan y preserven las lenguas originarias de la entidad mexiquense, es uno de los objetivos de la Universidad Intercultural Estado de M\u00e9xico (UIEM) que a trav\u00e9s de sus dos planteles, en San Felipe del Progreso y Tepetlixpa, protege y fomenta los derechos humanos de los pueblos ind\u00edgenas y su libre determinaci\u00f3n.<\/p>\n<p>La Universidad Intercultural es la \u00fanica de 11 universidades de todo el pa\u00eds que cuenta con alumnos y profesores que hablan las cinco lenguas originarias de la entidad: mazahua, otom\u00ed, tlahuica, matlazinca y n\u00e1huatl.<\/p>\n<p>Gracias a su modelo educativo los estudiantes de las seis licenciaturas, Salud, Enfermer\u00eda, Comunicaci\u00f3n, Desarrollo Sustentable, Dise\u00f1o, y Lengua y Cultura, se grad\u00faan con el manejo de tres idiomas: ind\u00edgena original, espa\u00f1ol e ingl\u00e9s.<\/p>\n<p>Al respecto, Roc\u00edo Sabino Nava, Profesora egresada de la Licenciatura en Lengua y Cultura de la UIEM y originaria de la comunidad de San Juan Atzingo, Ocuilan, coment\u00f3 que actualmente la Universidad trabaja en un proyecto que busca revitalizar el idioma y la cultura tlahuica para saber qui\u00e9nes son biling\u00fces competentes y qui\u00e9nes son pasivos, es decir, en qu\u00e9 grado domina la lengua toda la poblaci\u00f3n hablante de la entidad y, con base en el diagn\u00f3stico, empezar a documentar el conocimiento que se transmite por generaciones a trav\u00e9s de la tradici\u00f3n oral.<\/p>\n<p>\u201cLos n\u00fameros de hablantes de nuestras generaciones adultas y la generaci\u00f3n de los abuelos son cada d\u00eda menos. La Universidad, dentro de sus objetivos, dentro de las actividades, estar\u00e1 implementando un proyecto para la revitalizaci\u00f3n de la cultura y la lengua tlahuica.<\/p>\n<p>\u201cDocumentamos todo el conocimiento de la lengua, una vez que est\u00e1 documentado, estos materiales que se generen, la Universidad, a trav\u00e9s de la investigaci\u00f3n y la documentaci\u00f3n, puedan ser difundidos en diferentes \u00e1reas\u201d, se\u00f1al\u00f3.<\/p>\n<p>En la entidad suman m\u00e1s de 400 mil mexiquenses que pertenecen a alguno de los cinco pueblos originarios, por lo que acorde con las pol\u00edticas del Gobierno del Estado de M\u00e9xico de brindar educaci\u00f3n incluyente, la Universidad Intercultural alberga a m\u00e1s de mil 300 estudiantes provenientes de 51 municipios y varios estados de la Rep\u00fablica mexicana como Michoac\u00e1n, Tlaxcala, Puebla y Chihuahua, de los cuales, 73 por ciento hablan alguna lengua ind\u00edgena.<\/p>\n<p>En este sentido, Alonso Hern\u00e1ndez Mart\u00ednez, alumno del cuarto semestre de la carrera de Comunicaci\u00f3n Intercultural expres\u00f3 que el plan de estudios de la UIEM, as\u00ed como sus instalaciones y equipamiento, les brinda una ventaja enorme porque aprenden la parte te\u00f3rica y la pr\u00e1ctica al mismo tiempo, aunado a que se forman como profesionistas biling\u00fces o triling\u00fces, un plus que ofrece la instituci\u00f3n a los estudiantes de todas las licenciaturas.<\/p>\n<p>\u201cEstas instalaciones est\u00e1n s\u00faper equipadas, es de lo mejor que he visto. He tenido la oportunidad de estar en cabinas de distintas radiodifusoras, de televisoras, pero para serte franco el equipo que tenemos es para hacer producciones inmensas, o sea, buen\u00edsimas.<\/p>\n<p>\u201cNosotros somos comunic\u00f3logos interculturales, no solamente hacemos lo que un comunic\u00f3logo com\u00fan, sino tambi\u00e9n llevamos contenidos para los pueblos ind\u00edgenas. No solamente aprendemos la parte te\u00f3rica, sino tambi\u00e9n la parte pr\u00e1ctica\u201d, destac\u00f3.<\/p>\n<p>Bajo este contexto, cabe mencionar que el 21 de febrero se conmemora el D\u00eda Internacional de la Lengua Materna, por lo que el Estado de M\u00e9xico mantiene su compromiso de conservar la diversidad \u00e9tnica y cultural con el apoyo decidido a instituciones como la Universidad Intercultural, que ofrece a los j\u00f3venes mayores oportunidades para continuar su formaci\u00f3n profesional con un modelo equitativo, incluyente y de excelencia.<\/p>\n<p>Por lo anterior, el Secretario de Educaci\u00f3n, Alejandro Fern\u00e1ndez Campillo, asegur\u00f3 que trabajando de la mano con alumnos, maestros, padres de familia y autoridades educativas, se hace frente al compromiso que el Gobierno tiene con las ni\u00f1as, ni\u00f1os y j\u00f3venes del Estado de M\u00e9xico, para que la educaci\u00f3n sea motor de cambio para ellos y sus familias.<\/p>\n","protected":false},"excerpt":{"rendered":"<p>Formar profesionales que enaltezcan y preserven las lenguas originarias de la entidad mexiquense, es uno de los objetivos de la Universidad Intercultural Estado de M\u00e9xico (UIEM) que a trav\u00e9s de sus dos planteles, en San Felipe del Progreso y Tepetlixpa, protege y fomenta los derechos humanos de los pueblos ind\u00edgenas y su libre determinaci\u00f3n.<\/p>\n","protected":false},"author":5,"featured_media":416325,"comment_status":"open","ping_status":"open","sticky":false,"template":"","format":"standard","meta":{"_monsterinsights_skip_tracking":false,"_monsterinsights_sitenote_active":false,"_monsterinsights_sitenote_note":"","_monsterinsights_sitenote_category":0,"footnotes":""},"categories":[35155],"tags":[43675,81202,76072,83082,452,78470],"class_list":["post-416324","post","type-post","status-publish","format-standard","has-post-thumbnail","hentry","category-estado-de-mexico-estado-de-mexico","tag-estado-de-mexico","tag-gobierno-del-edomex","tag-lenguas-maternas","tag-san-felipe-del-progreso-y-tepetlixpa","tag-toluca","tag-universidad-intercultural"],"_links":{"self":[{"href":"https:\/\/www.diarioimagen.net\/index.php?rest_route=\/wp\/v2\/posts\/416324","targetHints":{"allow":["GET"]}}],"collection":[{"href":"https:\/\/www.diarioimagen.net\/index.php?rest_route=\/wp\/v2\/posts"}],"about":[{"href":"https:\/\/www.diarioimagen.net\/index.php?rest_route=\/wp\/v2\/types\/post"}],"author":[{"embeddable":true,"href":"https:\/\/www.diarioimagen.net\/index.php?rest_route=\/wp\/v2\/users\/5"}],"replies":[{"embeddable":true,"href":"https:\/\/www.diarioimagen.net\/index.php?rest_route=%2Fwp%2Fv2%2Fcomments&post=416324"}],"version-history":[{"count":0,"href":"https:\/\/www.diarioimagen.net\/index.php?rest_route=\/wp\/v2\/posts\/416324\/revisions"}],"wp:featuredmedia":[{"embeddable":true,"href":"https:\/\/www.diarioimagen.net\/index.php?rest_route=\/wp\/v2\/media\/416325"}],"wp:attachment":[{"href":"https:\/\/www.diarioimagen.net\/index.php?rest_route=%2Fwp%2Fv2%2Fmedia&parent=416324"}],"wp:term":[{"taxonomy":"category","embeddable":true,"href":"https:\/\/www.diarioimagen.net\/index.php?rest_route=%2Fwp%2Fv2%2Fcategories&post=416324"},{"taxonomy":"post_tag","embeddable":true,"href":"https:\/\/www.diarioimagen.net\/index.php?rest_route=%2Fwp%2Fv2%2Ftags&post=416324"}],"curies":[{"name":"wp","href":"https:\/\/api.w.org\/{rel}","templated":true}]}}