{"id":416332,"date":"2019-02-22T00:11:44","date_gmt":"2019-02-22T06:11:44","guid":{"rendered":"https:\/\/www.diarioimagen.net\/?p=416332"},"modified":"2019-02-21T23:24:52","modified_gmt":"2019-02-22T05:24:52","slug":"no-lograron-objetivo-quienes-querian-desestabilizar-lopez-obrador","status":"publish","type":"post","link":"https:\/\/www.diarioimagen.net\/?p=416332","title":{"rendered":"No lograron su objetivo quienes quer\u00edan el caos: L\u00f3pez Obrador"},"content":{"rendered":"<ul>\n<li><strong><em>Con tema del abasto de combustibles<\/em><\/strong>\n<p>&nbsp;<\/li>\n<\/ul>\n<p>&nbsp;<\/p>\n<div id=\"attachment_416333\" style=\"width: 470px\" class=\"wp-caption aligncenter\"><img loading=\"lazy\" decoding=\"async\" aria-describedby=\"caption-attachment-416333\" class=\"size-large wp-image-416333\" src=\"https:\/\/www.diarioimagen.net\/wp-content\/uploads\/2019\/02\/AMLO22-portal-460x268.jpg\" alt=\"\" width=\"460\" height=\"268\" srcset=\"https:\/\/www.diarioimagen.net\/wp-content\/uploads\/2019\/02\/AMLO22-portal-460x268.jpg 460w, https:\/\/www.diarioimagen.net\/wp-content\/uploads\/2019\/02\/AMLO22-portal-240x140.jpg 240w, https:\/\/www.diarioimagen.net\/wp-content\/uploads\/2019\/02\/AMLO22-portal.jpg 480w\" sizes=\"auto, (max-width: 460px) 100vw, 460px\" \/><p id=\"caption-attachment-416333\" class=\"wp-caption-text\">Andr\u00e9s Manuel L\u00f3pez Obrador afirm\u00f3 que \u201cno lograron su prop\u00f3sito quienes pensaron que nos iban a desestabilizar\u201d, en el tema del abasto de combustible.<\/p><\/div>\n<p>&nbsp;<\/p>\n<p>&nbsp;<\/p>\n<p>El presidente Andr\u00e9s Manuel L\u00f3pez Obrador afirm\u00f3 que \u201cno lograron su prop\u00f3sito quienes pensaron que nos iban a desestabilizar\u201d, en el tema del abasto de combustible, pues gracias al apoyo de la poblaci\u00f3n, los gobiernos estatales y municipales y de las dependencias federales, ya se estabiliz\u00f3 el suministro en el pa\u00eds.<\/p>\n<p>En su conferencia prensa matutina, se\u00f1al\u00f3 que el plan de combate al robo de combustible ha resultado eficaz, porque en poco tiempo se logr\u00f3 abatir este problema que muchos pensaban no era posible y afirm\u00f3 que este es un caso emblem\u00e1tico de como el combate a la corrupci\u00f3n permite liberar fondos para el desarrollo.<\/p>\n<p>En ese sentido, el Ejecutivo federal asever\u00f3 que habr\u00e1 presupuesto suficiente para impulsar el desarrollo de M\u00e9xico, para crecer al cuatro por ciento, como se proyecta, y sacar de la pobreza a millones de mexicanos, as\u00ed como para serenar al pa\u00eds enfrentando el problema de la inseguridad y la violencia.<\/p>\n<p>\u201cPasamos momentos dif\u00edciles, una semana con desabasto, hubo sabotaje, pero ya hay combustible. La gente se port\u00f3 muy bien, nos respald\u00f3\u201d, expres\u00f3 al dar a conocer avances sobre el plan contra el llamado \u201chuachicol\u201d, donde asever\u00f3 que pese al sabotaje y las resistencias, se estabiliz\u00f3 el abasto de las gasolinas en el pa\u00eds, \u201clo hicimos de manera conjunta\u201d.<\/p>\n<p>El mandatario federal indic\u00f3 que si bien el robo de combustible contin\u00faa en algunos puntos del pa\u00eds, este il\u00edcito se logr\u00f3 disminuir y \u201csi seguimos como vamos podemos ahorrar cerca de 50 mil millones de pesos\u201d, lo que permitir\u00e1 tener finanzas p\u00fablicas sanas, no aumentar impuestos, as\u00ed como financiar programas para el desarrollo y la creaci\u00f3n de empleos.<\/p>\n<p>Consider\u00f3 que el presupuesto asignado a Petr\u00f3leos Mexicanos (Pemex) para su recuperaci\u00f3n es suficiente para sacar adelante a esta empresa productiva del Estado que aporta un bill\u00f3n de pesos y su deuda es de 2 billones, por lo que tiene fortaleza econ\u00f3mica.<\/p>\n<p>Al ser cuestionado sobre los bonos de Pemex que han bajado a partir del anuncio de su recuperaci\u00f3n, dijo que se trata de opiniones ya que de acuerdo con los t\u00e9cnicos de Hacienda las finanzas est\u00e1n bien, se tiene equilibrio y hasta ahora, la moneda no se ha depreciado, sino que por el contrario se ha fortalecido; la bolsa tiene ganancias y Pemex tiene todo el respaldo del gobierno.<\/p>\n<p>\u201cEstoy al tanto de la recaudaci\u00f3n y vamos bien, de acuerdo a lo programado se va recaudando, o sea hay elementos, est\u00e1 creciendo el comercio exterior y hay control de inflaci\u00f3n, creo que vamos a crecer, desde luego, hay quienes opinan de otra manera, yo respeto eso, pero tengo que decir que Pemex tiene recursos suficientes\u201d, coment\u00f3.<\/p>\n<p>El Presidente record\u00f3 que se tiene muy buena relaci\u00f3n con el gobierno de Estados Unidos \u201cno hemos querido decir, ojal\u00e1 y ahora se informe tenemos el compromiso del gobierno de Estados Unidos de una inversi\u00f3n de 4 mil 800 millones de d\u00f3lares, que hemos sido prudentes, no lo hemos dicho\u201d.<\/p>\n<p>Al respecto a\u00f1adi\u00f3 que primero se ten\u00eda compromiso de 2 mil 800 millones y se agregaron 2 mil m\u00e1s para el plan de desarrollo del sur-sureste con el fin de atemperar el fen\u00f3meno migratorio, plan de inversi\u00f3n en el que se trabaja de manera conjunta, adem\u00e1s del compromiso para Centroam\u00e9rica de m\u00e1s de 5 mil millones de d\u00f3lares.<\/p>\n<p>En este contexto, L\u00f3pez Obrador record\u00f3 que el gobierno compra bienes por un bill\u00f3n de pesos al a\u00f1o y se ahorra mucho en las compras de combustible, alimentos, gasto en tecnolog\u00eda y medicamentos.<\/p>\n<p>En este \u00faltimo caso, el Presidente anunci\u00f3 que hoy viernes dar\u00e1 a conocer la relaci\u00f3n de quienes abastec\u00edan de medicinas al gobierno, cu\u00e1nto implicaba y el nombre de las empresas, entre otros datos en esta materia.<\/p>\n<p>Tras comentar que algunos han pedido informar el monto de los gastando en medios como Facebook y Twitter, a\u00f1adi\u00f3 que se informar\u00e1 cu\u00e1nto se gastaba y cu\u00e1nto gasta su administraci\u00f3n, \u201cporque han de pensar que se tienen muchas vistas es porque hay detr\u00e1s todo un aparato, con expertos y especialistas\u201d. Sin embargo el Ejecutivo federal refiri\u00f3 la mayor parte de su videos son grabados con tel\u00e9fonos celulares de quien lo acompa\u00f1a y no se contrata.<\/p>\n<p style=\"text-align: center;\"><strong>\u201cCortan\u201d conferencia ma\u00f1anera por falsa alarma de sismo<\/strong><\/p>\n<p>La conferencia matutina m\u00e1s larga que ha encabezado el presidente Andr\u00e9s Manuel L\u00f3pez Obrador, se vio interrumpida la ma\u00f1ana de ayer jueves por el sonido de una \u201calerta s\u00edsmica\u201d.<\/p>\n<p>Luego que el sonido se escuch\u00f3 al interior del Sal\u00f3n Tesorer\u00eda de Palacio Nacional, el mandatario pidi\u00f3 a los presentes salir con calma del recinto.<\/p>\n<p>\u201cVamos caminando, sin perder la calma, tranquilos. Nos vemos ma\u00f1ana\u201d, expres\u00f3, luego de m\u00e1s de dos horas de exponer su tema y responder preguntas de los medios.<\/p>\n<p>Integrantes del equipo de ayudant\u00eda se acercaron al tabasque\u00f1o y lo acompa\u00f1aron en su salida del lugar, que tambi\u00e9n fue evacuado por los secretarios de Estado y funcionarios federales que acudieron a la conferencia.<\/p>\n<p>Los representantes de los medios de comunicaci\u00f3n fueron desalojados por una puerta lateral, y al salir, los elementos del Ej\u00e9rcito que resguardan la zona aseguraron que la alerta s\u00edsmica no se hab\u00eda escuchado afuera del sal\u00f3n.<\/p>\n<p>En el C5 de la Ciudad de M\u00e9xico se confirm\u00f3 que no se activ\u00f3 la alerta s\u00edsmica. Hora de publicaci\u00f3n: 09:42 horras.<\/p>\n","protected":false},"excerpt":{"rendered":"<p>El presidente Andr\u00e9s Manuel L\u00f3pez Obrador afirm\u00f3 que \u201cno lograron su prop\u00f3sito quienes pensaron que nos iban a desestabilizar\u201d, en el tema del abasto de combustible, pues gracias al apoyo de la poblaci\u00f3n, los gobiernos estatales y municipales y de las dependencias federales, ya se estabiliz\u00f3 el suministro en el pa\u00eds.<\/p>\n","protected":false},"author":5,"featured_media":416333,"comment_status":"open","ping_status":"open","sticky":false,"template":"","format":"standard","meta":{"_monsterinsights_skip_tracking":false,"_monsterinsights_sitenote_active":false,"_monsterinsights_sitenote_note":"","_monsterinsights_sitenote_category":0,"footnotes":""},"categories":[3],"tags":[81637,83087,48610,81020,43673,83086,83132],"class_list":["post-416332","post","type-post","status-publish","format-standard","has-post-thumbnail","hentry","category-nacional","tag-abasto-de-combustible","tag-abasto-de-combustibles","tag-casos","tag-lopez-obrador","tag-nacional","tag-no-lograron-objetivo","tag-objertivos"],"_links":{"self":[{"href":"https:\/\/www.diarioimagen.net\/index.php?rest_route=\/wp\/v2\/posts\/416332","targetHints":{"allow":["GET"]}}],"collection":[{"href":"https:\/\/www.diarioimagen.net\/index.php?rest_route=\/wp\/v2\/posts"}],"about":[{"href":"https:\/\/www.diarioimagen.net\/index.php?rest_route=\/wp\/v2\/types\/post"}],"author":[{"embeddable":true,"href":"https:\/\/www.diarioimagen.net\/index.php?rest_route=\/wp\/v2\/users\/5"}],"replies":[{"embeddable":true,"href":"https:\/\/www.diarioimagen.net\/index.php?rest_route=%2Fwp%2Fv2%2Fcomments&post=416332"}],"version-history":[{"count":0,"href":"https:\/\/www.diarioimagen.net\/index.php?rest_route=\/wp\/v2\/posts\/416332\/revisions"}],"wp:featuredmedia":[{"embeddable":true,"href":"https:\/\/www.diarioimagen.net\/index.php?rest_route=\/wp\/v2\/media\/416333"}],"wp:attachment":[{"href":"https:\/\/www.diarioimagen.net\/index.php?rest_route=%2Fwp%2Fv2%2Fmedia&parent=416332"}],"wp:term":[{"taxonomy":"category","embeddable":true,"href":"https:\/\/www.diarioimagen.net\/index.php?rest_route=%2Fwp%2Fv2%2Fcategories&post=416332"},{"taxonomy":"post_tag","embeddable":true,"href":"https:\/\/www.diarioimagen.net\/index.php?rest_route=%2Fwp%2Fv2%2Ftags&post=416332"}],"curies":[{"name":"wp","href":"https:\/\/api.w.org\/{rel}","templated":true}]}}