{"id":416346,"date":"2019-02-22T00:08:16","date_gmt":"2019-02-22T06:08:16","guid":{"rendered":"https:\/\/www.diarioimagen.net\/?p=416346"},"modified":"2019-02-22T01:03:24","modified_gmt":"2019-02-22T07:03:24","slug":"voces-de-catedral-celebra-su-quinta-temporada","status":"publish","type":"post","link":"https:\/\/www.diarioimagen.net\/?p=416346","title":{"rendered":"\u201cVoces de Catedral\u201d celebra su quinta temporada"},"content":{"rendered":"<ul>\n<li><em><strong>Una propuesta creativa que combina historia, m\u00fasica y arte,\u00a0 a la vez que difunde un mensaje evangelizador, en un ambiente que propicia la observaci\u00f3n, el aprendizaje y la reflexi\u00f3n en torno\u00a0a uno de los monumentos m\u00e1s bellos y emblem\u00e1ticos del centro de la Ciudad de M\u00e9xico<\/strong><\/em><\/li>\n<\/ul>\n<h6>Asael Grande<\/h6>\n<p><strong>\u00a0<\/strong><\/p>\n<div id=\"attachment_416347\" style=\"width: 470px\" class=\"wp-caption aligncenter\"><img loading=\"lazy\" decoding=\"async\" aria-describedby=\"caption-attachment-416347\" class=\"size-large wp-image-416347\" src=\"https:\/\/www.diarioimagen.net\/wp-content\/uploads\/2019\/02\/voces-de-catedral-1-portal-460x268.jpg\" alt=\"\" width=\"460\" height=\"268\" srcset=\"https:\/\/www.diarioimagen.net\/wp-content\/uploads\/2019\/02\/voces-de-catedral-1-portal-460x268.jpg 460w, https:\/\/www.diarioimagen.net\/wp-content\/uploads\/2019\/02\/voces-de-catedral-1-portal-240x140.jpg 240w, https:\/\/www.diarioimagen.net\/wp-content\/uploads\/2019\/02\/voces-de-catedral-1-portal.jpg 480w\" sizes=\"auto, (max-width: 460px) 100vw, 460px\" \/><p id=\"caption-attachment-416347\" class=\"wp-caption-text\">El recorrido cierra con broche de oro frente al Altar de los Reyes, espl\u00e9ndida obra del barroco mexicano, donde los actores dan cuenta de la riqueza iconogr\u00e1fica y de sus creadores.<em> (Fotos: Asael Grande)<\/em><\/p><\/div>\n<p>&nbsp;<\/p>\n<p>En la Catedral Metropolitana se lleva a cabo la quinta temporada de \u201cVoces de Catedral\u201d: una propuesta creativa que combina historia, m\u00fasica y arte, a la vez que difunde un mensaje evangelizador, en un ambiente que propicia la observaci\u00f3n el aprendizaje y la reflexi\u00f3n en torno a uno de los monumentos m\u00e1s bellos y emblem\u00e1ticos del Centro de la Ciudad de M\u00e9xico. El texto original de la obra fue escrito por el padre Jos\u00e9 de Jes\u00fas Aguilar. La propuesta actual cuenta con la m\u00fasica en vivo de los dos \u00f3rganos monumentales, restaurados gracias a la aportaci\u00f3n econ\u00f3mica de la fundaci\u00f3n Alfredo Harp Hel\u00fa.<\/p>\n<p>El interior de la Catedral Metropolitana de M\u00e9xico es el escenario espl\u00e9ndido donde las voces y los personajes de otras \u00e9pocas cobran vida y se remontan a una historia que inicia en agosto de 1521 con la ca\u00edda de M\u00e9xico- Tenochtitl\u00e1n.<\/p>\n<div id=\"attachment_416348\" style=\"width: 341px\" class=\"wp-caption alignleft\"><img loading=\"lazy\" decoding=\"async\" aria-describedby=\"caption-attachment-416348\" class=\" wp-image-416348\" src=\"https:\/\/www.diarioimagen.net\/wp-content\/uploads\/2019\/02\/voces-de-catedral-2-portal-460x307.jpg\" alt=\"\" width=\"331\" height=\"198\" \/><p id=\"caption-attachment-416348\" class=\"wp-caption-text\">Espacios reservados como la Sacrist\u00eda, se abren para que el visitante admire las cajoneras antiguas, ornamentos lit\u00fargicos y obras de arte sacro de primera calidad.<\/p><\/div>\n<p>La oportunidad es \u00fanica para conocer datos precisos sobre la Catedral y los estilos que la caracterizan, disfrutar de la arquitectura monumental interior y de los espacios m\u00e1s signi cativos. Adem\u00e1s de la historia, la m\u00fasica adquiere una presencia especial en las catedrales y espec\u00edficamente en el coro, por lo que las puertas de este magn\u00edfico espacio se abren para dejar al descubierto una siller\u00eda \u00fanica, tallada en madera, y el enorme facistol donde se colocan los libros de coro.<\/p>\n<p>Un momento culminante del recorrido tiene lugar cuando los sonidos de los \u00f3rganos monumentales cobran vida y emiten sonidos espl\u00e9ndidamente articulados por los maestros organistas que crean melod\u00edas \u00fanicas.<\/p>\n<p>Otra presencia fundamental es la liturgia, que adquiere un significado especial en el Altar Mayor de la Catedral. Cabe mencionar que hay tres altares: el del Perd\u00f3n, el Mayor y el de los Reyes. Cada uno luce majestuoso y deja al descubierto la obra de prestigiados artistas de diferentes \u00e9pocas.<\/p>\n<p>Espacios reservados como la Sacrist\u00ed\u00eda, se abren para que el visitante admire las cajoneras antiguas, ornamentos lit\u00faurgicos y obras de arte sacro de primera calidad, as\u00ed como la producci\u00f3n de pintores de renombre como Juan<\/p>\n<div id=\"attachment_416349\" style=\"width: 212px\" class=\"wp-caption alignright\"><img loading=\"lazy\" decoding=\"async\" aria-describedby=\"caption-attachment-416349\" class=\" wp-image-416349\" src=\"https:\/\/www.diarioimagen.net\/wp-content\/uploads\/2019\/02\/voces-de-catedral-3-portal-307x460.jpg\" alt=\"\" width=\"202\" height=\"285\" \/><p id=\"caption-attachment-416349\" class=\"wp-caption-text\">\u201cVoces de Catedral\u201d se presenta todos los mi\u00e9rcoles a las 20:00 horas. Los boletos se pueden adquirir en el m\u00f3dulo de misas en un horario de 11:00 a 15:00 horas, o bien, media hora antes de la funci\u00f3n. Para mayores informes llamar al 41 65 40 13 o al 55 10 04 40 extensi\u00f3n 101 y al 55 46 40 13.<\/p><\/div>\n<p>Correa y Crist\u00f3bal de Villalpando, plasmada en enormes lienzos de tema religioso, que re ejan la m\u00edstica del periodo virreinal y siguen siendo objeto del fervor de los creyentes y la admiraci\u00f3n de los especialistas en arte barroco.<\/p>\n<p>El recorrido cierra con broche de oro frente al Altar de los Reyes, espl\u00e9ndida obra del barroco mexicano donde los actores dan cuenta de la riqueza iconogr\u00e1fica y de sus creadores.<\/p>\n<p>La compa\u00f1\u00eda teatral se form\u00f3 gracias a la iniciativa del padre Victoriano Mart\u00ednez, actual director, con la anuencia del Cabildo Metropolitano y el De\u00e1n de la Catedral, el padre Francisco Espinoza Estrada y la direcci\u00f3n de los \u00f3rganos monumentales se debe al padre Felipe Galicia.<\/p>\n<p>\u201cVoces de Catedral\u201d, los mi\u00e9rcoles a las 20:00 horas. Los boletos se pueden adquirir en el m\u00f3dulo de misas en un horario de 11:00 a 15:00 horas o bien media hora antes de la funci\u00f3n, el acceso por la puerta lateral de Catedral frente al Monte de Piedad. Para mayores informes llamar al 41 65 40 13 o al 55 10 04 40 extensi\u00f3n 101 y al 55 46 40.<\/p>\n","protected":false},"excerpt":{"rendered":"<p>En la Catedral Metropolitana se lleva a cabo la quinta temporada de \u201cVoces de Catedral\u201d: una propuesta creativa que combina historia, m\u00fasica y arte, a la vez que difunde un mensaje evangelizador, en un ambiente que propicia la observaci\u00f3n el aprendizaje y la reflexi\u00f3n en torno a uno de los monumentos m\u00e1s bellos y emblem\u00e1ticos del Centro de la Ciudad de M\u00e9xico.<\/p>\n","protected":false},"author":5,"featured_media":416347,"comment_status":"open","ping_status":"open","sticky":false,"template":"","format":"standard","meta":{"_monsterinsights_skip_tracking":false,"_monsterinsights_sitenote_active":false,"_monsterinsights_sitenote_note":"","_monsterinsights_sitenote_category":0,"footnotes":""},"categories":[12],"tags":[83098,83096,65606,83097,43682,83099,83095,76344],"class_list":["post-416346","post","type-post","status-publish","format-standard","has-post-thumbnail","hentry","category-espectaculos","tag-alfredo-harp-helu","tag-bellos-y-emblematicos","tag-catedral-metropolitana","tag-centro-de-la-ciudad-de-mexico","tag-espectaculos","tag-mexico-tenochtitlan","tag-quinta-temporada","tag-voces-de-catedral"],"_links":{"self":[{"href":"https:\/\/www.diarioimagen.net\/index.php?rest_route=\/wp\/v2\/posts\/416346","targetHints":{"allow":["GET"]}}],"collection":[{"href":"https:\/\/www.diarioimagen.net\/index.php?rest_route=\/wp\/v2\/posts"}],"about":[{"href":"https:\/\/www.diarioimagen.net\/index.php?rest_route=\/wp\/v2\/types\/post"}],"author":[{"embeddable":true,"href":"https:\/\/www.diarioimagen.net\/index.php?rest_route=\/wp\/v2\/users\/5"}],"replies":[{"embeddable":true,"href":"https:\/\/www.diarioimagen.net\/index.php?rest_route=%2Fwp%2Fv2%2Fcomments&post=416346"}],"version-history":[{"count":0,"href":"https:\/\/www.diarioimagen.net\/index.php?rest_route=\/wp\/v2\/posts\/416346\/revisions"}],"wp:featuredmedia":[{"embeddable":true,"href":"https:\/\/www.diarioimagen.net\/index.php?rest_route=\/wp\/v2\/media\/416347"}],"wp:attachment":[{"href":"https:\/\/www.diarioimagen.net\/index.php?rest_route=%2Fwp%2Fv2%2Fmedia&parent=416346"}],"wp:term":[{"taxonomy":"category","embeddable":true,"href":"https:\/\/www.diarioimagen.net\/index.php?rest_route=%2Fwp%2Fv2%2Fcategories&post=416346"},{"taxonomy":"post_tag","embeddable":true,"href":"https:\/\/www.diarioimagen.net\/index.php?rest_route=%2Fwp%2Fv2%2Ftags&post=416346"}],"curies":[{"name":"wp","href":"https:\/\/api.w.org\/{rel}","templated":true}]}}