{"id":416386,"date":"2019-02-22T00:11:05","date_gmt":"2019-02-22T06:11:05","guid":{"rendered":"https:\/\/www.diarioimagen.net\/?p=416386"},"modified":"2019-02-22T03:10:38","modified_gmt":"2019-02-22T09:10:38","slug":"entregan-remodelacion-de-centro-de-rehabilitacion-difem","status":"publish","type":"post","link":"https:\/\/www.diarioimagen.net\/?p=416386","title":{"rendered":"Entregan remodelaci\u00f3n de centro de rehabilitaci\u00f3n DIFEM"},"content":{"rendered":"<ul>\n<li><em><strong>Edomex, referente nacional en apoyo a personas con discapacidad<\/strong><\/em><\/li>\n<li><em><strong>Ampliar\u00e1 cobertura de atenci\u00f3n, al pasar de 350 a 500 pacientes diariamente<\/strong><\/em><\/li>\n<\/ul>\n<p>&nbsp;<\/p>\n<p>&nbsp;<\/p>\n<div id=\"attachment_416470\" style=\"width: 310px\" class=\"wp-caption alignleft\"><a href=\"https:\/\/www.diarioimagen.net\/?attachment_id=416470\" rel=\"attachment wp-att-416470\"><img loading=\"lazy\" decoding=\"async\" aria-describedby=\"caption-attachment-416470\" class=\" wp-image-416470\" src=\"https:\/\/www.diarioimagen.net\/wp-content\/uploads\/2019\/02\/del-mazo-3-307x460.jpg\" alt=\"\" width=\"300\" height=\"450\" srcset=\"https:\/\/www.diarioimagen.net\/wp-content\/uploads\/2019\/02\/del-mazo-3-307x460.jpg 307w, https:\/\/www.diarioimagen.net\/wp-content\/uploads\/2019\/02\/del-mazo-3-160x240.jpg 160w, https:\/\/www.diarioimagen.net\/wp-content\/uploads\/2019\/02\/del-mazo-3.jpg 467w\" sizes=\"auto, (max-width: 300px) 100vw, 300px\" \/><\/a><p id=\"caption-attachment-416470\" class=\"wp-caption-text\">El gobernador Alfredo del Mazo Maza, acompa\u00f1ado por su esposa, Fernanda Castillo de Del Mazo, recorrieron el Centro de Rehabilitaci\u00f3n y Educaci\u00f3n Especial.<\/p><\/div>\n<p><strong>Toluca, Estado de M\u00e9xico<\/strong>.- Para mejorar la atenci\u00f3n que reciben las personas con discapacidad, principalmente las que habitan en el Valle de Toluca, el gobernador Alfredo Del Mazo Maza entreg\u00f3 la remodelaci\u00f3n del Centro de Rehabilitaci\u00f3n y Educaci\u00f3n Especial (CREE), con lo cual se fortalecen los servicios de terapia en instalaciones m\u00e1s adecuadas, modernas y con tecnolog\u00eda de vanguardia.<\/p>\n<p>\u201cLa realidad es que es pr\u00e1cticamente como si fuera un centro nuevo, un centro nuevo que tiene los espacios m\u00e1s actuales y m\u00e1s modernos para apoyar a todas las personas que tienen alguna discapacidad y que requieren desde el apoyo para ayudarles a llevar a cabo sus actividades cotidianas, hasta tambi\u00e9n terapias que nos permiten identificar y atender oportunamente, en la temprana edad, en los ni\u00f1os, en los peque\u00f1os, cualquier necesidad de estimulaci\u00f3n que se requiera para ellos\u201d.<\/p>\n<p>Acompa\u00f1ado por su esposa, Fernanda Castillo de Del Mazo, con quien recorri\u00f3 las \u00e1reas remodeladas de este centro, el mandatario mexiquense indic\u00f3 que las obras requirieron una inversi\u00f3n superior a 84 millones de pesos, y que la remodelaci\u00f3n permitir\u00e1 incrementar las modalidades de atenci\u00f3n en terapia f\u00edsica y aumentar la atenci\u00f3n al pasar de 350 a 500 pacientes al d\u00eda.<\/p>\n<p>Asimismo, enfatiz\u00f3 que su administraci\u00f3n tiene el compromiso de impulsar programas de atenci\u00f3n para quienes presentan alguna discapacidad, para garantizar su desarrollo con servicios de salud de calidad y con medios suficientes para alcanzar sus metas, donde los derechos de estas personas y de sus familias sean un pilar para construir una sociedad en la que la cultura del respeto, la tolerancia y la inclusi\u00f3n formen parte de los hogares y las comunidades.<\/p>\n<p>\u201cNuestros esfuerzos est\u00e1n encaminados a construir familias fuertes y para lograrlo nuestro compromiso es ofrecer condiciones de vida dignas e incluyentes, para que todas las personas logren desenvolverse en un ambiente de entendimiento y de oportunidades\u201d.<\/p>\n<p>En el mensaje que dirigi\u00f3 a pacientes de este centro, personal m\u00e9dico, adultos mayores, funcionarios estatales y municipales, Del Mazo Maza recalc\u00f3 que a nivel nacional, el Estado de M\u00e9xico es referente en el apoyo a personas con discapacidad, y precis\u00f3 que en el primer a\u00f1o de Gobierno se otorgaron m\u00e1s de 2 millones 300 mil terapias f\u00edsicas y de rehabilitaci\u00f3n, en beneficio de m\u00e1s de 242 mil personas<\/p>\n<p>Tambi\u00e9n reconoci\u00f3 el esfuerzo y la dedicaci\u00f3n de las personas que hicieron posible la remodelaci\u00f3n de este espacio, en especial a su esposa y Presidenta Honoraria del Sistema para el Desarrollo Integral de la Familia del Estado de M\u00e9xico (DIFEM), Fernanda Castillo, as\u00ed como a los especialistas y a los familiares de los pacientes.<\/p>\n<p>La remodelaci\u00f3n y equipamiento del CREE contempla la adquisici\u00f3n de la c\u00e1mara multisensorial m\u00e1s grande y de alta tecnolog\u00eda de la entidad y la primera en el pa\u00eds con el dispositivo Opti Music, que estimula la interacci\u00f3n de los sentidos de los pacientes.<\/p>\n<p>La rehabilitaci\u00f3n incluy\u00f3 las \u00e1reas de terapia f\u00edsica, ocupacional y de lenguaje, barda perimetral, el acceso, gu\u00eda podot\u00e1ctil, colocaci\u00f3n de techumbre, adem\u00e1s se adquiri\u00f3 un equipo de presoterapia, para tratar secuelas de c\u00e1ncer de mama y de pr\u00f3stata, un ultrasonido m\u00fasculo esquel\u00e9tico, electroencefalograma, electromiograf\u00eda, c\u00e1mara sonomortiguada, rayos X y unidad dental. El gobernador Del Mazo destac\u00f3 que las obras tambi\u00e9n fortalecen la formaci\u00f3n de profesionistas en terapia f\u00edsica, ocupacional y de m\u00e9dicos especialistas en rehabilitaci\u00f3n, con la construcci\u00f3n de aulas de ense\u00f1anza, a la par de impulsar la investigaci\u00f3n en tecnolog\u00eda como pr\u00f3tesis, en beneficio de quienes requieren o utilizan este tipo de apoyos.<\/p>\n<p>\u201cEs un centro de formaci\u00f3n que nos va a permitir preparar a m\u00e1s personas que se dediquen a apoyar a las familias que requieren alguna atenci\u00f3n especial. Y de igual manera es un centro de investigaci\u00f3n, porque tambi\u00e9n ayuda a desarrollar tecnolog\u00eda, como por ejemplo las pr\u00f3tesis que se requieren para rehabilitar o para apoyar a personas que tuvieron alguna accidente o alguna discapacidad\u201d, concluy\u00f3.<\/p>\n","protected":false},"excerpt":{"rendered":"<p>Para mejorar la atenci\u00f3n que reciben las personas con discapacidad, principalmente las que habitan en el Valle de Toluca, el gobernador Alfredo Del Mazo Maza entreg\u00f3 la remodelaci\u00f3n del Centro de Rehabilitaci\u00f3n y Educaci\u00f3n Especial (CREE), con lo cual se fortalecen los servicios de terapia en instalaciones m\u00e1s adecuadas, modernas y con tecnolog\u00eda de vanguardia.<\/p>\n","protected":false},"author":3,"featured_media":416472,"comment_status":"open","ping_status":"open","sticky":false,"template":"","format":"standard","meta":{"_monsterinsights_skip_tracking":false,"_monsterinsights_sitenote_active":false,"_monsterinsights_sitenote_note":"","_monsterinsights_sitenote_category":0,"footnotes":""},"categories":[5],"tags":[394,43675,83129,452],"class_list":["post-416386","post","type-post","status-publish","format-standard","has-post-thumbnail","hentry","category-estado-de-mexico","tag-difem","tag-estado-de-mexico","tag-rehabilitaciion","tag-toluca"],"_links":{"self":[{"href":"https:\/\/www.diarioimagen.net\/index.php?rest_route=\/wp\/v2\/posts\/416386","targetHints":{"allow":["GET"]}}],"collection":[{"href":"https:\/\/www.diarioimagen.net\/index.php?rest_route=\/wp\/v2\/posts"}],"about":[{"href":"https:\/\/www.diarioimagen.net\/index.php?rest_route=\/wp\/v2\/types\/post"}],"author":[{"embeddable":true,"href":"https:\/\/www.diarioimagen.net\/index.php?rest_route=\/wp\/v2\/users\/3"}],"replies":[{"embeddable":true,"href":"https:\/\/www.diarioimagen.net\/index.php?rest_route=%2Fwp%2Fv2%2Fcomments&post=416386"}],"version-history":[{"count":0,"href":"https:\/\/www.diarioimagen.net\/index.php?rest_route=\/wp\/v2\/posts\/416386\/revisions"}],"wp:featuredmedia":[{"embeddable":true,"href":"https:\/\/www.diarioimagen.net\/index.php?rest_route=\/wp\/v2\/media\/416472"}],"wp:attachment":[{"href":"https:\/\/www.diarioimagen.net\/index.php?rest_route=%2Fwp%2Fv2%2Fmedia&parent=416386"}],"wp:term":[{"taxonomy":"category","embeddable":true,"href":"https:\/\/www.diarioimagen.net\/index.php?rest_route=%2Fwp%2Fv2%2Fcategories&post=416386"},{"taxonomy":"post_tag","embeddable":true,"href":"https:\/\/www.diarioimagen.net\/index.php?rest_route=%2Fwp%2Fv2%2Ftags&post=416386"}],"curies":[{"name":"wp","href":"https:\/\/api.w.org\/{rel}","templated":true}]}}