{"id":416388,"date":"2019-02-22T00:10:31","date_gmt":"2019-02-22T06:10:31","guid":{"rendered":"https:\/\/www.diarioimagen.net\/?p=416388"},"modified":"2019-02-22T03:11:37","modified_gmt":"2019-02-22T09:11:37","slug":"la-uaem-celebra-12o-aniversario-de-uni-radio","status":"publish","type":"post","link":"https:\/\/www.diarioimagen.net\/?p=416388","title":{"rendered":"La UAEM celebra 12\u00ba aniversario de Uni Radio"},"content":{"rendered":"<ul>\n<li><strong><em>Espacio de libertad creativa<\/em><\/strong><\/li>\n<\/ul>\n<p>&nbsp;<\/p>\n<div id=\"attachment_416475\" style=\"width: 470px\" class=\"wp-caption aligncenter\"><a href=\"https:\/\/www.diarioimagen.net\/?attachment_id=416475\" rel=\"attachment wp-att-416475\"><img loading=\"lazy\" decoding=\"async\" aria-describedby=\"caption-attachment-416475\" class=\"size-large wp-image-416475\" src=\"https:\/\/www.diarioimagen.net\/wp-content\/uploads\/2019\/02\/UAEM-22-460x259.jpg\" alt=\"\" width=\"460\" height=\"259\" srcset=\"https:\/\/www.diarioimagen.net\/wp-content\/uploads\/2019\/02\/UAEM-22-460x259.jpg 460w, https:\/\/www.diarioimagen.net\/wp-content\/uploads\/2019\/02\/UAEM-22-240x135.jpg 240w, https:\/\/www.diarioimagen.net\/wp-content\/uploads\/2019\/02\/UAEM-22-235x132.jpg 235w, https:\/\/www.diarioimagen.net\/wp-content\/uploads\/2019\/02\/UAEM-22-202x114.jpg 202w, https:\/\/www.diarioimagen.net\/wp-content\/uploads\/2019\/02\/UAEM-22-350x196.jpg 350w, https:\/\/www.diarioimagen.net\/wp-content\/uploads\/2019\/02\/UAEM-22-220x123.jpg 220w, https:\/\/www.diarioimagen.net\/wp-content\/uploads\/2019\/02\/UAEM-22-237x132.jpg 237w, https:\/\/www.diarioimagen.net\/wp-content\/uploads\/2019\/02\/UAEM-22.jpg 480w\" sizes=\"auto, (max-width: 460px) 100vw, 460px\" \/><\/a><p id=\"caption-attachment-416475\" class=\"wp-caption-text\">El rector, Alfredo Barrera Baca, manifest\u00f3 que la radiodifusora universitaria es ejemplo de c\u00f3mo esta casa de estudios ofrece un espacio de libertad creativa y expresi\u00f3n para formar nuevas audiencias.<\/p><\/div>\n<p>&nbsp;<\/p>\n<p><strong>Toluca, Estado de M\u00e9xico<\/strong>.- Resultado de su trabajo perseverante, inteligente y apasionado, los integrantes de Uni Radio 99.7 FM cultivan un p\u00fablico amplio y diverso, asever\u00f3 el rector Alfredo Barrera Baca, durante la visita que realiz\u00f3 a las instalaciones de la radiodifusora de la Universidad Aut\u00f3noma del Estado de M\u00e9xico, con motivo de su 12\u00ba aniversario.<\/p>\n<p>Acompa\u00f1ado del director general de Comunicaci\u00f3n Universitaria, Gast\u00f3n Pedraza Mu\u00f1oz, el rector destac\u00f3 que resultado de un excelente trabajo, recientemente el Instituto Federal de Telecomunicaciones otorg\u00f3 a Uni Radio la concesi\u00f3n \u00fanica para uso p\u00fablico que le autoriza prestar sus servicios a la sociedad por tres d\u00e9cadas.<\/p>\n<p>Al aire, durante la trasmisi\u00f3n del programa \u201cSignos en rotaci\u00f3n\u201d, indic\u00f3 que adem\u00e1s de entretener, la labor fundamental de Uni Radio es difundir y divulgar entre la comunidad universitaria y la sociedad en general, de una forma concisa y clara, el quehacer y conocimiento que genera la instituci\u00f3n.<\/p>\n<p>Ante el director de Uni Radio, Marinho Aguilar Albarr\u00e1n, Alfredo Barrera Baca manifest\u00f3 que la estaci\u00f3n radiof\u00f3nica universitaria es ejemplo de c\u00f3mo esta casa de estudios ofrece un espacio de libertad creativa y expresi\u00f3n para formar nuevas audiencias.<\/p>\n<p>En tanto, Gast\u00f3n Pedraza Mu\u00f1oz se\u00f1al\u00f3 que, con 12 a\u00f1os de existencia, Uni Radio 99.7 destaca por su trabajo tenaz, la generaci\u00f3n continua de propuestas innovadoras y contenidos para los radioescuchas, lo que permite que contribuya a forjar una identidad y arraigo entre la sociedad.<\/p>\n","protected":false},"excerpt":{"rendered":"<p>Resultado de su trabajo perseverante, inteligente y apasionado, los integrantes de Uni Radio 99.7 FM cultivan un p\u00fablico amplio y diverso, asever\u00f3 el rector Alfredo Barrera Baca, durante la visita que realiz\u00f3 a las instalaciones de la radiodifusora de la Universidad Aut\u00f3noma del Estado de M\u00e9xico, con motivo de su 12\u00ba aniversario.<\/p>\n","protected":false},"author":3,"featured_media":416475,"comment_status":"open","ping_status":"open","sticky":false,"template":"","format":"standard","meta":{"_monsterinsights_skip_tracking":false,"_monsterinsights_sitenote_active":false,"_monsterinsights_sitenote_note":"","_monsterinsights_sitenote_category":0,"footnotes":""},"categories":[5],"tags":[21999,43675,452,71023,83130],"class_list":["post-416388","post","type-post","status-publish","format-standard","has-post-thumbnail","hentry","category-estado-de-mexico","tag-aniversario","tag-estado-de-mexico","tag-toluca","tag-uni-radio","tag-uni-radio-99-7-fm"],"_links":{"self":[{"href":"https:\/\/www.diarioimagen.net\/index.php?rest_route=\/wp\/v2\/posts\/416388","targetHints":{"allow":["GET"]}}],"collection":[{"href":"https:\/\/www.diarioimagen.net\/index.php?rest_route=\/wp\/v2\/posts"}],"about":[{"href":"https:\/\/www.diarioimagen.net\/index.php?rest_route=\/wp\/v2\/types\/post"}],"author":[{"embeddable":true,"href":"https:\/\/www.diarioimagen.net\/index.php?rest_route=\/wp\/v2\/users\/3"}],"replies":[{"embeddable":true,"href":"https:\/\/www.diarioimagen.net\/index.php?rest_route=%2Fwp%2Fv2%2Fcomments&post=416388"}],"version-history":[{"count":0,"href":"https:\/\/www.diarioimagen.net\/index.php?rest_route=\/wp\/v2\/posts\/416388\/revisions"}],"wp:featuredmedia":[{"embeddable":true,"href":"https:\/\/www.diarioimagen.net\/index.php?rest_route=\/wp\/v2\/media\/416475"}],"wp:attachment":[{"href":"https:\/\/www.diarioimagen.net\/index.php?rest_route=%2Fwp%2Fv2%2Fmedia&parent=416388"}],"wp:term":[{"taxonomy":"category","embeddable":true,"href":"https:\/\/www.diarioimagen.net\/index.php?rest_route=%2Fwp%2Fv2%2Fcategories&post=416388"},{"taxonomy":"post_tag","embeddable":true,"href":"https:\/\/www.diarioimagen.net\/index.php?rest_route=%2Fwp%2Fv2%2Ftags&post=416388"}],"curies":[{"name":"wp","href":"https:\/\/api.w.org\/{rel}","templated":true}]}}