{"id":416398,"date":"2019-02-22T00:10:05","date_gmt":"2019-02-22T06:10:05","guid":{"rendered":"https:\/\/www.diarioimagen.net\/?p=416398"},"modified":"2019-02-22T03:35:44","modified_gmt":"2019-02-22T09:35:44","slug":"si-gobernadores-quieren-aviones-que-los-compren-amlo","status":"publish","type":"post","link":"https:\/\/www.diarioimagen.net\/?p=416398","title":{"rendered":"\u201cSi gobernadores quieren aviones, que los compren\u201d: AMLO"},"content":{"rendered":"<p><a href=\"https:\/\/www.diarioimagen.net\/?attachment_id=416478\" rel=\"attachment wp-att-416478\"><img loading=\"lazy\" decoding=\"async\" class=\"aligncenter size-large wp-image-416478\" src=\"https:\/\/www.diarioimagen.net\/wp-content\/uploads\/2019\/02\/AVIONES22-460x259.jpg\" alt=\"\" width=\"460\" height=\"259\" srcset=\"https:\/\/www.diarioimagen.net\/wp-content\/uploads\/2019\/02\/AVIONES22-460x259.jpg 460w, https:\/\/www.diarioimagen.net\/wp-content\/uploads\/2019\/02\/AVIONES22-240x135.jpg 240w, https:\/\/www.diarioimagen.net\/wp-content\/uploads\/2019\/02\/AVIONES22-235x132.jpg 235w, https:\/\/www.diarioimagen.net\/wp-content\/uploads\/2019\/02\/AVIONES22-202x114.jpg 202w, https:\/\/www.diarioimagen.net\/wp-content\/uploads\/2019\/02\/AVIONES22-350x196.jpg 350w, https:\/\/www.diarioimagen.net\/wp-content\/uploads\/2019\/02\/AVIONES22-220x123.jpg 220w, https:\/\/www.diarioimagen.net\/wp-content\/uploads\/2019\/02\/AVIONES22-237x132.jpg 237w, https:\/\/www.diarioimagen.net\/wp-content\/uploads\/2019\/02\/AVIONES22.jpg 480w\" sizes=\"auto, (max-width: 460px) 100vw, 460px\" \/><\/a><\/p>\n<p>&nbsp;<\/p>\n<p>El presidente Andr\u00e9s Manuel L\u00f3pez Obrador dijo desconocer que algunos gobernadores tienen aviones o helic\u00f3pteros prestados por el gobierno federal, los cuales se incluir\u00e1n en la subasta de abril.<\/p>\n<p>De acuerdo con el Presidente, si los mandatarios quieren conservarlos tendr\u00e1n que comprarlos en la subasta.\u00a0 Sin dar los nombres de los gobernadores con dichos helic\u00f3pteros, dijo que ya est\u00e1n en pl\u00e1ticas para decidir el destino de las unidades.<\/p>\n<p>\u201c\u00a1No sab\u00eda! Cada vez descubro nuevas cosas, ahora me informaron que hay helic\u00f3pteros de gobernadores que est\u00e1n prestados, que son nuestros.<\/p>\n<p>Habl\u00e1bamos que se iban a vender 54 los de la flotilla del gobierno federal, pero hay otros que son decomisados por Hacienda y que se entregaron en comodato, entonces vamos a revisar eso en buen plan y si les son \u00fatiles los van a tener que comprar porque nosotros lo que queremos es venderlos\u201d.<\/p>\n<p>Reiter\u00f3 que en su gobierno \u00fanicamente ser\u00e1n los secretarios de la Defensa Nacional y de Marina quienes puedan hacer uso de los helic\u00f3pteros y aviones pertenecientes a estas corporaciones.<\/p>\n<p>Lo anterior, luego de que el mi\u00e9rcoles, el Presidente viaj\u00f3 a Monterrey en vuelo comercial, mientras que Luis Cresencio Sandoval, titular de la Sedena y Rafael Ojeda, titular de la Marina, se trasladaron en una aeronave de las fuerzas armadas.<\/p>\n<p>\u201cSon los \u00fanicos que van a poder utilizar los aviones del Ej\u00e9rcito y la Marina, son los \u00fanicos que podr\u00e1n usarlos por su labor, que si yo me tardo en llegar \u00a1Ellos no!\u00a0 Por eso hemos decidido que se queda toda la flotilla al servicio de la Marina, del Ej\u00e9rcito y de Protecci\u00f3n Civil\u201d, argument\u00f3 el Presidente.<\/p>\n","protected":false},"excerpt":{"rendered":"<p>El presidente Andr\u00e9s Manuel L\u00f3pez Obrador dijo desconocer que algunos gobernadores tienen aviones o helic\u00f3pteros prestados por el gobierno federal, los cuales se incluir\u00e1n en la subasta de abril. <\/p>\n","protected":false},"author":3,"featured_media":416478,"comment_status":"open","ping_status":"open","sticky":false,"template":"","format":"standard","meta":{"_monsterinsights_skip_tracking":false,"_monsterinsights_sitenote_active":false,"_monsterinsights_sitenote_note":"","_monsterinsights_sitenote_category":0,"footnotes":""},"categories":[3],"tags":[2545,83134,83135,8333],"class_list":["post-416398","post","type-post","status-publish","format-standard","has-post-thumbnail","hentry","category-nacional","tag-amlo","tag-aviones","tag-compren","tag-gobernadores"],"_links":{"self":[{"href":"https:\/\/www.diarioimagen.net\/index.php?rest_route=\/wp\/v2\/posts\/416398","targetHints":{"allow":["GET"]}}],"collection":[{"href":"https:\/\/www.diarioimagen.net\/index.php?rest_route=\/wp\/v2\/posts"}],"about":[{"href":"https:\/\/www.diarioimagen.net\/index.php?rest_route=\/wp\/v2\/types\/post"}],"author":[{"embeddable":true,"href":"https:\/\/www.diarioimagen.net\/index.php?rest_route=\/wp\/v2\/users\/3"}],"replies":[{"embeddable":true,"href":"https:\/\/www.diarioimagen.net\/index.php?rest_route=%2Fwp%2Fv2%2Fcomments&post=416398"}],"version-history":[{"count":0,"href":"https:\/\/www.diarioimagen.net\/index.php?rest_route=\/wp\/v2\/posts\/416398\/revisions"}],"wp:featuredmedia":[{"embeddable":true,"href":"https:\/\/www.diarioimagen.net\/index.php?rest_route=\/wp\/v2\/media\/416478"}],"wp:attachment":[{"href":"https:\/\/www.diarioimagen.net\/index.php?rest_route=%2Fwp%2Fv2%2Fmedia&parent=416398"}],"wp:term":[{"taxonomy":"category","embeddable":true,"href":"https:\/\/www.diarioimagen.net\/index.php?rest_route=%2Fwp%2Fv2%2Fcategories&post=416398"},{"taxonomy":"post_tag","embeddable":true,"href":"https:\/\/www.diarioimagen.net\/index.php?rest_route=%2Fwp%2Fv2%2Ftags&post=416398"}],"curies":[{"name":"wp","href":"https:\/\/api.w.org\/{rel}","templated":true}]}}