{"id":416408,"date":"2019-02-22T00:01:16","date_gmt":"2019-02-22T06:01:16","guid":{"rendered":"https:\/\/www.diarioimagen.net\/?p=416408"},"modified":"2019-02-22T03:18:26","modified_gmt":"2019-02-22T09:18:26","slug":"mil-800-millones-de-dolares-se-invertiran-en-costa-canuva","status":"publish","type":"post","link":"https:\/\/www.diarioimagen.net\/?p=416408","title":{"rendered":"Mil 800 millones de d\u00f3lares se invertir\u00e1n en Costa Canuva"},"content":{"rendered":"<h2>De cinco estrellas<\/h2>\n<h5>Victoria Gonz\u00e1lez Prado<\/h5>\n<p>&nbsp;<\/p>\n<ul>\n<li><em><strong>Al concluir el proyecto en 8 o 10 a\u00f1os, la primera etapa de construcci\u00f3n ya inici\u00f3 y tiene 20 por ciento de avance<\/strong><\/em><\/li>\n<li><em><strong>El World Golf Championships-M\u00e9xico Championship, prev\u00e9 derrama econ\u00f3mica de mil 969 mdp, 4.6 por ciento m\u00e1s que el a\u00f1o pasado<\/strong><\/em><\/li>\n<\/ul>\n<p>&nbsp;<\/p>\n<div id=\"attachment_416486\" style=\"width: 470px\" class=\"wp-caption aligncenter\"><a href=\"https:\/\/www.diarioimagen.net\/?attachment_id=416486\" rel=\"attachment wp-att-416486\"><img loading=\"lazy\" decoding=\"async\" aria-describedby=\"caption-attachment-416486\" class=\"size-large wp-image-416486\" src=\"https:\/\/www.diarioimagen.net\/wp-content\/uploads\/2019\/02\/turismo-10-460x259.jpg\" alt=\"\" width=\"460\" height=\"259\" srcset=\"https:\/\/www.diarioimagen.net\/wp-content\/uploads\/2019\/02\/turismo-10-460x259.jpg 460w, https:\/\/www.diarioimagen.net\/wp-content\/uploads\/2019\/02\/turismo-10-240x135.jpg 240w, https:\/\/www.diarioimagen.net\/wp-content\/uploads\/2019\/02\/turismo-10-235x132.jpg 235w, https:\/\/www.diarioimagen.net\/wp-content\/uploads\/2019\/02\/turismo-10-202x114.jpg 202w, https:\/\/www.diarioimagen.net\/wp-content\/uploads\/2019\/02\/turismo-10-350x196.jpg 350w, https:\/\/www.diarioimagen.net\/wp-content\/uploads\/2019\/02\/turismo-10-220x123.jpg 220w, https:\/\/www.diarioimagen.net\/wp-content\/uploads\/2019\/02\/turismo-10-237x132.jpg 237w, https:\/\/www.diarioimagen.net\/wp-content\/uploads\/2019\/02\/turismo-10.jpg 480w\" sizes=\"auto, (max-width: 460px) 100vw, 460px\" \/><\/a><p id=\"caption-attachment-416486\" class=\"wp-caption-text\">Rafael Lang.<\/p><\/div>\n<p>&nbsp;<\/p>\n<p>El Centro Integralmente planeado (CIP), en Nayarit, Costa Canuva, captar\u00e1 inversi\u00f3n de mil 800 millones de d\u00f3lares y aunque pudiera considerarse a Punta Mita como posible competidor, esto est\u00e1 descartado pues \u201cCosta Canuva ser\u00e1 opci\u00f3n m\u00e1s para los turistas de todas partes del mundo, con amenidades que ayudan a que la oferta sea m\u00e1s grande y novedosa\u201d.<\/p>\n<p>As\u00ed lo asegur\u00f3<strong> Rafael Lang<\/strong>, director general de la firma portuguesa, Mota-Engil Turismo, en conferencia de prensa en la que se\u00f1al\u00f3 que la obra involucrar\u00e1 a los pobladores de la zona e implicar\u00e1 la creaci\u00f3n de 8 mil 500 empleos directos.<\/p>\n<p>El proyecto, en su primera etapa, invertir\u00e1 250 millones de d\u00f3lares y es destino listo para recibir a turistas que llegan cada a\u00f1o al Aeropuerto Internacional de Puerto Vallarta, as\u00ed como ser opci\u00f3n cercana y accesible de descanso para el mercado proveniente de la zona del Baj\u00edo\u201d, asegur\u00f3 <strong>Lang<\/strong>.<\/p>\n<p>Anunci\u00f3 que ya se han firmado contratos para edificar dos hoteles de lujo: <em>Fairmont <\/em>con 250 cuartos de hotel y <em>Ritz-Carlton Reserve, <\/em>con 110 habitaciones y 45 viviendas. Adem\u00e1s habr\u00e1 112 lotes, 80 individuales, 30 condominios y dos hoteleros.<\/p>\n<p>El precio para los lotes unifamiliares alcanzar\u00e1 los 500 mil d\u00f3lares, mientras que los condominios costar\u00e1n hasta 2 millones de d\u00f3lares y los hoteleros, con 40 mil metros cuadrados, alcanzar\u00e1n los 20 millones de d\u00f3lares.<\/p>\n<p>La primera etapa del desarrollo tiene un avance del 20 por ciento y Mota-Engil busca que otras firmas hoteleras de lujo lleguen al complejo de 267 hect\u00e1reas.<\/p>\n<p>El desarrollo tur\u00edstico Costa Canuva, est\u00e1 ubicado en Costa Capomo, Compostela, en el estado de Nayarit; a 65 kil\u00f3metros del Aeropuerto Internacional de Puerto Vallarta y a 10 kil\u00f3metros de Rinc\u00f3n de Guayabitos, tiene extensi\u00f3n de 255 hect\u00e1reas, que incluyen 3.8 kil\u00f3metros de playa y tres de acantilados con vistas al mar.<\/p>\n<p>En el momento de su inauguraci\u00f3n, ser\u00e1 la comunidad de playa m\u00e1s cercana a la ciudad de Guadalajara. Tendr\u00e1 capacidad para 7 mil 208 unidades de alojamiento (aproximadamente 3 mil 200 cuartos de hotel y el resto viviendas residenciales), plazas comerciales y campo de golf de 18 hoyos dise\u00f1ado por los reconocidos golfistas <strong>Lorena Ochoa<\/strong> y <strong>Greg Norman<\/strong>.<\/p>\n<p>Tambi\u00e9n contar\u00e1 con marina con capacidad para 500 posiciones de atraque y yates de hasta 150 pies; as\u00ed como pueblo marino que albergar\u00e1 diferentes opciones gastron\u00f3micas y boutiques. 20 kil\u00f3metros de rutas y pistas especiales para bicicleta y patineta, y club acu\u00e1tico para actividades como <em>kayak, paddle, surf, <\/em>y pesca, entre otras.<\/p>\n<p>El proyecto generar\u00e1 aproximadamente 8\u00a0mil 500 empleos; m\u00e1s de 6 mil 500 empleos locales durante su construcci\u00f3n (2 mil directos y 4 mil 500 indirectos).<\/p>\n<p>Al mismo tiempo destac\u00f3: \u201cNayarit es el \u00fanico estado en el pa\u00eds donde hay buenas extensiones de tierra disponible, y ha despertado el apetito de las principales cadenas hoteleras de lujo que hay en el mundo\u201d.<\/p>\n<p>\u201cYa existen pl\u00e1ticas con cadenas del lujo de As\u00eda y Estados Unidos, que tambi\u00e9n buscar\u00e1n integrarse al proyecto con otros hoteles de alta gama.<\/p>\n<p>Todos estos jugadores de lujo est\u00e1n buscando un espacio para entrar en la Riviera de Nayarit, por lo que m\u00e1s que ser competencia de destinos como Canc\u00fan o Los Cabos, Nayarit ser\u00e1 un referente de lujo, en donde hu\u00e9spedes tendr\u00e1n alternativas interesantes\u201d, agreg\u00f3 el directivo.<\/p>\n<p>Consider\u00f3 que una vez que se concluya la construcci\u00f3n de la carretera Las Varas-Compostela, el destino tendr\u00e1 cercan\u00eda con Guadalajara de s\u00f3lo tres horas.<\/p>\n<p>\u2730\u2730\u2730\u2730\u2730 El <em>World Golf Championships-M\u00e9xico Championship<\/em> ha tenido un crecimiento exponencial a pesar de que apenas cumplir\u00e1 tres a\u00f1os de haberse realizado. <strong>\u00a0<\/strong><\/p>\n<p>La derrama econ\u00f3mica directa e indirecta por la realizaci\u00f3n del evento en su edici\u00f3n\u00a0 2019, se estima en mil 969 millones de pesos, lo que representa 4.6 por ciento m\u00e1s que el impacto registrado el a\u00f1o pasado, inform\u00f3 el secretario de Turismo federal, <strong>Miguel Torruco Marqu\u00e9s<\/strong>.<\/p>\n<p>En conferencia de prensa, celebrada en el Club de Golf Chapultepec, y acompa\u00f1ado por el CEO de TV Azteca, <strong>Benjam\u00edn Salinas Sada<\/strong>, el titular de la Sectur precis\u00f3 que el impacto directo del torneo ser\u00e1 de mil 604 millones de pesos y abarca los gastos de operaci\u00f3n, el consumo en el evento, as\u00ed como los gastos de viaje y de publicidad.<\/p>\n<p><strong>Torruco Marqu\u00e9s<\/strong> indic\u00f3 que la derrama indirecta de este evento internacional est\u00e1 estimada en 365 millones de pesos y comprende la transmisi\u00f3n televisiva, derrama publicitaria y la cobertura medi\u00e1tica, al tiempo que coment\u00f3 que el torneo tendr\u00e1 un consumo per c\u00e1pita de los asistentes estimado en 8 mil pesos.<\/p>\n<p>El torneo de golf, agreg\u00f3 el funcionario, que contribuye a posicionar la imagen de M\u00e9xico, se lleva a cabo desde ayer mi\u00e9rcoles 20 y concluir\u00e1 el pr\u00f3ximo domingo 24 de febrero en el Club de Golf Chapultepec, en la Ciudad de M\u00e9xico; se espera la asistencia de 60 mil personas y se transmitir\u00e1 en 227 pa\u00edses, con alcance potencial de mil millones de hogares.<\/p>\n<p>La presencia de <strong>Tiger Woods<\/strong> ser\u00e1 uno de los grandes atractivos del torneo, ya que es considerado uno de los golfistas m\u00e1s importantes de todos los tiempos. <strong>Tiger<\/strong> cuenta con 14 <em>majors<\/em>, convirti\u00e9ndose en el segundo jugador con m\u00e1s <em>majors<\/em> ganados en la historia del golf.<\/p>\n<p>Por su parte <strong>Benjam\u00edn Salinas Sada<\/strong> expres\u00f3: \u201ccelebramos el regreso del mejor golf del mundo a nuestro pa\u00eds. Hace tres a\u00f1os nos propusimos impulsar y crecer el golf en M\u00e9xico; este torneo hoy llega a m\u00e1s de 227 pa\u00edses con un potencial de m\u00e1s de mil millones de hogares y nos permite mostrarle al mundo lo que es nuestra hermosa y querida Ciudad de M\u00e9xico y nuestro pa\u00eds\u201d.<\/p>\n<p>Agreg\u00f3 que \u201ctener a los mejores jugadores de golf del mundo en M\u00e9xico no s\u00f3lo ha generado un gran espect\u00e1culo, ha impulsado e impactado de manera positiva a miles de ni\u00f1as, ni\u00f1os y j\u00f3venes, marcando las generaciones futuras de golfistas de mexicanos.<\/p>\n<p>Hoy el golf de M\u00e9xico est\u00e1 m\u00e1s fuerte que nunca. Estamos viviendo el mejor golf de M\u00e9xico por mucho\u201d, concluy\u00f3.<\/p>\n<p>En la conferencia tambi\u00e9n estuvieron: <strong>Ty Votaw<\/strong>, vicepresidente ejecutivo de Asuntos Internacionales de la PGA (<em>Profesional Golfers Association<\/em>); <strong>Abraham Ancer<\/strong>, jugador mexicano clasificado al <em>World Golf Championship<\/em>-M\u00e9xico; <strong>Paola F\u00e9lix D\u00edaz<\/strong>, directora general del Fondo Mixto de Promoci\u00f3n Tur\u00edstica de la Ciudad de M\u00e9xico y <strong>Germ\u00e1n Siles<\/strong>, subdirector de Deporte de Alto Rendimiento del gobierno del Estado de M\u00e9xico.<\/p>\n<p><em><a href=\"mailto:victoriagprado@gmail.com\" target=\"_blank\" rel=\"noopener\">victoriagprado@gmail.com<\/a><\/em><br \/>\n<em>Twitter: <a href=\"https:\/\/twitter.com\/victoriagprado\" target=\"_blank\" rel=\"noopener\">@victoriagprado<\/a><\/em><\/p>\n","protected":false},"excerpt":{"rendered":"<p>El Centro Integralmente planeado (CIP), en Nayarit, Costa Canuva, captar\u00e1 inversi\u00f3n de mil 800 millones de d\u00f3lares y aunque pudiera considerarse a Punta Mita como posible competidor, esto est\u00e1 descartado pues \u201cCosta Canuva ser\u00e1 opci\u00f3n m\u00e1s para los turistas de todas partes del mundo, con amenidades que ayudan a que la oferta sea m\u00e1s grande y novedosa\u201d.<\/p>\n","protected":false},"author":3,"featured_media":416486,"comment_status":"open","ping_status":"open","sticky":false,"template":"","format":"standard","meta":{"_monsterinsights_skip_tracking":false,"_monsterinsights_sitenote_active":false,"_monsterinsights_sitenote_note":"","_monsterinsights_sitenote_category":0,"footnotes":""},"categories":[11],"tags":[107,43681,106],"class_list":["post-416408","post","type-post","status-publish","format-standard","has-post-thumbnail","hentry","category-turismo","tag-de-cinco-estrellas","tag-turismo","tag-victoria-gonzalez-prado"],"_links":{"self":[{"href":"https:\/\/www.diarioimagen.net\/index.php?rest_route=\/wp\/v2\/posts\/416408","targetHints":{"allow":["GET"]}}],"collection":[{"href":"https:\/\/www.diarioimagen.net\/index.php?rest_route=\/wp\/v2\/posts"}],"about":[{"href":"https:\/\/www.diarioimagen.net\/index.php?rest_route=\/wp\/v2\/types\/post"}],"author":[{"embeddable":true,"href":"https:\/\/www.diarioimagen.net\/index.php?rest_route=\/wp\/v2\/users\/3"}],"replies":[{"embeddable":true,"href":"https:\/\/www.diarioimagen.net\/index.php?rest_route=%2Fwp%2Fv2%2Fcomments&post=416408"}],"version-history":[{"count":0,"href":"https:\/\/www.diarioimagen.net\/index.php?rest_route=\/wp\/v2\/posts\/416408\/revisions"}],"wp:featuredmedia":[{"embeddable":true,"href":"https:\/\/www.diarioimagen.net\/index.php?rest_route=\/wp\/v2\/media\/416486"}],"wp:attachment":[{"href":"https:\/\/www.diarioimagen.net\/index.php?rest_route=%2Fwp%2Fv2%2Fmedia&parent=416408"}],"wp:term":[{"taxonomy":"category","embeddable":true,"href":"https:\/\/www.diarioimagen.net\/index.php?rest_route=%2Fwp%2Fv2%2Fcategories&post=416408"},{"taxonomy":"post_tag","embeddable":true,"href":"https:\/\/www.diarioimagen.net\/index.php?rest_route=%2Fwp%2Fv2%2Ftags&post=416408"}],"curies":[{"name":"wp","href":"https:\/\/api.w.org\/{rel}","templated":true}]}}