{"id":416419,"date":"2019-02-22T00:06:55","date_gmt":"2019-02-22T06:06:55","guid":{"rendered":"https:\/\/www.diarioimagen.net\/?p=416419"},"modified":"2019-02-22T03:23:41","modified_gmt":"2019-02-22T09:23:41","slug":"autorizan-en-huixquilucan-recursos-para-ejercicio-en-2019","status":"publish","type":"post","link":"https:\/\/www.diarioimagen.net\/?p=416419","title":{"rendered":"Autorizan en Huixquilucan recursos para ejercicio en 2019"},"content":{"rendered":"<ul>\n<li><strong><em>Lo avalan calificadoras de finanzas p\u00fablicas<\/em><\/strong><\/li>\n<\/ul>\n<p>&nbsp;<\/p>\n<div id=\"attachment_416494\" style=\"width: 470px\" class=\"wp-caption aligncenter\"><a href=\"https:\/\/www.diarioimagen.net\/?attachment_id=416494\" rel=\"attachment wp-att-416494\"><img loading=\"lazy\" decoding=\"async\" aria-describedby=\"caption-attachment-416494\" class=\"size-large wp-image-416494\" src=\"https:\/\/www.diarioimagen.net\/wp-content\/uploads\/2019\/02\/HUIXQUILUCAN-22-460x259.jpg\" alt=\"\" width=\"460\" height=\"259\" srcset=\"https:\/\/www.diarioimagen.net\/wp-content\/uploads\/2019\/02\/HUIXQUILUCAN-22-460x259.jpg 460w, https:\/\/www.diarioimagen.net\/wp-content\/uploads\/2019\/02\/HUIXQUILUCAN-22-240x135.jpg 240w, https:\/\/www.diarioimagen.net\/wp-content\/uploads\/2019\/02\/HUIXQUILUCAN-22-235x132.jpg 235w, https:\/\/www.diarioimagen.net\/wp-content\/uploads\/2019\/02\/HUIXQUILUCAN-22-202x114.jpg 202w, https:\/\/www.diarioimagen.net\/wp-content\/uploads\/2019\/02\/HUIXQUILUCAN-22-350x196.jpg 350w, https:\/\/www.diarioimagen.net\/wp-content\/uploads\/2019\/02\/HUIXQUILUCAN-22-220x123.jpg 220w, https:\/\/www.diarioimagen.net\/wp-content\/uploads\/2019\/02\/HUIXQUILUCAN-22-237x132.jpg 237w, https:\/\/www.diarioimagen.net\/wp-content\/uploads\/2019\/02\/HUIXQUILUCAN-22.jpg 480w\" sizes=\"auto, (max-width: 460px) 100vw, 460px\" \/><\/a><p id=\"caption-attachment-416494\" class=\"wp-caption-text\">\u201cSi algo he hecho es ver por la seguridad de Huixquilucan\u201d, se\u00f1al\u00f3 el alcalde Enrique Vargas del Villar.<\/p><\/div>\n<p>&nbsp;<\/p>\n<p><strong>Huixquilucan, Estado de M\u00e9xico<\/strong>.- El presupuesto de ingresos y egresos para el a\u00f1o 2019 en Huixquilucan, \u201ces responsable como los que hemos\u00a0 aprobado, donde las calificadoras a nivel internacional, en los tres primeros a\u00f1os de gobierno nos subieron la calificaci\u00f3n por el manejo responsable de las finanzas\u201d, asegur\u00f3 el alcalde Enrique Vargas del Villar.<\/p>\n<p>Durante la sesi\u00f3n extraordinaria de cabildo, Vargas del Villar, reconoci\u00f3 el trabajo del tesorero, Agust\u00edn Olivares Balderas, y record\u00f3 que recientemente se hizo p\u00fablico un estudio que coloca a Huixquilucan como el mejor y \u00fanico municipio del estado de M\u00e9xico y el quinto a nivel nacional, en captaci\u00f3n de recursos propios.<\/p>\n<p>Tras enfatizar que todos los n\u00fameros son positivos para el municipio y sus finanzas, precis\u00f3 que en el presupuesto 2019 se privilegiaron los temas de seguridad, equipamiento, desarrollo social, servicios p\u00fablicos e infraestructura.<\/p>\n<p>Sobre seguridad, el presidente municipal, dej\u00f3 en claro que el tema no debe verse como un asunto pol\u00edtico, sino como una de las principales demandas de la sociedad.<\/p>\n<p>\u201cSi algo he hecho es ver por la seguridad de Huixquilucan. Con las nuevas armas, patrullas, y la inteligencia policial, estamos invirtiendo en la seguridad del municipio, por eso este presupuesto es responsable, en donde vamos a seguir apoyando en todas las materias a la ciudadan\u00eda de Huixquilucan, al igual que al Complejo Rosa M\u00edstica, que est\u00e1 cambiando vidas\u201d.<\/p>\n","protected":false},"excerpt":{"rendered":"<p>El presupuesto de ingresos y egresos para el a\u00f1o 2019 en Huixquilucan, \u201ces responsable como los que hemos  aprobado, donde las calificadoras a nivel internacional, en los tres primeros a\u00f1os de gobierno nos subieron la calificaci\u00f3n por el manejo responsable de las finanzas\u201d, asegur\u00f3 el alcalde Enrique Vargas del Villar.<\/p>\n","protected":false},"author":3,"featured_media":416494,"comment_status":"open","ping_status":"open","sticky":false,"template":"","format":"standard","meta":{"_monsterinsights_skip_tracking":false,"_monsterinsights_sitenote_active":false,"_monsterinsights_sitenote_note":"","_monsterinsights_sitenote_category":0,"footnotes":""},"categories":[35155],"tags":[10084,47218,43675,1097],"class_list":["post-416419","post","type-post","status-publish","format-standard","has-post-thumbnail","hentry","category-estado-de-mexico-estado-de-mexico","tag-ejercicio","tag-enrique-vargas-del-villar","tag-estado-de-mexico","tag-huixquilucan"],"_links":{"self":[{"href":"https:\/\/www.diarioimagen.net\/index.php?rest_route=\/wp\/v2\/posts\/416419","targetHints":{"allow":["GET"]}}],"collection":[{"href":"https:\/\/www.diarioimagen.net\/index.php?rest_route=\/wp\/v2\/posts"}],"about":[{"href":"https:\/\/www.diarioimagen.net\/index.php?rest_route=\/wp\/v2\/types\/post"}],"author":[{"embeddable":true,"href":"https:\/\/www.diarioimagen.net\/index.php?rest_route=\/wp\/v2\/users\/3"}],"replies":[{"embeddable":true,"href":"https:\/\/www.diarioimagen.net\/index.php?rest_route=%2Fwp%2Fv2%2Fcomments&post=416419"}],"version-history":[{"count":0,"href":"https:\/\/www.diarioimagen.net\/index.php?rest_route=\/wp\/v2\/posts\/416419\/revisions"}],"wp:featuredmedia":[{"embeddable":true,"href":"https:\/\/www.diarioimagen.net\/index.php?rest_route=\/wp\/v2\/media\/416494"}],"wp:attachment":[{"href":"https:\/\/www.diarioimagen.net\/index.php?rest_route=%2Fwp%2Fv2%2Fmedia&parent=416419"}],"wp:term":[{"taxonomy":"category","embeddable":true,"href":"https:\/\/www.diarioimagen.net\/index.php?rest_route=%2Fwp%2Fv2%2Fcategories&post=416419"},{"taxonomy":"post_tag","embeddable":true,"href":"https:\/\/www.diarioimagen.net\/index.php?rest_route=%2Fwp%2Fv2%2Ftags&post=416419"}],"curies":[{"name":"wp","href":"https:\/\/api.w.org\/{rel}","templated":true}]}}