{"id":416447,"date":"2019-02-22T00:04:08","date_gmt":"2019-02-22T06:04:08","guid":{"rendered":"https:\/\/www.diarioimagen.net\/?p=416447"},"modified":"2019-02-22T01:11:47","modified_gmt":"2019-02-22T07:11:47","slug":"guardia-nacional-pierde-morena","status":"publish","type":"post","link":"https:\/\/www.diarioimagen.net\/?p=416447","title":{"rendered":"Guardia Nacional; pierde Morena"},"content":{"rendered":"<h2>Espacio Electoral<\/h2>\n<h5>Eleazar Flores<\/h5>\n<p>&nbsp;<\/p>\n<p>Todo seguir\u00e1 igual.- Avalada la creaci\u00f3n de la hoy famosa Guardia Nacional, nace pero no como la quer\u00eda el presidente de la Cuarta Transformaci\u00f3n, pues se la transformaron y adem\u00e1s le imponen l\u00edmites de permanencia de soldados y marinos en las calles, cinco a\u00f1os m\u00e1ximo.<\/p>\n<p>Pero la transformaci\u00f3n mayor es que el mando de dicha Guardia Nacional ser\u00e1 civil y no militar como lo propuso el tabasque\u00f1o, as\u00ed que el triunfo en la aprobaci\u00f3n de ayer fue para los partidos opositores a Morena, l\u00e9ase PAN, PRI, PRD, PMC y alguno m\u00e1s.<\/p>\n<p>19 a\u00f1os despu\u00e9s.- Para evitar tropezar con la misma piedra, o lo que los estudiosos dir\u00edan conocer la historia para no repetir los mismos errores, procede recordar que la que ser\u00e1 la hoy famosa Guardia Nacional tuvo su antecedente, har\u00e1 unos 19 a\u00f1os aproximadamente, cuando a iniciativa del secretario de Gobernaci\u00f3n Francisco Labastida se crea la Polic\u00eda Federal Preventiva.<\/p>\n<p>Francisco Labastida Ochoa llega a titular de Gobernaci\u00f3n el 3 de enero de 1998 y como una de sus primeras acciones fue concebir la creaci\u00f3n de Polic\u00eda Federal Preventiva como respuesta inmediata a los \u00edndices de criminalidad que se empezaban a registrar por los cuatro puntos cardinales del pa\u00eds.<\/p>\n<p>Se supone que tuvo la autorizaci\u00f3n del presidente Ernesto Zedillo.<\/p>\n<p>Omar Fayad, actual gobernador del estado de Hidalgo, fungi\u00f3 como primer responsable de esta Polic\u00eda Federal Preventiva en la que se fincaban esperanzas para tranquilizar al pa\u00eds, lo que por lo visto no se logr\u00f3, m\u00e1s bien vino en aumento en forma paulatina y acelerada, sobre todo en los \u00faltimos a\u00f1os de los sexenios siguientes.<\/p>\n<p>La PFP no dio los resultados que se esperaban.<\/p>\n<p>Francisco Labastida Ochoa dej\u00f3 la Secretar\u00eda de Gobernaci\u00f3n el 21 de mayo de 1999, para ir por la candidatura presidencial pri\u00edsta cuyo resultado se conoce de sobra.<\/p>\n<p>Fue arrasado por el empresario adoptado por el PAN como su candidato, Vicente Fox Quesada. Las tareas de la Polic\u00eda Federal Preventiva cambiaron con el nuevo titular de la Segob. Di\u00f3doro Carrasco Altamirano.<\/p>\n<p>Tanto fue el cambio de la PFP que en el sexenio 2006-2012 el presidente Felipe Calder\u00f3n opt\u00f3 por apoyarse en el Ej\u00e9rcito y la Marina para tranquilizar al pa\u00eds, lo que tampoco se logr\u00f3, siendo evidencia fuerte del fracaso el grito de Independencia en pleno Morelia que registr\u00f3 decenas de muertos, cuyos culpables nunca se encontraron.<\/p>\n<p>Ayer, el triunfo para crear la Guardia Nacional no fue para la numerosa bancada de la incondicional Morena, sino para las fracciones opositoras integradas por PAN, PRI y PRD principalmente. La inconformidad presidencial no tard\u00f3 pero habr\u00e1 se\u00f1alar que queda como los legisladores\u00a0 dictaminaron la iniciativa.<\/p>\n<p><a href=\"mailto:elefa44@gmail.com\" target=\"_blank\" rel=\"noopener\"><em>elefa44@gmail.com<\/em><\/a><\/p>\n","protected":false},"excerpt":{"rendered":"<p><span style=\"color: #005497;\"><strong>Eleazar Flores<\/strong><\/span><\/p>\n","protected":false},"author":3,"featured_media":0,"comment_status":"open","ping_status":"open","sticky":false,"template":"","format":"standard","meta":{"_monsterinsights_skip_tracking":false,"_monsterinsights_sitenote_active":false,"_monsterinsights_sitenote_note":"","_monsterinsights_sitenote_category":0,"footnotes":""},"categories":[81743],"tags":[81744,81776,43674],"class_list":["post-416447","post","type-post","status-publish","format-standard","hentry","category-eleazar-flores","tag-eleazar-flores","tag-espacio-electoral","tag-opinion"],"_links":{"self":[{"href":"https:\/\/www.diarioimagen.net\/index.php?rest_route=\/wp\/v2\/posts\/416447","targetHints":{"allow":["GET"]}}],"collection":[{"href":"https:\/\/www.diarioimagen.net\/index.php?rest_route=\/wp\/v2\/posts"}],"about":[{"href":"https:\/\/www.diarioimagen.net\/index.php?rest_route=\/wp\/v2\/types\/post"}],"author":[{"embeddable":true,"href":"https:\/\/www.diarioimagen.net\/index.php?rest_route=\/wp\/v2\/users\/3"}],"replies":[{"embeddable":true,"href":"https:\/\/www.diarioimagen.net\/index.php?rest_route=%2Fwp%2Fv2%2Fcomments&post=416447"}],"version-history":[{"count":0,"href":"https:\/\/www.diarioimagen.net\/index.php?rest_route=\/wp\/v2\/posts\/416447\/revisions"}],"wp:attachment":[{"href":"https:\/\/www.diarioimagen.net\/index.php?rest_route=%2Fwp%2Fv2%2Fmedia&parent=416447"}],"wp:term":[{"taxonomy":"category","embeddable":true,"href":"https:\/\/www.diarioimagen.net\/index.php?rest_route=%2Fwp%2Fv2%2Fcategories&post=416447"},{"taxonomy":"post_tag","embeddable":true,"href":"https:\/\/www.diarioimagen.net\/index.php?rest_route=%2Fwp%2Fv2%2Ftags&post=416447"}],"curies":[{"name":"wp","href":"https:\/\/api.w.org\/{rel}","templated":true}]}}