{"id":416454,"date":"2019-02-22T00:08:35","date_gmt":"2019-02-22T06:08:35","guid":{"rendered":"https:\/\/www.diarioimagen.net\/?p=416454"},"modified":"2019-02-22T01:19:26","modified_gmt":"2019-02-22T07:19:26","slug":"rosa-maria-ayala-y-el-final-del-prd","status":"publish","type":"post","link":"https:\/\/www.diarioimagen.net\/?p=416454","title":{"rendered":"Rosa Mar\u00eda Ayala y el final del PRD"},"content":{"rendered":"<h2>Detr\u00e1s del Poder<\/h2>\n<h5>Jos\u00e9 Antonio L\u00f3pez Sosa<\/h5>\n<p>&nbsp;<\/p>\n<p>Diez diputados federales renunciaron al Partido de la Revoluci\u00f3n Democr\u00e1tica (PRD) en esta semana, dejaron a este partido con solo diez legisladores, lo que lo vuelve uno de los m\u00e1s peque\u00f1os en el Congreso de la Uni\u00f3n por n\u00famero de legisladores.<\/p>\n<p>Estamos sin lugar a dudas, frente al catastr\u00f3fico final del PRD, todo comenz\u00f3 con la intransigencia de Jes\u00fas Ortega y Jes\u00fas Zambrano, continu\u00f3 con los p\u00e9simos manejos en la Ciudad de M\u00e9xico \u2014el que fuera su m\u00e1s fuerte basti\u00f3n\u2014 de Miguel \u00c1ngel Mancera, Alejandra Barrales, Leonel Luna y al parecer, no tiene vuelta atr\u00e1s.<\/p>\n<p>El ata\u00fad recibir\u00e1 en breve su \u00faltimo clavo: se trata de la gente que agrupa la l\u00edder social Rosa Mar\u00eda Ayala, quiz\u00e1 el \u00faltimo basti\u00f3n fuerte de militantes que renunciar\u00e1 al PRD, luego de m\u00faltiples incumplimientos tanto con Ayala S\u00e1nchez como con los miles de agremiados a su organizaci\u00f3n social.<\/p>\n<p>El a\u00f1o pasado, Rosa Mar\u00eda Ayala estaba en la lista de candidatos plurinominales para el Congreso de la Ciudad de M\u00e9xico, sin embargo, de \u00faltimo minuto luego de los resultados, evocaron un estatuto oculto que le impidi\u00f3 \u2014luego de llevar miles y miles de votos\u2014 tener ese lugar en el congreso local, adem\u00e1s de una serie de incumplimientos por parte de Leonel Luna, Miguel \u00c1ngel Mancera, Patricia Mercado, entre otros, que prometieron incluir las necesidades del corredor poniente de \u00c1lvaro Obreg\u00f3n en los presupuestos sin cumplirlo.<\/p>\n<p>Era el \u00faltimo basti\u00f3n importante del PRD en la Ciudad de M\u00e9xico, luego que se efect\u00fae esta renuncia masiva, este partido se quedar\u00e1 sin bases y su destino ser\u00e1 la desaparici\u00f3n.<\/p>\n<p>No podemos omitir que, entre los legisladores que renunciaron al PRD y se proclamaron como independientes, hay algunos que tambi\u00e9n colaboraron desde sus trincheras a la debacle del PRD, como es el caso de H\u00e9ctor Serrano y Mauricio Toledo.<\/p>\n<p>Toda acci\u00f3n tiene una reacci\u00f3n, el abuso y la soberbia de las c\u00fapulas del PRD tuvo esta reacci\u00f3n, el abandono y muy posiblemente, la p\u00e9rdida del registro. El caso perredista es digno de estudio: c\u00f3mo acabar con un partido pol\u00edtico l\u00edder en la capital de un pa\u00eds. As\u00ed, destroz\u00e1ndolo.<\/p>\n<p><em><a href=\"http:\/\/www.lopezsosa.com\" target=\"_blank\" rel=\"noopener\">www.lopezsosa.com<\/a><\/em><br \/>\n<em><a href=\"mailto:joseantonio@lopezsosa.com\" target=\"_blank\" rel=\"noopener\">joseantonio@lopezsosa.com<\/a><\/em><br \/>\n<em><a href=\"http:\/\/twitter.com\/joseantonio1977\" target=\"_blank\" rel=\"noopener\">@joseantonio197<\/a><\/em><\/p>\n","protected":false},"excerpt":{"rendered":"<p><span style=\"color: #005497;\"><strong>Jos\u00e9 Antonio L\u00f3pez Sosa<\/strong><\/span><\/p>\n","protected":false},"author":3,"featured_media":0,"comment_status":"open","ping_status":"open","sticky":false,"template":"","format":"standard","meta":{"_monsterinsights_skip_tracking":false,"_monsterinsights_sitenote_active":false,"_monsterinsights_sitenote_note":"","_monsterinsights_sitenote_category":0,"footnotes":""},"categories":[637],"tags":[638,43690,43674],"class_list":["post-416454","post","type-post","status-publish","format-standard","hentry","category-jose-antonio-lopez-sosa","tag-detras-del-poder","tag-jose-antonio-lopez-sosa","tag-opinion"],"_links":{"self":[{"href":"https:\/\/www.diarioimagen.net\/index.php?rest_route=\/wp\/v2\/posts\/416454","targetHints":{"allow":["GET"]}}],"collection":[{"href":"https:\/\/www.diarioimagen.net\/index.php?rest_route=\/wp\/v2\/posts"}],"about":[{"href":"https:\/\/www.diarioimagen.net\/index.php?rest_route=\/wp\/v2\/types\/post"}],"author":[{"embeddable":true,"href":"https:\/\/www.diarioimagen.net\/index.php?rest_route=\/wp\/v2\/users\/3"}],"replies":[{"embeddable":true,"href":"https:\/\/www.diarioimagen.net\/index.php?rest_route=%2Fwp%2Fv2%2Fcomments&post=416454"}],"version-history":[{"count":0,"href":"https:\/\/www.diarioimagen.net\/index.php?rest_route=\/wp\/v2\/posts\/416454\/revisions"}],"wp:attachment":[{"href":"https:\/\/www.diarioimagen.net\/index.php?rest_route=%2Fwp%2Fv2%2Fmedia&parent=416454"}],"wp:term":[{"taxonomy":"category","embeddable":true,"href":"https:\/\/www.diarioimagen.net\/index.php?rest_route=%2Fwp%2Fv2%2Fcategories&post=416454"},{"taxonomy":"post_tag","embeddable":true,"href":"https:\/\/www.diarioimagen.net\/index.php?rest_route=%2Fwp%2Fv2%2Ftags&post=416454"}],"curies":[{"name":"wp","href":"https:\/\/api.w.org\/{rel}","templated":true}]}}