{"id":416460,"date":"2019-02-22T00:10:50","date_gmt":"2019-02-22T06:10:50","guid":{"rendered":"https:\/\/www.diarioimagen.net\/?p=416460"},"modified":"2019-02-22T03:34:29","modified_gmt":"2019-02-22T09:34:29","slug":"senor-presidente-la-inmoralidad-tambien-es-sancionable","status":"publish","type":"post","link":"https:\/\/www.diarioimagen.net\/?p=416460","title":{"rendered":"Se\u00f1or Presidente: la inmoralidad tambi\u00e9n es sancionable"},"content":{"rendered":"<h2>\u00cdndice pol\u00edtico<\/h2>\n<h5>Francisco Rodr\u00edguez<\/h5>\n<p>&nbsp;<\/p>\n<div id=\"attachment_416504\" style=\"width: 470px\" class=\"wp-caption aligncenter\"><a href=\"https:\/\/www.diarioimagen.net\/?attachment_id=416504\" rel=\"attachment wp-att-416504\"><img loading=\"lazy\" decoding=\"async\" aria-describedby=\"caption-attachment-416504\" class=\"size-large wp-image-416504\" src=\"https:\/\/www.diarioimagen.net\/wp-content\/uploads\/2019\/02\/TODO-UN-CASO-jose-luis-460x341.jpg\" alt=\"\" width=\"460\" height=\"341\" srcset=\"https:\/\/www.diarioimagen.net\/wp-content\/uploads\/2019\/02\/TODO-UN-CASO-jose-luis-460x341.jpg 460w, https:\/\/www.diarioimagen.net\/wp-content\/uploads\/2019\/02\/TODO-UN-CASO-jose-luis-240x178.jpg 240w, https:\/\/www.diarioimagen.net\/wp-content\/uploads\/2019\/02\/TODO-UN-CASO-jose-luis-768x569.jpg 768w, https:\/\/www.diarioimagen.net\/wp-content\/uploads\/2019\/02\/TODO-UN-CASO-jose-luis.jpg 1200w\" sizes=\"auto, (max-width: 460px) 100vw, 460px\" \/><\/a><p id=\"caption-attachment-416504\" class=\"wp-caption-text\">Todo un caso&#8230; | Jos\u00e9 Luis<\/p><\/div>\n<p>&nbsp;<\/p>\n<p>Se ha definido a la moralidad desde un punto de vista subjetivo, como la ciencia de las costumbres, valores, normas y creencias de una persona o grupo social que funciona como una gu\u00eda para obrar. Algo que aparentemente no puede ser cobijado por las leyes, porque forma parte del estro privado, incluso de las concepciones religiosas o \u00e9ticas.<\/p>\n<p>Pero \u00bfqu\u00e9 pasa cuando las actitudes morales caen en el campo de lo punible por las leyes que obligan\u00a0erga omnes? \u00bfQu\u00e9 pasa cuando una sociedad aplica vinculatoriamente aspectos que rebasan el comportamiento \u00e9tico porque \u00e9ste incide en el inter\u00e9s superior de una Naci\u00f3n? \u00bfEn qu\u00e9 casos la moralidad de un sujeto o de un grupo atenta contra la convivencia de un pa\u00eds?<\/p>\n<p>M\u00e9xico est\u00e1 entrando a una transformaci\u00f3n de r\u00e9gimen pol\u00edtico, est\u00e1 llegando por su propia evoluci\u00f3n a un momento en el que algunas conductas inmorales o anti\u00e9ticas \u200epueden comprometer el rumbo firme hacia el desarrollo colectivo, hacia la necesidad de aplicar reglas que deben corregir abusos extremos de observancia indefectible.<\/p>\n<p>No es que aqu\u00ed se propongan conductas del puritanismo prusiano, de cu\u00e1queros empe\u00f1ados en moralizar todo lo que encuentren a su paso hasta ahogar las manifestaciones individuales de la conducta en bien de una creencia superior. Eso es fanatismo moral. Algo absolutamente reprobable para cualquier sociedad.<\/p>\n<p>Pero lo que s\u00ed debemos aceptar es que algunas reglas morales con sanciones legales son necesarias para corregir y escarmentar a quienes han abusado de la poblaci\u00f3n escud\u00e1ndose en vac\u00edos legales que para otras \u00e9pocas y situaciones era impensable aplicar. M\u00e9xico ha cambiado y eso debemos asumirlo y obedecerlo.<\/p>\n<p>Es ya una cuesti\u00f3n de supervivencia social, de independencia pol\u00edtica, de soberan\u00eda pura y dura. Si no lo hacemos, no podremos acompa\u00f1ar la transformaci\u00f3n y podemos quedar anclados en los par\u00e1metros de una sociedad permisiva y ab\u00falica, impotente ante los violadores de su convivencia.<\/p>\n<p>No es la moralidad de sacrist\u00eda panista y retr\u00f3grada. No es la moral del Estado fascista que s\u00f3lo castiga a los que no comulguen con los principios de\u00a0il Duce, el que siempre tiene la raz\u00f3n. No es tampoco la moralidad de conveniencia que premia al astuto y castiga al fr\u00e1gil, que hace imperar el poder del dinero sobre la indefensi\u00f3n de la miseria.<\/p>\n<p>Es, debe ser, una moralidad p\u00fablica que jam\u00e1s debi\u00f3 de haber sido abandonada en aras de una modernizaci\u00f3n simplona y acomodaticia. Es una moralidad social que est\u00e1 en la base de todas las naciones civilizadas, en el origen de las formas y los fondos que una sociedad acepta para poder superar las deficiencias de la condici\u00f3n humana.<\/p>\n<p>Y en esto, hasta los pederastas de la religi\u00f3n coinciden en que se puede estar de acuerdo. Hasta los dictadores asi\u00e1ticos, africanos o latinoamericanos saben que hay reglas que son impasables para cualquier s\u00e1trapa. Los peores deben tener l\u00edmites punibles por la ley. La ley no distingue creencias ni ignorancias. Frente a su cumplimiento nadie puede fingir demencia.<\/p>\n<p>Cuando\u00a0Alfonso Reyes\u00a0escribi\u00f3 la\u00a0Cartilla Moral\u00a0sab\u00eda perfectamente que no iba a redactar un cat\u00e1logo de conceptos incumplibles, ni iba a recetar normas de conducta para poder ser asumidas en el futuro, ni iba a proponer liturgias religiosas.<\/p>\n<p>\u00c9l escribi\u00f3 para recomendar a las facciones revolucionarias triunfantes en el movimiento armado iniciado en 1910 lo que deb\u00eda hacerse para promover entre los generales ambiciosos normas l\u00edmite que frenaran el saqueo y la descomposici\u00f3n. No hizo la\u00a0Cartilla\u00a0pensando en construir un Estado confesional, nada m\u00e1s lejano de sus prop\u00f3sitos.<\/p>\n<p>Lo hizo pensando en que las personas que hacen uso de los valores morales de la sociedad pod\u00edan forjar un mejor destino con base en su comportamiento, con base en el respeto a los derechos de los dem\u00e1s. Todos lo ignoraron. La vor\u00e1gine del enriquecimiento turbo pudo m\u00e1s que el pensamiento en el desarrollo colectivo.<\/p>\n<p>Por eso, hoy vale la pena volver a esa discusi\u00f3n, que no es moralista, es maciza desde el punto de vista de enfrentar al mundo convulso en que vivimos. Sirve como bloque de pensamiento colectivo frente a las agresiones de poderes ajenos, frente a los apetitos de los verdugos de siempre, de toda nuestra historia.<\/p>\n<p>Rebasar la \u00e9tica protestante es muy necesario. Venimos de otras ra\u00edces, y la base de nuestro desenvolvimiento no debe ser s\u00f3lo el \u00e9xito econ\u00f3mico, por encima de cualquier consideraci\u00f3n. Siendo ricos no obedecemos mandamientos del Se\u00f1or, \u00e9sos que a los protestantes los han salvado de todas las crudas morales de invasiones inconsultas.<\/p>\n<p>Deben castigarse con el rigor de la ley los excesos de presidentillos que venden los secretos de Estado a los imperialistas, a cambio de un plato de caras lentejas, emple\u00e1ndose como\u00a0cacharpos\u00a0y lambiscones. Los ejemplos sobran, desde Salinas de Gortari hasta Pe\u00f1a Nieto. Debe castigarse el entreguismo y la falta de respeto al pueblo, vale insistir.<\/p>\n<p>Debe castigarse con dureza a los ministros de la\u00a0Corta\u00a0\u00bfde Justicia? que tuercen las interpretaciones de la ley y crean jurisprudencias \u00f1o\u00f1as a cambio de dinero, una prevaricaci\u00f3n absolutamente imperdonable. Los excesos a los que se han llegado por parte de los togados no tienen l\u00edmite, ni perd\u00f3n posible.<\/p>\n<p>Debe castigarse sin duda a los l\u00edderes obreros que se hacen diputados y senadores plurinominales eternamente cobrando con doble camiseta, en la empresa y en el gremio sindical, al mismo tiempo que en el presupuesto estatal. Los ejemplos sobran en los gremios estrat\u00e9gicos del pa\u00eds : petroleros, mineros, electricistas, magisteriales, y un largo etc\u00e9tera.<\/p>\n<p>Deben ser castigados los diputados y senadores\u00a0chapulines\u00a0que habiendo sido electos por la poblaci\u00f3n en base a una declaraci\u00f3n de principios de un determinado partido, tienen el morro de cambiar de chuleta a medio r\u00edo y ofrecer algo en lo que nunca han cre\u00eddo, traicionando la voluntad electoral de sus correligionarios.<\/p>\n<p>Deben ser castigados ejemplarmente todos los corruptos del cotarro. Los que abusan de los recursos que los electores y contribuyentes al erario hemos puesto bajo se administraci\u00f3n temporalmente y derrochan patrimonialistamente como si se tratara de una herencia familiar.<\/p>\n<p>Deben ser castigados los excesos que nos trajeron hasta aqu\u00ed. No es posible que la memoria hist\u00f3rica sea ofendida por los rufianes que tratan de ser invisibles, que quieren estar por encima de las leyes humanas y hasta divinas. Son execrables y se trata de delincuentes confesos.<\/p>\n<p>Cuando es preciso proteger el inter\u00e9s supremo de la Naci\u00f3n, ninguna excusa es v\u00e1lida, ninguna denuncia tiene que ser ratificada, debe perseguirse de oficio la falta de respeto a la Patria. S\u00ed hay inmoralidades punibles. \u00c9so est\u00e1 fuera de toda duda. \u00bfNo cree usted?<\/p>\n<p><strong><em>\u00cdndice Flam\u00edgero: <\/em><\/strong>La entrega de los Premios Oscar de la pol\u00edtica huehuenche en vivo y en directo y en exclusiva para usted un par de d\u00edas antes de la ceremonia hollywoodense: Mejor pel\u00edcula\u00a0El vicepresidente (vice), estelarizada por Miguel \u00c1ngel Osorio Chong, como segundo de a bordo del sexenio m\u00e1s corrupto e ineficiente en la historia reciente de M\u00e9xico. Actualmente, junto con su financiero Jorge M\u00e1rquez, desempe\u00f1a el mismo papel en el CEN del PRI donde manejan a su antojo a la siempre cruda sobrina inc\u00f3moda de Carlos Salinas de Gortari\u2026 Jorge M\u00e1rquez, ex oficial mayor de la Segob, mejor actor de reparto (de efectivo)\u2026 A Enrique Pe\u00f1a Nieto en\u00a0Rapsodia Bohemia (Bohemian Rhapsody)\u00a0por su reciente escapada a Madrid \u2014donde habit\u00f3 en la residencia comprada para \u00e9l por Jos\u00e9 Antero Rodarte Cordero, su ex jefe de la Unidad de Apoyo a la Presidencia\u2014, en compa\u00f1\u00eda de una \u201cse\u00f1orrita\u201d y un grupo de amigos varones\u2026 Para AMLO en su papel estelar de\u00a0Nace una Estrella (A Star is Born) por la serie ininterrumpida\u00a0Las Ma\u00f1aneras\u2026\u00a0Y para el gabinete presidencial, estatuillas para todos por sus interpretaciones en\u00a0Los Incre\u00edbles 2 (The Incredibles), pues ni ellos se la creen todav\u00eda. + + + Sobre la columna anterior, titulada\u00a0Juicio a los expresidentes, la base de la equidad social, escribe don\u00a0Manuel Parodi: \u201cPerfecto\u2026 debemos presionar al Ejecutivo para que \u00a1se enjuicie a los ex presidentes y compa\u00f1\u00eda!! Nada de amor y paz porque se oye c\u00f3mo concertaci\u00f3n&#8230;\u201d<\/p>\n<p><em><u><a href=\"http:\/\/www.indicepolitico.com\" target=\"_blank\" rel=\"noopener\">www.indicepolitico.com<\/a><br \/>\n<a href=\"mailto:pacorodriguez@journalist.com\" target=\"_blank\" rel=\"noopener\">pacorodriguez@journalist.com<\/a><br \/>\n<a href=\"https:\/\/twitter.com\/pacorodriguez\" target=\"_blank\" rel=\"noopener\">@pacorodriguez<\/a><\/u><\/em><\/p>\n","protected":false},"excerpt":{"rendered":"<p><span style=\"color: #005497;\"><strong>Francisco Rodr\u00edguez<\/strong><\/span><br \/>\n<br \/>\nSe ha definido a la moralidad desde un punto de vista subjetivo, como la ciencia de las costumbres, valores, normas y creencias de una persona o grupo social que funciona como una gu\u00eda para obrar. Algo que aparentemente no puede ser cobijado por las leyes, porque forma parte del estro privado, incluso de las concepciones religiosas o \u00e9ticas.<\/p>\n","protected":false},"author":3,"featured_media":416504,"comment_status":"open","ping_status":"open","sticky":false,"template":"","format":"standard","meta":{"_monsterinsights_skip_tracking":false,"_monsterinsights_sitenote_active":false,"_monsterinsights_sitenote_note":"","_monsterinsights_sitenote_category":0,"footnotes":""},"categories":[549],"tags":[43689,550,43674],"class_list":["post-416460","post","type-post","status-publish","format-standard","has-post-thumbnail","hentry","category-francisco-rodriguez","tag-francisco-rodriguez","tag-indice-politico","tag-opinion"],"_links":{"self":[{"href":"https:\/\/www.diarioimagen.net\/index.php?rest_route=\/wp\/v2\/posts\/416460","targetHints":{"allow":["GET"]}}],"collection":[{"href":"https:\/\/www.diarioimagen.net\/index.php?rest_route=\/wp\/v2\/posts"}],"about":[{"href":"https:\/\/www.diarioimagen.net\/index.php?rest_route=\/wp\/v2\/types\/post"}],"author":[{"embeddable":true,"href":"https:\/\/www.diarioimagen.net\/index.php?rest_route=\/wp\/v2\/users\/3"}],"replies":[{"embeddable":true,"href":"https:\/\/www.diarioimagen.net\/index.php?rest_route=%2Fwp%2Fv2%2Fcomments&post=416460"}],"version-history":[{"count":0,"href":"https:\/\/www.diarioimagen.net\/index.php?rest_route=\/wp\/v2\/posts\/416460\/revisions"}],"wp:featuredmedia":[{"embeddable":true,"href":"https:\/\/www.diarioimagen.net\/index.php?rest_route=\/wp\/v2\/media\/416504"}],"wp:attachment":[{"href":"https:\/\/www.diarioimagen.net\/index.php?rest_route=%2Fwp%2Fv2%2Fmedia&parent=416460"}],"wp:term":[{"taxonomy":"category","embeddable":true,"href":"https:\/\/www.diarioimagen.net\/index.php?rest_route=%2Fwp%2Fv2%2Fcategories&post=416460"},{"taxonomy":"post_tag","embeddable":true,"href":"https:\/\/www.diarioimagen.net\/index.php?rest_route=%2Fwp%2Fv2%2Ftags&post=416460"}],"curies":[{"name":"wp","href":"https:\/\/api.w.org\/{rel}","templated":true}]}}