{"id":416462,"date":"2019-02-22T00:11:47","date_gmt":"2019-02-22T06:11:47","guid":{"rendered":"https:\/\/www.diarioimagen.net\/?p=416462"},"modified":"2019-02-22T03:35:15","modified_gmt":"2019-02-22T09:35:15","slug":"la-insospechada-unanimidad","status":"publish","type":"post","link":"https:\/\/www.diarioimagen.net\/?p=416462","title":{"rendered":"La insospechada unanimidad"},"content":{"rendered":"<h2>Tras la puerta del poder<\/h2>\n<h5>Roberto Vizca\u00edno<\/h5>\n<p>&nbsp;<\/p>\n<div id=\"attachment_416509\" style=\"width: 470px\" class=\"wp-caption aligncenter\"><a href=\"https:\/\/www.diarioimagen.net\/?attachment_id=416509\" rel=\"attachment wp-att-416509\"><img loading=\"lazy\" decoding=\"async\" aria-describedby=\"caption-attachment-416509\" class=\"size-large wp-image-416509\" src=\"https:\/\/www.diarioimagen.net\/wp-content\/uploads\/2019\/02\/triste-realidad-LUIS-XAVIER-460x352.jpg\" alt=\"\" width=\"460\" height=\"352\" srcset=\"https:\/\/www.diarioimagen.net\/wp-content\/uploads\/2019\/02\/triste-realidad-LUIS-XAVIER-460x352.jpg 460w, https:\/\/www.diarioimagen.net\/wp-content\/uploads\/2019\/02\/triste-realidad-LUIS-XAVIER-240x184.jpg 240w, https:\/\/www.diarioimagen.net\/wp-content\/uploads\/2019\/02\/triste-realidad-LUIS-XAVIER-768x588.jpg 768w, https:\/\/www.diarioimagen.net\/wp-content\/uploads\/2019\/02\/triste-realidad-LUIS-XAVIER.jpg 1200w\" sizes=\"auto, (max-width: 460px) 100vw, 460px\" \/><\/a><p id=\"caption-attachment-416509\" class=\"wp-caption-text\">Triste realidad&#8230; | Luis Xavier<\/p><\/div>\n<p>&nbsp;<\/p>\n<p>Quien diga que ya la ve\u00eda venir, \u00a1miente! Nadie &#8211;que yo sepa&#8211; preve\u00eda este final s\u00faper feliz para <strong>Ricardo Monreal<\/strong> y tan adecuado y sorprendente para el presidente <strong>Andr\u00e9s Manuel L\u00f3pez Obrador<\/strong> y los opositores <strong>Miguel \u00c1ngel Osorio Chong<\/strong>, del PRI; <strong>Dante Delgado<\/strong> de Movimiento Ciudadano; <strong>Miguel \u00c1ngel Mancera<\/strong> del PRD y <strong>Mauricio Kuri<\/strong>, del PAN.<\/p>\n<p>Con la cara de <em>What!!! <\/em>la mayor\u00eda de quienes est\u00e1bamos ayer en el Senado escuchamos decir a <strong>Mart\u00ed Batres<\/strong> , presidente de la c\u00e1mara alta que la votaci\u00f3n general y particular se cerr\u00f3 con un 127 de 128 senadores para crear la Guardia Nacional.<\/p>\n<p>El voto faltante fue de una senadora que convalece en una cama de hospital.<\/p>\n<p>La unanimidad se dio luego de casi un mes de jaloneos, presiones, amenazas y de declaraciones encontradas de la oposici\u00f3n y los senadores oficialistas y que todav\u00eda la media noche de mi\u00e9rcoles a jueves la mesa de negociadores amenazaba con terminar en una abierta confrontaci\u00f3n y rompimiento.<\/p>\n<p><strong>Las posiciones eran irreductibles.<\/strong><\/p>\n<p>Pero hacia las 7 de la ma\u00f1ana comenz\u00f3 a circular en algunos foros un documento de acuerdo que hacia las 9 se convirti\u00f3 en realidad durante una urgente conferencia de prensa de los coordinadores de Morena, PAN, PRI, PRD y MC.<\/p>\n<p>Ah\u00ed <strong>Ricardo Monreal,<\/strong> en actitud de Lord Ingl\u00e9s, anunci\u00f3 que no s\u00f3lo habr\u00eda Guardia Nacional sino que esta ser\u00eda aprobada por UNANIMIDAD, as\u00ed, con may\u00fasculas, de todas las fracciones.<\/p>\n<p>Apenas unas horas antes persist\u00edan entre los opositores e innumerables organizaciones e instituciones nacionales e internacionales (bueno incluidas hasta la ONU y la CNDH) un f\u00e9rreo rechazo a la creaci\u00f3n de esta Guardia Nacional por su alto componente militar.<\/p>\n<p>Sin embargo todo se solucion\u00f3 en el \u00faltimo y decisivo jal\u00f3n: la GN tendr\u00e1 directiva civil, los militares que intervengan en ella ser\u00e1n sujetos a jueces civiles en caso de violaciones, y el Ej\u00e9rcito y la Marina s\u00f3lo intervendr\u00e1n durante 5 a\u00f1os, a partir de ese plazo habr\u00e1 cuerpos policiacos estatales y municipales capacitados y sometidos a estrictos controles de confianza, que los suplir\u00e1n para que marinos y soldados, junto con sus jefes, regresen a sus labores castrenses.<\/p>\n<p>Y tan-tan.<\/p>\n<p>Los abrazos y las sonrisas de los coordinadores y sus bancadas fueron selladlos con brindis de frescas bebidas espumosas en sus oficinas legislativas, ya fuera de las indiscretas c\u00e1maras de video y fotograf\u00eda.<\/p>\n<p>No fue para menos. La unanimidad alcanzada luego de tanto jaleo, descalificaciones y descontones pol\u00edticos, merec\u00edan premio grande.<\/p>\n<p>Sin duda el m\u00e1s-m\u00e1s-m\u00e1s contento fue, Usted ya sabe qui\u00e9n: no el ganso no, sino su mejor operador en el Congreso, el zacatecano <strong>Ricardo Monreal <\/strong>quien fue el que amarr\u00f3 hasta el voto del PAN para lo que tuvo que convencer al impasable de <strong>Marko Cortes, <\/strong>presidente nacional de los blanquiazules.<\/p>\n<p style=\"text-align: center;\"><strong>Envidioso<\/strong><\/p>\n<p>Anunciado el acuerdo y expresado el voto un\u00e1nime, desde San L\u00e1zaro corri\u00f3 la hiel.<\/p>\n<p>En lugar de aplaudir lo convenido por los 127 senadores para crear la Guardia Nacional, <strong>Mario Delgado,<\/strong> coordinador de los diputados federales de Morena reneg\u00f3 lo logrado por <strong>Monreal<\/strong> y advirti\u00f3 que quiz\u00e1 lo votado en el Senado no tendr\u00eda el visto bueno del presidente L\u00f3pez Obrador:<\/p>\n<p>\u201cNo lo s\u00e9, vamos a ver qu\u00e9 opina \u00e9l (AMLO), lo que s\u00ed estamos de acuerdo con \u00e9l es que necesitamos una instituci\u00f3n que le sirva al pa\u00eds\u2026<\/p>\n<p>\u201cA m\u00ed me gustaba m\u00e1s la polic\u00eda militarizada, que fue lo que sali\u00f3 de aqu\u00ed, una polic\u00eda militarizada. Vamos a ver c\u00f3mo llega aqu\u00ed\u201d, indic\u00f3 en advertencia de que en San L\u00e1zaro se podr\u00eda volver a modificar los art\u00edculos de la minuta.<\/p>\n<p>Y es que lo aprobado por los Senadores, requiere ahora obtener el voto calificado por los diputados federales y al menos de las mayor\u00edas en 17 Congresos estatales.<\/p>\n<p>En otra actitud, los coordinadores del PAN, PRI y PVEM se congratularon por el voto un\u00e1nime de los senadores.<\/p>\n<p>\u201cEste m\u00e1ximo consenso posible que se cre\u00f3 en el Senado, hay que celebrarlo y ahora s\u00ed a trabajar. Seguramente el pr\u00f3ximo martes nos llegar\u00e1 aqu\u00ed, le daremos primera lectura, se turnar\u00e1 a comisiones, se dar\u00e1 ojal\u00e1 lectura el pr\u00f3ximo martes para que el jueves lo estemos aprobando y ya empecemos a correr el t\u00e9rmino del constituyente permanente en los estados de la Rep\u00fablica\u201d, indic\u00f3 <strong>Arturo Escobar.<\/strong><\/p>\n<p style=\"text-align: center;\"><strong>Fuera de base<\/strong><\/p>\n<p>A quien tom\u00f3 por sorpresa lo logrado por los senadores fue al presidente <strong>L\u00f3pez Obrador<\/strong> y, durante su conferencia de prensa ma\u00f1anera, lleg\u00f3 a dudar de si se hab\u00eda logrado preservar lo que \u00e9l propuso.<\/p>\n<p>Cuando un reportero que segu\u00eda por redes sociales los anuncios que se daban en el Senado, le inform\u00f3 que se hab\u00eda aprobado por unanimidad una Guardia Nacional sin mandos militares como \u00e9l lo hab\u00eda exigido, L\u00f3pez Obrador se desbord\u00f3 y dijo:<\/p>\n<p>\u201cNosotros presentamos una iniciativa, y eso es lo que queremos que se tome en consideraci\u00f3n\u2026<\/p>\n<p>\u201cYa nosotros hemos dicho que necesitamos el apoyo del Ej\u00e9rcito y de la Marina para enfrentar el grave problema de la inseguridad y de la violencia.<\/p>\n<p>\u201cNo queremos ser simuladores. No vamos a aceptar leyes que no resuelven el problema, no queremos una reedici\u00f3n de la Polic\u00eda Federal que no funcion\u00f3.<\/p>\n<p>\u201cEntonces: \u00bfno es responsabilidad del presidente garantizar la paz y la tranquilidad? \u00bfY c\u00f3mo lo logra si ahora est\u00e1 atado por completo, porque de acuerdo a la Constituci\u00f3n no puede el Ej\u00e9rcito ni la Marina ocuparse de la funci\u00f3n de la seguridad p\u00fablica? \u00bfCon qui\u00e9n me apoyo?<\/p>\n<p>\u201cY es un asunto pol\u00edtico, porque ahora resulta que les preocupa la militarizaci\u00f3n (a los senadores y a diputados de la oposici\u00f3n). Cuando ellos aplicaron como estrategia el uso de la fuerza, hasta se vest\u00edan de militares (dijo en recuerdo de que Felipe Calder\u00f3n lleg\u00f3 a usar gorras y chamarras militares)\u2026\u201d<\/p>\n<p>&#8211; \u00bfentonces no estar\u00eda de acuerdo con el mando civil?, se le pregunt\u00f3.<\/p>\n<p>\u201c\u2026 nosotros tenemos el respaldo, el apoyo de las Fuerzas Armadas y el entendimiento, la aceptaci\u00f3n de que se van a garantizar los derechos humanos, y que va haber un uso moderado de la fuerza\u2026<\/p>\n<p>\u201cLos gobernadores apoyan, los gobernadores del PRI, ahora que estuvimos en la celebraci\u00f3n del Aniversario del Ej\u00e9rcito, en Coahuila, el gobernador de ese estado se pronunci\u00f3 a favor; el gobernador de Durango a favor, el gobernador de Sinaloa, el gobernador de Campeche; sin embargo, los legisladores, en el caso del PAN, no s\u00e9 por qu\u00e9 raz\u00f3n, opuestos.<\/p>\n<p>\u201cSiendo realistas, \u00bfpor qu\u00e9 un gobernador s\u00ed quiere y un legislador del PAN no, aunque sean del mismo partido? Porque el gobernador es el que tiene que enfrentar el problema diario, de garantizar la seguridad, ni modo que le echen la culpa si hay un crimen a un diputado, a un senador, \u00bfa qui\u00e9n culpa?<\/p>\n<p>\u201cEn el caso de este lamentable caso, de Morelos (del asesinato del dirigente social que se opon\u00eda a la termoel\u00e9ctrica), \u00bfest\u00e1n culpando a un legislador de Morelos, a un diputado local, a un diputado federal, a un senador? \u00a1No, al gobernador y algunos insensatos, y exagerados al presidente de la Rep\u00fablica.<\/p>\n<p>\u201cEntonces, si no aprueban \u2013no es amenaza, ni siquiera advertencia, es hablar claro-, (si) no aprueban, ma\u00f1ana o pasado yo aqu\u00ed doy a conocer mi postura sobre el asunto y el por qu\u00e9 de la actuaci\u00f3n de los legisladores.<\/p>\n<p>\u201cY fuera m\u00e1scaras, o sea, as\u00ed, abiertamente\u2026 yo voy a tratar aqu\u00ed, con todo respeto, de decir: Estos votaron a favor, estos votaron en contra, para que los ciudadanos lo sepan\u201d.<\/p>\n<p>De probada mecha corta, L\u00f3pez Obrador lleg\u00f3 a pensar que no le aprobar\u00edan la Guardia Nacional y reclamaba:<\/p>\n<p>\u201cYo s\u00ed necesito del apoyo del Ej\u00e9rcito, entre otras cosas, porque tienen disciplina, tienen profesionalismo. Son 220 mil elementos. Es la instituci\u00f3n que m\u00e1s infraestructura tiene en el pa\u00eds.<\/p>\n<p>\u201cA ver, hagan la investigaci\u00f3n, \u00bfcu\u00e1ntos cuarteles tiene la Polic\u00eda Federal?, ya lleva 20 a\u00f1os, \u00bfCu\u00e1ntos cuarteles tiene en el pa\u00eds? Es lamentable, indigno, que van a una misi\u00f3n a un estado y los hospedan en campamentos, en hoteles, en donde por la corrupci\u00f3n que exist\u00eda los ten\u00edan que desalojar. El Ej\u00e9rcito tienen instalaciones, tiene escuelas, hay una m\u00edstica, existen compromisos, existen lealtades\u201d.<\/p>\n<p>Pero pronto se seren\u00f3 y concluy\u00f3: \u201cno voy a simular, me estoy haciendo cargo de atender este asunto\u2026 y vamos a esperar\u201d. Unos minutos despu\u00e9s le confirmaron que todo era a favor, y adem\u00e1s por unanimidad.<\/p>\n<p><em><a href=\"http:\/\/endirecto.mx\" target=\"_blank\" rel=\"noopener\">www.endirecto.mx<\/a><\/em><br \/>\n<em><a href=\"https:\/\/twitter.com\/_rvizcaino\" target=\"_blank\" rel=\"noopener\">@_RVizcaino<\/a><\/em><br \/>\n<a href=\"https:\/\/www.facebook.com\/rvizcainoa\" target=\"_blank\" rel=\"noopener\">f<em>acebook.com\/rvizcainoa<\/em><\/a><\/p>\n","protected":false},"excerpt":{"rendered":"<p><span style=\"color: #005497;\"><strong>Roberto Vizca\u00edno<\/strong><\/span><br \/>\n<br \/>\nQuien diga que ya la ve\u00eda venir, \u00a1miente! Nadie &#8211;que yo sepa&#8211; preve\u00eda este final s\u00faper feliz para <strong>Ricardo Monreal<\/strong> y tan adecuado y sorprendente para el presidente <strong>Andr\u00e9s Manuel L\u00f3pez Obrador<\/strong> y los opositores <strong>Miguel \u00c1ngel Osorio Chong<\/strong>, del PRI; <strong>Dante Delgado<\/strong> de Movimiento Ciudadano; <strong>Miguel \u00c1ngel Mancera<\/strong> del PRD y <strong>Mauricio Kuri<\/strong>, del PAN.<\/p>\n","protected":false},"author":3,"featured_media":416509,"comment_status":"open","ping_status":"open","sticky":false,"template":"","format":"standard","meta":{"_monsterinsights_skip_tracking":false,"_monsterinsights_sitenote_active":false,"_monsterinsights_sitenote_note":"","_monsterinsights_sitenote_category":0,"footnotes":""},"categories":[136],"tags":[43674,93,94],"class_list":["post-416462","post","type-post","status-publish","format-standard","has-post-thumbnail","hentry","category-roberto-vizcaino-opinion","tag-opinion","tag-roberto-vizcaino","tag-tras-la-puerta-del-poder"],"_links":{"self":[{"href":"https:\/\/www.diarioimagen.net\/index.php?rest_route=\/wp\/v2\/posts\/416462","targetHints":{"allow":["GET"]}}],"collection":[{"href":"https:\/\/www.diarioimagen.net\/index.php?rest_route=\/wp\/v2\/posts"}],"about":[{"href":"https:\/\/www.diarioimagen.net\/index.php?rest_route=\/wp\/v2\/types\/post"}],"author":[{"embeddable":true,"href":"https:\/\/www.diarioimagen.net\/index.php?rest_route=\/wp\/v2\/users\/3"}],"replies":[{"embeddable":true,"href":"https:\/\/www.diarioimagen.net\/index.php?rest_route=%2Fwp%2Fv2%2Fcomments&post=416462"}],"version-history":[{"count":0,"href":"https:\/\/www.diarioimagen.net\/index.php?rest_route=\/wp\/v2\/posts\/416462\/revisions"}],"wp:featuredmedia":[{"embeddable":true,"href":"https:\/\/www.diarioimagen.net\/index.php?rest_route=\/wp\/v2\/media\/416509"}],"wp:attachment":[{"href":"https:\/\/www.diarioimagen.net\/index.php?rest_route=%2Fwp%2Fv2%2Fmedia&parent=416462"}],"wp:term":[{"taxonomy":"category","embeddable":true,"href":"https:\/\/www.diarioimagen.net\/index.php?rest_route=%2Fwp%2Fv2%2Fcategories&post=416462"},{"taxonomy":"post_tag","embeddable":true,"href":"https:\/\/www.diarioimagen.net\/index.php?rest_route=%2Fwp%2Fv2%2Ftags&post=416462"}],"curies":[{"name":"wp","href":"https:\/\/api.w.org\/{rel}","templated":true}]}}