{"id":416526,"date":"2019-02-23T00:08:18","date_gmt":"2019-02-23T06:08:18","guid":{"rendered":"https:\/\/www.diarioimagen.net\/?p=416526"},"modified":"2019-02-24T22:33:26","modified_gmt":"2019-02-25T04:33:26","slug":"historica-aprobacion-unanime-de-la-guardia-nacional-en-el-senado-resalta-presidente","status":"publish","type":"post","link":"https:\/\/www.diarioimagen.net\/?p=416526","title":{"rendered":"Hist\u00f3rica aprobaci\u00f3n un\u00e1nime de la Guardia Nacional en el Senado, resalta Presidente"},"content":{"rendered":"<ul>\n<li><em><strong>Versi\u00f3n estenogr\u00e1fica<\/strong><\/em><\/li>\n<li><em><strong>Ahora lo que m\u00e1s nos importa, lo que m\u00e1s se necesita es lograr la paz y la tranquilidad al interior del pa\u00eds. Y para eso es que va a ser de gran ayuda la participaci\u00f3n legal del Ej\u00e9rcito y de la Marina, se\u00f1al\u00f3 el primer mandatario<\/strong><\/em><\/li>\n<\/ul>\n<p>&nbsp;<\/p>\n<div id=\"attachment_416528\" style=\"width: 470px\" class=\"wp-caption aligncenter\"><a href=\"https:\/\/www.diarioimagen.net\/?attachment_id=416528\" rel=\"attachment wp-att-416528\"><img loading=\"lazy\" decoding=\"async\" aria-describedby=\"caption-attachment-416528\" class=\"size-large wp-image-416528\" src=\"https:\/\/www.diarioimagen.net\/wp-content\/uploads\/2019\/02\/amlo-2-460x259.jpg\" alt=\"\" width=\"460\" height=\"259\" srcset=\"https:\/\/www.diarioimagen.net\/wp-content\/uploads\/2019\/02\/amlo-2-460x259.jpg 460w, https:\/\/www.diarioimagen.net\/wp-content\/uploads\/2019\/02\/amlo-2-240x135.jpg 240w, https:\/\/www.diarioimagen.net\/wp-content\/uploads\/2019\/02\/amlo-2-235x132.jpg 235w, https:\/\/www.diarioimagen.net\/wp-content\/uploads\/2019\/02\/amlo-2-202x114.jpg 202w, https:\/\/www.diarioimagen.net\/wp-content\/uploads\/2019\/02\/amlo-2-350x196.jpg 350w, https:\/\/www.diarioimagen.net\/wp-content\/uploads\/2019\/02\/amlo-2-220x123.jpg 220w, https:\/\/www.diarioimagen.net\/wp-content\/uploads\/2019\/02\/amlo-2-237x132.jpg 237w, https:\/\/www.diarioimagen.net\/wp-content\/uploads\/2019\/02\/amlo-2.jpg 480w\" sizes=\"auto, (max-width: 460px) 100vw, 460px\" \/><\/a><p id=\"caption-attachment-416528\" class=\"wp-caption-text\">Andr\u00e9s Manuel L\u00f3pez Obrador, presidente de M\u00e9xico.<\/p><\/div>\n<p>&nbsp;<\/p>\n<p><b>PRESIDENTE ANDR\u00c9S MANUEL L\u00d3PEZ OBRADOR:<\/b><\/p>\n<p>Buenos d\u00edas.<\/p>\n<p>Bueno, el d\u00eda de hoy es un d\u00eda importante. Vamos a tratar temas de inter\u00e9s p\u00fablico en lo que corresponde a la informaci\u00f3n. Decirles que estamos muy satisfechos con la aprobaci\u00f3n de la reforma constitucional para la creaci\u00f3n de la Guardia Nacional.<\/p>\n<p>Quiero hacer un reconocimiento a todos los senadores de todos los partidos, a los independientes, porque fue un apoyo un\u00e1nime, algo pocas veces visto, sobre todo en esta nueva etapa de cambios, de transformaciones, de separaci\u00f3n autentica de poderes y de democracia, el lograr este acuerdo general.<\/p>\n<p>Estamos muy contentos con esta reforma constitucional que esperemos se apruebe tambi\u00e9n en los mismos t\u00e9rminos, si no por unanimidad, por mayor\u00eda calificada, como lo establece la ley para que pase a los estados y tambi\u00e9n se proceda a aprobarse, con lo cual vamos a tener un marco legal que nos va a permitir crear esta Guardia Nacional con el apoyo de las Fuerzas Armadas, con el apoyo, en especial, de la Polic\u00eda Militar, de la Polic\u00eda Naval y de la Polic\u00eda Federal.<\/p>\n<p>Es sumar elementos, sumar recursos, sumar voluntades, trabajar de manera coordinada para garantizar la paz y la tranquilidad en el pa\u00eds.<\/p>\n<p>Fue un hecho verdaderamente trascendente, hist\u00f3rico, porque la reforma constitucional permite que las Fuerzas Armadas nos ayuden en labores de seguridad p\u00fablica. Esto no se hab\u00eda logrado en muchos a\u00f1os y hab\u00eda una situaci\u00f3n irregular no apegada a la Constituci\u00f3n, ayudaba el Ej\u00e9rcito, ayudaba la Marina, pero no como lo establec\u00eda o lo establece hasta ahora, la Constituci\u00f3n.<\/p>\n<p>Con la reforma ya van a poder tener un marco legal para ayudarnos en labores de seguridad p\u00fablica con el prop\u00f3sito de dar el giro a las Fuerzas Armadas, poco a poco, de manera gradual, respetando derechos humanos, con el uso prudente de la fuerza, ir dando este giro de seguridad nacional, seguridad interior y seguridad p\u00fablica.<\/p>\n<p>Que no sea el \u00fanico objetivo la defensa nacional, porque como ha sucedido siempre en la historia, para defender el territorio nacional, para defender a M\u00e9xico todos los mexicanos lo har\u00edamos. Todos los mexicanos -como ha sido siempre- estar\u00edamos dispuestos a defender a M\u00e9xico. Ahora lo que m\u00e1s nos importa, lo que m\u00e1s se necesita es lograr la paz y la tranquilidad al interior del pa\u00eds. Y para eso es que va a ser de gran ayuda la participaci\u00f3n legal del Ej\u00e9rcito y de la Marina.<\/p>\n<p>Entonces, de nuevo mi reconocimiento a los senadores de todos los partidos. Fue un hecho, repito, trascendente. Tambi\u00e9n, el d\u00eda de hoy vamos a suscribir un acuerdo con la ONU para que se pueda garantizar a los pobladores de Morelos, que en el caso de que se apruebe el funcionamiento de la termoel\u00e9ctrica -porque va a haber un ejercicio de participaci\u00f3n ma\u00f1ana y pasado- en el caso de que se apruebe, vamos a contar con dict\u00e1menes sobre la calidad del agua, sobre la no contaminaci\u00f3n de un organismo internacional, independiente, para que no quede la menor duda de que no podr\u00edamos, de ninguna manera, llevar a cabo una actividad econ\u00f3mica por importante que sea, afectando el medio ambiente, contaminando el agua, da\u00f1ando el territorio.<\/p>\n<p>Esto fue un compromiso que hicimos y ahora, antes de que se lleve a cabo esa participaci\u00f3n ciudadana, ese ejercicio que va a aplicarse en 60 municipios ma\u00f1ana y pasado.<\/p>\n<p>Aprovecho para convocar a la participaci\u00f3n en nueve municipios de Tlaxcala, 36 municipios de Morelos y 15 municipios de Puebla.<\/p>\n<p>Les explico -o recordamos- que se trata de resolver sobre un conflicto y es resolver un conflicto con el m\u00e9todo democr\u00e1tico, pidiendo que la gente sea la que decida; en la democracia es el pueblo el que manda.<\/p>\n<p>Y como dec\u00eda ayer, es mandar obedeciendo.<\/p>\n<p>\u00bfCu\u00e1l es el conflicto que queremos resolver de manera democr\u00e1tica?<\/p>\n<p>Recordemos. Se construy\u00f3 un gasoducto de Tlaxcala a Morelos, pasando por Puebla, hubo afectaciones, protestas, se termin\u00f3 el gasoducto.<\/p>\n<p>Al mismo tiempo se construy\u00f3 una planta termoel\u00e9ctrica en Morelos, en Yecapixtla. Se termin\u00f3 la planta para conectar el gasoducto con la planta son 100 metros, 150, son los que hace falta, pero hay oposici\u00f3n por lo que signific\u00f3 construir esta obra sin consulta de los ciudadanos y con da\u00f1os, si bien es cierto, ya se repararon, significaron agravios. Hubo gente detenida, encarcelada, todo un movimiento en contra de este proyecto.<\/p>\n<p>Llegamos y nos encontramos esta situaci\u00f3n. La planta y la inversi\u00f3n de esta obra es alrededor de 25 mil millones de pesos, es una planta de la Comisi\u00f3n Federal de Electricidad, de una empresa p\u00fablica, de una empresa de la naci\u00f3n.<\/p>\n<p>Si no funciona la planta se pierde esa inversi\u00f3n, que es presupuesto p\u00fablico, dinero del pueblo.<\/p>\n<p>Con esa planta alumbramos, tendr\u00edamos capacidad para generar energ\u00eda el\u00e9ctrica y satisfacer la demanda de energ\u00eda el\u00e9ctrica de todo el estado de Morelos.<\/p>\n<p>La oposici\u00f3n sostiene que se afecta el agua, que se contamina el agua. Tenemos elementos para decir que no hay esa contaminaci\u00f3n y que adem\u00e1s estamos dispuestos a que haya una supervisi\u00f3n, como ya lo dije, de la ONU sobre este proyecto.<\/p>\n<p>Estamos tambi\u00e9n haci\u00e9ndonos cargo del desarrollo de toda la regi\u00f3n de apoyar a los campesinos que no van a tener menos agua, al contrario, la planta tiene un proceso para limpiar el agua, las aguas negras, aguas residuales se van a tratar. De modo que se va a tener m\u00e1s disponibilidad de agua, se van a revestir canales para que no haya fugas.<\/p>\n<p>Y si se aprueba tambi\u00e9n en estos municipios de Tlaxcala, de Puebla, en todos los municipios de Morelos se reducir\u00eda la tarifa de pago de energ\u00eda el\u00e9ctrica. Ser\u00eda la tarifa m\u00e1s baja, como compensaci\u00f3n, como reparaci\u00f3n de los da\u00f1os ocasionados por la imposici\u00f3n en la construcci\u00f3n de esta obra.<\/p>\n<p>Esto es lo que se va a discutir ma\u00f1ana y pasado. Esto es lo que se va a resolver, la gente libremente va a resolver.<\/p>\n<p>Yo ya fij\u00e9 mi postura, creo que conviene al inter\u00e9s general que se permita que la planta pueda funcionar, pero voy a acatar la decisi\u00f3n de los ciudadanos, cualquiera que sea, porque ellos son los que van a decidir, los ciudadanos. Para eso este proceso democr\u00e1tico. Repito, es mandar obedeciendo, no imponer absolutamente nada y tenerle confianza siempre a los ciudadanos. S\u00ed hay algo importante, lo he dicho en otras ocasiones, lo repito, en estos tiempos es que como nunca en la historia de M\u00e9xico hay ciudadanos conscientes. El cambio verdadero tiene que ver con el cambio de mentalidad. El pueblo est\u00e1 muy consciente, como nunca, por eso es muy fuerte nuestro pa\u00eds en el concierto de las naciones.<\/p>\n<p>Hay muy pocos pa\u00edses con un nivel de conciencia en sus ciudadanos como el que tenemos actualmente en M\u00e9xico. Entonces, es un potencial que vamos a cuidar, por eso no va a haber imposiciones.<\/p>\n<p>Y lo otro, tambi\u00e9n que quede muy claro, nada se va a hacer por la fuerza, todo por la raz\u00f3n y el derecho. Todo va a ser consultado. Quienes se oponen a una decisi\u00f3n siempre van a ser tomados en cuenta, nunca va a haber un acto arbitrario y siempre vamos a estar abiertos al di\u00e1logo, a convencer, a persuadir, no ha imponer absolutamente nada.<\/p>\n<p>Ese el segundo tema.<\/p>\n<p>Y el tercer tema. Esta intervenci\u00f3n de car\u00e1cter introductorio. El tercer tema es el de informarles que ya tenemos otro lote de carros que se van a vender, se acuerdan que les platicaba. Primero. Decirles que este fin de semana es la primera subasta, son 218 veh\u00edculos. A ver, esp\u00e9renme, porque si no se confunde. No tienen de la anterior.<\/p>\n<p style=\"text-align: center;\"><b>INTERVENCI\u00d3N:<br \/>\nDe la anterior, de la subasta.<\/b><\/p>\n<p><b>PRESIDENTE ANDR\u00c9S MANUEL L\u00d3PEZ OBRADOR:<\/b> S\u00ed, para que\u2026 Ma\u00f1ana y pasado es la primera subasta, son 281 veh\u00edculos. Se inscribieron para participan en la subasta 548 personas hasta ahora, pero hay plazo, se ampl\u00eda el plazo hasta finales, as\u00ed, hasta hoy por la noche.<\/p>\n<p>Pueden comprar las bases. Voy a decir los comercios y no les quiero hacer publicidad en Oxxo o en 7 Eleven, 100 pesos.<\/p>\n<p>Este, hay mucho entusiasmo, luego les recuerdo que en abril se van a vender 54 aeronaves, aviones y helic\u00f3pteros. Se van a incluir tambi\u00e9n algunos de los que tienen los gobernadores actualmente. No es quit\u00e1rselos, nosotros no nos podemos meter en esas decisiones, porque son libres, pero s\u00ed, si los gobernadores quieren quedarse con esos aviones, incluso quieren comprar, lo pueden hacer, si ellos deciden tener aviones, helic\u00f3pteros para los servicios p\u00fablicos en los estados.<\/p>\n<p>Y este es otro lote, que tiene que ver con 66 veh\u00edculos de lujo, machuchones, era una bodega que se encontr\u00f3, bueno, luego les dan todos los datos.<\/p>\n<p>O sea, me informaron que exist\u00edan, no se puede por cuestiones, tambi\u00e9n, de seguridad, me dicen, son como 100 millones de pesos que hay ah\u00ed por lo bajo.<\/p>\n<p style=\"text-align: center;\"><b>Segunda subasta de autos<\/b><\/p>\n<p><b>PREGUNTA: <\/b>(Inaudible)<\/p>\n<p><b>PRESIDENTE ANDR\u00c9S MANUEL L\u00d3PEZ OBRADOR:<\/b> No, estos tienen que ver con Hacienda, son recogidos por Hacienda de il\u00edcitos, pero s\u00ed hay algunos de lujo, bueno, la mayor parte de los 66 son de lujo. Esta es la tercera o mejor dicho en el caso de los veh\u00edculos, va a ser la segunda subasta.<\/p>\n<p>Y vamos luego con residencias y hay ranchos y hay alhajas y todo se va a subastar, porque necesitamos recursos para los programas de Bienestar. Regresar todo esto a la gente y necesitamos recursos tambi\u00e9n para la Guardia Nacional.<\/p>\n<p>Entonces, les vamos a estar informando en qu\u00e9 se va a aplicar lo que se obtenga. Ay\u00fadenos a hacer la difusi\u00f3n para que est\u00e9n buenas las ventas y recaudemos.<\/p>\n<p>Muy bien. Ahora, si les parece, escuchemos a Blanca Jim\u00e9nez, para que nos explique; bueno, Diana \u00c1lvarez y Blanca Jim\u00e9nez, las dos, que nos expliquen sobre este ejercicio de participaci\u00f3n en Morelos.<\/p>\n<p><b>Diana \u00c1lvarez Maury, subsecretaria de Desarrollo Democr\u00e1tico y Participaci\u00f3n Social de la Secretar\u00eda de Gobernaci\u00f3n (SEGOB):<span class=\"Apple-converted-space\">\u00a0<\/span><\/b><\/p>\n<p>Gracias, muy buenos d\u00edas a todos.<\/p>\n<p>Como ustedes saben, est\u00e1 organizado este ejercicio de participaci\u00f3n ciudadana y ejercicio democr\u00e1tico que se llevar\u00e1 a cabo el d\u00eda de ma\u00f1ana y el domingo 23 y 24 de febrero, de 8:00 de la ma\u00f1ana a 18:00 horas, como lo coment\u00f3 el se\u00f1or presidente.<\/p>\n<p>Se van a instalar 147 m\u00f3dulos en todos los municipios que actualmente tiene Morelos, 15 de Puebla y nueve de Tlaxcala, que se eligieron aquellos municipios por donde pasa el gasoducto o que forman parte de alguno de este proyecto integral.<\/p>\n<p>Y se llevaron a cabo tambi\u00e9n una serie de asambleas que empezaron el viernes pasado en los municipios de Cuernavaca y Jiutepec, Jojutla y Xochitepec, Yecapixtla y Cuautla, Jonacatepec y Totolapan, Hueyapan, Xoxocotla y Coatetelco.<\/p>\n<p>Aqu\u00ed les informo que la asistencia promedio fueron de 300 personas en donde el m\u00ednimo fue de 100, pero hubo tambi\u00e9n algunas asambleas hasta de 800 personas.<\/p>\n<p>Estas asambleas duraron entre dos y tres horas y media. Fue un ejercicio muy interesante donde asistieron expertos t\u00e9cnicos de Comisi\u00f3n Federal de Electricidad, de Conagua, de Sader, de Cenapred, desde luego, la presencia del delegado de programas de desarrollo en Morelos y de algunas autoridades locales, por ejemplo, Ceagua.<\/p>\n<p>Tambi\u00e9n estuve yo presente en las asambleas que se llevaron a cabo toda esta semana.<\/p>\n<p>Y tambi\u00e9n hubo sesiones informativas en los estados de Tlaxcala y Puebla. Estas sesiones tuvieron como objeto invitar a la poblaci\u00f3n al ejercicio y, desde luego, tambi\u00e9n compartir toda la informaci\u00f3n t\u00e9cnica, que es lo que le preocupa a la poblaci\u00f3n, el tratar de disipar sus dudas y el poder dar una explicaci\u00f3n completa de c\u00f3mo opera esta planta para que en este ejercicio democr\u00e1tico ellos puedan tomar una decisi\u00f3n muy informada.<\/p>\n<p>Entonces, fueron 17 sesiones en Tlaxcala y en Puebla fueron nueve sesiones informativas.<\/p>\n<p>Hubo tambi\u00e9n un trabajo de brigadas para que se entregaran algunos volantes para que la gente pudiera estar enterada de qu\u00e9 d\u00edas, en qu\u00e9 horarios y d\u00f3nde se va a llevar a cabo este ejercicio democr\u00e1tico.<\/p>\n<p>Se cre\u00f3 la p\u00e1gina:<span class=\"Apple-converted-space\">\u00a0 <\/span>para subir toda la informaci\u00f3n. La informaci\u00f3n que les comento es desde la presentaci\u00f3n t\u00e9cnica que se llev\u00f3 a cabo en todas estas asambleas para que cualquier persona que no participe en las asambleas pueda revisarla con calma.<\/p>\n<p>Tambi\u00e9n se public\u00f3 ah\u00ed todas las fechas y lugares de las asambleas y, desde luego, toda la informaci\u00f3n est\u00e1 con respecto a d\u00f3nde se puede acudir a ejercer el voto en este ejercicio participativo.<\/p>\n<p>Pueden encontrar ah\u00ed toda la informaci\u00f3n, desde cada uno de los municipios, en d\u00f3nde se van a instalar las mesas, igual que algunas otras ocasiones vamos a tomar en cuenta lo que es la credencial de elector y a trav\u00e9s de esta credencial de elector se va a llevar todo un control.<\/p>\n<p>Una cuesti\u00f3n muy interesante y muy importante. Sobre todo, es lo que ya coment\u00f3 el se\u00f1or presidente, que es su compromiso con respecto a la seguridad de los ciudadanos del estado de Morelos, de su salud, de su vida y del respeto de todo el medio ambiente; y por lo cual quisiera darle la palabra a la licenciada Blanca, de Conagua, para que nos platique de la visita de los expertos que estuvieron aqu\u00ed, y que ya hicieron ayer una visita directamente a Morelos y que va a hablar ella con respecto a esta colaboraci\u00f3n tan importante para dar certeza y sobre todo seguridad a la ciudadan\u00eda que de alguna manera lo est\u00e1 exigiendo, y que, desde luego, como gobierno nosotros tambi\u00e9n estamos comprometidos con ello.<\/p>\n<p><b>Blanca Elena Jim\u00e9nez Cisneros, titular de Conagua:<\/b><\/p>\n<p>Buenos d\u00edas a todos.<\/p>\n<p>Con su permiso, se\u00f1or presidente.<\/p>\n<p>La Conagua recibi\u00f3 el encargo de involucrar a organismos internacionales, en especial a la Unesco para hacer una evaluaci\u00f3n sobre la cantidad y calidad del agua en el tema de la Termoel\u00e9ctrica la Huexca.<\/p>\n<p>De hecho, recibimos un muy buen apoyo por parte de la oficina de la Unesco en Par\u00eds, por parte de la oficina de Unesco en Montevideo y por parte de la oficina nacional, se encuentra con nosotros el se\u00f1or Vacheron, quien ser\u00e1 uno de los que van a firmar el acuerdo que tendremos.<\/p>\n<p>Tambi\u00e9n recibimos el apoyo de Naciones Unidas, se encuentra con nosotros la se\u00f1ora Katyna Argueta, por parte de todas las Naciones Unidas. Ustedes saben que Naciones Unidas est\u00e1 trabajando ya en forma coordina todas las oficinas en el pa\u00eds, y tambi\u00e9n este ejercicio cuenta con el respaldo.<\/p>\n<p>A trav\u00e9s de estas oficinas se trajeron cuatro expertos de diferentes pa\u00edses, se encuentran en la parte de atr\u00e1s, si por favor levantan su mano los expertos que nos acompa\u00f1aron en una primera visita.<\/p>\n<p>Ellos tienen la caracter\u00edstica no s\u00f3lo de ser interdisciplinarios, tenemos un experto en temas en ingenier\u00eda sanitaria, de hecho, es el presidente de la Asociaci\u00f3n Interamericana de Ingenier\u00eda Sanitaria Ambiental, el se\u00f1or Nery Mart\u00edn M\u00e9ndez.<\/p>\n<p>Tambi\u00e9n tenemos un experto en temas de manejo sustentable de la energ\u00eda y todos los aspectos que tienen que ver con control ambiental, se\u00f1or Andr\u00e9s Eduardo Morales. Tenemos un experto en calidad del agua, el doctor Gabriel Rold\u00e1n de Colombia. Y tambi\u00e9n un experto en cuestiones de hidrolog\u00eda, para ver todos los aspectos que se tienen que ver con monitoreo, calidad del agua, cantidad y el manejo dentro de la empresa de los aspectos ambientales.<\/p>\n<p>Varios de ellos han sido asesores de grupos que han estado opuestos a diversos tipos de megaproyectos; estos tambi\u00e9n cuentan con este tipo de experiencia y una gran sensibilidad por el tema. Se realiz\u00f3 una primera misi\u00f3n, est\u00e1n ellos desde el d\u00eda mi\u00e9rcoles, y ayer visitaron las instalaciones, tanto de la planta de tratamiento de Cuautla, como de la termoel\u00e9ctrica y los sitios de descarga.<\/p>\n<p>Vendr\u00e1 una segunda misi\u00f3n a acabar de revisar el tema, porque como la termoel\u00e9ctrica no est\u00e1 funcionando obviamente no se pueden tomar muestras todav\u00eda de calidad del agua, porque todav\u00eda no se producen despu\u00e9s de la termoel\u00e9ctrica.<\/p>\n<p>Entonces habr\u00e1 otro grupo que venga y mediante laboratorios, tres laboratorios certificados a nivel nacional, internacional, se tomar\u00e1n los valores.<\/p>\n<p>En general, ellos opinan que el manejo actual del agua en cantidad y calidad se puede utilizar como un muy buen ejemplo a nivel internacional de un uso del agua en las zonas donde no hay suficiente disponibilidad de agua superficial y subterr\u00e1nea.<\/p>\n<p>Ustedes, como recordar\u00e1n, en la zona es deficitaria y lo que se recomend\u00f3 por parte de Conagua es reutilizar el agua de Cuautla para el enfriamiento.<\/p>\n<p>Revisaron todo el proceso, y consideran que el proceso es adecuado y va a permitir dar certeza en cuanto a la cantidad y calidad.<\/p>\n<p>Hacen dos recomendaciones.<\/p>\n<p>La primera: Es poner un monitoreo en l\u00ednea de la calidad del agua y poner todos los datos disponibles, de calidad y de cantidad de agua a la poblaci\u00f3n, que sean completamente transparentes, en caso de que la termoel\u00e9ctrica opere.<\/p>\n<p>Y tambi\u00e9n separar el punto de descarga en lugar de que se descargue junto con la planta de tratamiento, que est\u00e9 claramente identificable el sitio donde va a descargar la termoel\u00e9ctrica.<\/p>\n<p>Con esto ellos no tendr\u00edan ning\u00fan problema, cuando est\u00e9 todo puesto y dadas las condiciones de certificar el proceso. Eso es todo.<\/p>\n<p><b>PRESIDENTE ANDR\u00c9S MANUEL L\u00d3PEZ OBRADOR:<\/b> Bueno, pues esto es la informaci\u00f3n.<\/p>\n<p>Nos vamos con la sesi\u00f3n de preguntas y respuestas. Empezamos.<\/p>\n<p>Nos vamos a la primera fila, ya ma\u00f1ana, no, el lunes, el lunes.<\/p>\n<p><b>PREGUNTA:<\/b> Presidente.<\/p>\n<p>Buenos d\u00edas, preguntarle sobre, pues, esta informaci\u00f3n que se dio a conocer por parte de los abogados de Joaqu\u00edn, el \u201cChapo\u201d Guzm\u00e1n respecto a la carta que le hizo llegar la mam\u00e1 para solicitar una visa humanitaria.<\/p>\n<p>Si en el contenido de esa carta le pide este apoyo, si est\u00e1n las condiciones y usted podr\u00eda ayudarle a obtener este documento para que pueda visitar a su hijo.<\/p>\n<p>Y tambi\u00e9n se ha dado a conocer si est\u00e1 la posibilidad de que puedan extraditarlo. \u00bfJur\u00eddicamente se puede y ser\u00eda id\u00f3neo que entonces \u00e9l pudiera regresar a un penal de aqu\u00ed de M\u00e9xico, tomando en cuenta que \u00e9l se fug\u00f3 en dos ocasiones?<\/p>\n<p>Gracias.<\/p>\n<p><b>PRESIDENTE ANDR\u00c9S MANUEL L\u00d3PEZ OBRADOR:<\/b> Te contesto la pregunta y me aclaran que me falta firmar el acuerdo. Estamos rompiendo el protocolo y el ceremonial, pero bueno, te contesto.<\/p>\n<p>Sobre este tema, en efecto, fui a Badiraguato y un abogado me entreg\u00f3 una carta de la mam\u00e1 de Guzm\u00e1n Loera, como toda madre, pidi\u00e9ndome apoyo para su hijo.<\/p>\n<p>En lo jur\u00eddico me hicieron un planteamiento y tambi\u00e9n en la parte humanitaria.<\/p>\n<p>En lo segundo, que tiene que ver con el otorgamiento de unas visas humanitarias, para que dos hermanas de Guzm\u00e1n Loera puedan viajar a Estados Unidos. Di instrucciones de que se procediera.<\/p>\n<p>En lo primero, en lo jur\u00eddico. Corresponde en una primera instancia a la Secretar\u00eda de Gobernaci\u00f3n y a la fiscal\u00eda general y al Poder Judicial.<\/p>\n<p>Entonces es eso, vamos a entregar el escrito a la instancia correspondiente.<\/p>\n<p>En lo segundo. S\u00ed di instrucciones para que se den todas las facilidades y que las hermanas puedan ir a Estados Unidos y ayudarles de acuerdo con las leyes, los reglamentos que tienen en ese pa\u00eds a que puedan visitarlo o tener comunicaci\u00f3n.<\/p>\n<p><b>INTERLOCUTORA:<\/b> (Inaudible)<\/p>\n<p><b>PRESIDENTE ANDR\u00c9S MANUEL L\u00d3PEZ OBRADOR:<\/b> No me lo pidi\u00f3 ella, en la carta me habla de sus dos hermanas. Eso fue. Entonces, vamos a firmar el acuerdo.<\/p>\n<p><b>Fr\u00e9d\u00e9ric Vacheron, Representante A.I. de la Oficina de la Unesco en M\u00e9xico:<\/b><\/p>\n<p>Buenos d\u00edas a todos.<\/p>\n<p>En nombre de la Unesco y de la Organizaci\u00f3n del Sistema de Naciones Unidas quisiera explicar un poco el contexto de este acuerdo.<\/p>\n<p>La Unesco lidera el programa hidrol\u00f3gico internacional, que es el \u00fanico programa de la ONU dedicado al mismo tiempo a la investigaci\u00f3n, la educaci\u00f3n y fortalecimiento de capacidades en materia hidrol\u00f3gica.<\/p>\n<p>Y, asimismo, la Unesco coordina un equipo llamado ONU Agua para medir los avances en el logro de ODS-6, que es el ODS sobre agua limpia y saneamiento, y sus interrelaciones con otros objetivos de desarrollo sostenible. Como l\u00edder de este grupo, la Unesco coordina la publicaci\u00f3n del informe sobre el desarrollo de los recursos h\u00eddricos en el mundo y una rese\u00f1a anual que brinda un an\u00e1lisis integral del estado del uso y la gesti\u00f3n de los recursos h\u00eddricos del planeta.<\/p>\n<p>Dada esta experiencia la Comisi\u00f3n Nacional de Agua, Conagua, y su directora, solicit\u00f3 el apoyo del Programa Hidrol\u00f3gico Internacional, PHI de la Unesco, para desarrollar un trabajo de an\u00e1lisis t\u00e9cnico y cient\u00edfico respecto a potenciales efectos en la cantidad, como lo dec\u00eda la directora, y calidad del agua en la central termoel\u00e9ctrica de Huexca, a cargo de la Comisi\u00f3n Federal de Electricidad en el municipio de Morelos.<\/p>\n<p>As\u00ed el PHI de la Unesco para Am\u00e9rica Latina y El Caribe que se ubica en Montevideo, sugiri\u00f3 la conformaci\u00f3n de un grupo independiente interdisciplinario de expertos internacionales que est\u00e1n aqu\u00ed presentes, cuyo trabajo de asistencia t\u00e9cnica y cient\u00edfica y cuyas recomendaciones se enfocaran en la calidad del agua del R\u00edo Cuautla.<\/p>\n<p>En el contexto del re\u00faso de agua servido por la central del ciclo combinado de Morelos y el tratamiento en la planta de tratamiento de aguas residuales de Cuautla.<\/p>\n<p>Los expertos ya han trabajado en una misi\u00f3n exploratoria que apoya el proceso de Conagua para detallar los potenciales efectos de este sistema que incluye la termoel\u00e9ctrica de Huexca de acuerdo con las pr\u00e1cticas internacionales en relaci\u00f3n con la calidad del agua. Asimismo, la misi\u00f3n de los especialistas propuestos por la Unesco permite a la oficina ac\u00e1 presente en M\u00e9xico analizar la posibilidad de concretar un proceso de acompa\u00f1amiento m\u00e1s profundo e integral en torno a la termoel\u00e9ctrica de Huexca, as\u00ed como plantear los t\u00e9rminos y el alcance que esta colaboraci\u00f3n tendr\u00eda.<\/p>\n<p>Teniendo presente que la Conagua tiene un inter\u00e9s primordial en recibir acompa\u00f1amiento t\u00e9cnico por parte de la Unesco para promover el fortalecimiento y el desarrollo de la investigaci\u00f3n cient\u00edfica y educativa en materia hidrol\u00f3gica, as\u00ed como la formulaci\u00f3n de m\u00e9todos, herramientas, proyectos y enfoques vinculados con el manejo del agua que permitan promover su uso sostenible a nivel local y nacional. El acuerdo firmado hoy entre las instituciones contempla, adem\u00e1s del acompa\u00f1amiento t\u00e9cnico y cient\u00edfico y de emisi\u00f3n de recomendaciones sobre el proceso de la Central Termoel\u00e9ctrica de Huexca.<\/p>\n<p>Entonces, ese acuerdo contempla varios aspectos que no voy a detallar, que les podemos proporcionar; pero le puedo decir que es b\u00e1sicamente la colaboraci\u00f3n en la creaci\u00f3n de consejos, comit\u00e9s o grupos de especialistas para promover el desarrollo cient\u00edfico, educativo y cultural en manejo sostenible del agua.<\/p>\n<p>Dise\u00f1ar de manera conjunta actividades y proyectos para el manejo sostenible del agua que integran el \u00e1mbito cient\u00edfico, educativo, cultural y de la comunicaci\u00f3n y cualquier otra actividad que contribuya al acompa\u00f1amiento, el fortalecimiento de capacidades y la toma de decisiones con base a conocimientos cient\u00edficos.<\/p>\n<p>La se\u00f1ora Blanca Jim\u00e9nez ya les present\u00f3 los diferentes expertos.<\/p>\n<p>Tambi\u00e9n quisiera agregar que este proyecto est\u00e1 coordinado por nuestro coordinador regional, el se\u00f1or Miguel Doria de la Unesco, y que destac\u00f3 que, efectivamente, este grupo es un grupo interdisciplinario, neutral, que no tiene ning\u00fan v\u00ednculo con el proyecto o con las autoridades que lo gestionan y que tiene una vasta experiencia en temas similares respecto a la cantidad y calidad del agua.<\/p>\n<p>El trabajo de los expertos se concret\u00f3 estos d\u00edas y eran b\u00e1sicamente cuatro puntos:<\/p>\n<p>Uno. Acuerdo de un plan de trabajo entre el grupo de especialistas y Conagua.<\/p>\n<p>La recepci\u00f3n de la informaci\u00f3n relativa al proceso de la planta de Huexca.<\/p>\n<p>Reuniones con las autoridades de Conagua.<\/p>\n<p>La visita de reconocimiento a Central de Ciclo Combinado de Morelos, la Planta de Tratamiento de Aguas Residuales de Cuautla y la fluyente del R\u00edo Cuautla.<\/p>\n<p>Al concluir la misi\u00f3n exploratoria este s\u00e1bado, los especialistas trazar\u00e1n una hoja de ruta y un calendario tentativo para la entrega del informe t\u00e9cnico y cient\u00edfico, y esta hoja de ruta puede incluir recomendaciones para la realizaci\u00f3n de otros estudios relativos con los que a\u00fan no se cuenten, por lo que la entrega del informe t\u00e9cnico y cient\u00edfico est\u00e1 sujeta al levantamiento y al an\u00e1lisis de los instrumentos que resulten pertinentes para poder emitir las recomendaciones.<\/p>\n<p>Much\u00edsimas gracias.<\/p>\n<p style=\"text-align: center;\"><b>Guardia Nacional<\/b><\/p>\n<p><b>PRESIDENTE ANDR\u00c9S MANUEL L\u00d3PEZ OBRADOR:<\/b> Bueno, ya se firma el acuerdo.<\/p>\n<p>Y ahora s\u00ed, si continuamos.<\/p>\n<p><b>PREGUNTA:<\/b> Gracias.<\/p>\n<p>Buenos d\u00edas, presidente.<\/p>\n<p>Preguntarle sobre el tema de la Guardia Nacional y estas dos modificaciones que se hacen a este marco legal y que son fundamentales para lograr la conciliaci\u00f3n entre los diferentes partidos que conforman el Senado de la Rep\u00fablica, es el asunto relacionado con el mando civil, \u00bfsi me puede dar su opini\u00f3n?<\/p>\n<p>Y tambi\u00e9n con estos cinco a\u00f1os de plazo para dar a las Fuerzas Armadas, \u00bfse lograr\u00e1 cumplir este plazo?<\/p>\n<p>Gracias.<\/p>\n<p><b>PRESIDENTE ANDR\u00c9S MANUEL L\u00d3PEZ OBRADOR:<\/b> Mire, para ser claros, se aprueba la participaci\u00f3n del Ej\u00e9rcito y de la Marina en labores de seguridad p\u00fablica. Eso yo dir\u00eda que es lo m\u00e1s destacado. Hay un plazo de cinco a\u00f1os para que pueda el Ej\u00e9rcito y la Marina participar en labores de seguridad p\u00fablica.<\/p>\n<p>Y la Guardia Nacional, desde luego, que va a poder intervenir en labores de seguridad p\u00fablica, esa es su materia, para eso se cre\u00f3. Anteriormente no pod\u00eda el Ej\u00e9rcito ni pod\u00eda la Marina hacerlo o no estaba en la Constituci\u00f3n. Actuaban a partir de resoluciones de la Corte, pero se necesitaba para poner a disposici\u00f3n a un detenido, un polic\u00eda, no pod\u00edan hacerlo de manera directa. Por poner un ejemplo: con la reforma constitucional ya van a poder actuar de manera directa, y los cinco a\u00f1os son para que, independientemente del funcionamiento de la Guardia, pueda el Ej\u00e9rcito y la Marina ayudarnos en labores de seguridad.<\/p>\n<p>Lo segundo: Hay una relaci\u00f3n con la Secretar\u00eda de Seguridad P\u00fablica, en lo administrativo de la Guardia, pero en lo operativo se aprueba que haya una especie de estado mayor conjunto entre el Ej\u00e9rcito, la Marina y la Secretaria de Seguridad P\u00fablica, en la parte operativa.<\/p>\n<p>Tercero: La facultad para nombrar al jefe de la Guardia Nacional recae en el titular del Poder Ejecutivo, y puede ser un civil o un militar retirado o en activo; todo esto es importante que se aclare.<\/p>\n<p>Se establece, tambi\u00e9n, que se van a mejorar las polic\u00edas estatales y municipales.<\/p>\n<p>Se establece, pues, la responsabilidad que tenemos de informar al Poder Legislativo sobre la actuaci\u00f3n, el desempe\u00f1o de la Guardia Nacional. Yo creo que fue, la verdad, una muy buena decisi\u00f3n de los legisladores, de manera especial de los senadores, fue un\u00e1nime, ayudaron mucho. \u00a1Qu\u00e9 bien!<\/p>\n<p>Porque se me estaba pasando hacer el reconocimiento a los gobernadores, ayudaron mucho a convencer, a persuadir, a aclarar dudas que ten\u00edan los senadores; ayudaron mucho los gobernadores de todos los partidos con sus afines en lo partidista, es decir, los gobernadores del PAN, ayudaron a convencer a quienes no estaban convencidos, senadores del PAN, explic\u00e1ndoles; hubo di\u00e1logo.<\/p>\n<p>La Secretar\u00eda de Gobernaci\u00f3n, tanto la licenciada Olga S\u00e1nchez, como Zo\u00e9 Robledo, de Gobernaci\u00f3n, estuvieron ayudando en la informaci\u00f3n, y fue decisiva la participaci\u00f3n de Alfonso Durazo, secretario de Seguridad P\u00fablica, del consejero jur\u00eddico, Julio Scherer y de los dos secretarios, tanto del secretario de la Defensa, como del secretario de Marina.<\/p>\n<p>O sea, se trabaj\u00f3 de manera conjunta, organizada, se estableci\u00f3 un sistema de consulta permanente en estos \u00faltimos d\u00edas, hablaban a cada instante, se reunieron muchas veces con gobernadores, con legisladores, aunque no me corresponde porque es otro Poder; ayud\u00f3 tambi\u00e9n el coordinador de los senadores, Ricardo Monreal. Y eso fue lo que sucedi\u00f3.<\/p>\n<p>Ya dijimos que primera fila. \u00bfLos de la primera fila son los que llegan m\u00e1s temprano? Ah, bueno<\/p>\n<p><b>PREGUNTA: <\/b>Buenos d\u00edas, presidente, muchas gracias. Stephanie Ochoa, de ADN 40.<\/p>\n<p>Usted se\u00f1ala que el Ejecutivo tiene la posibilidad de nombrar al jefe del Guardia Nacional ya sea un mando militar o civil. Sin embargo, en las modificaciones al dictamen que se aprob\u00f3 ayer se contempla que el mando civil sea exclusivamente una persona civil, que es justamente la discusi\u00f3n de la sociedad civil.<\/p>\n<p>En este sentido, \u00bfusted estar\u00eda dispuesto a renunciar a este mando militar o le pedir\u00eda a la C\u00e1mara de Diputados hacer estas modificaciones?<\/p>\n<p><b>PRESIDENTE ANDR\u00c9S MANUEL L\u00d3PEZ OBRADOR:<\/b> No tengo la facultad para decidir sobre lo que mejor convenga.<\/p>\n<p>Entonces, voy a hacer una buena selecci\u00f3n.<\/p>\n<p><b>INTERLOCUTORA: <\/b>\u00bfEn qui\u00e9n pensar\u00eda?<\/p>\n<p><b>PRESIDENTE ANDR\u00c9S MANUEL L\u00d3PEZ OBRADOR <\/b>Es que eso es lo que voy a empezar ya ahora a procesar.<\/p>\n<p>Vamos a recibir propuestas y en su momento yo les informo, as\u00ed como lo hacemos; hasta podemos hablar de ternas y se dan a conocer de manera abierta, transparente, buscando que sean las personas m\u00e1s apropiadas.<\/p>\n<p><b>INTERLOCUTORA:<\/b> Gracias.<\/p>\n<p><b>PRESIDENTE ANDR\u00c9S MANUEL L\u00d3PEZ OBRADOR:<\/b> \u00bfQui\u00e9n? Primera fila, dijimos.<\/p>\n<p><b>PREGUNTA: <\/b>Buen d\u00eda, presidente. Guillermo Cruz.<\/p>\n<p>Dos preguntas:<\/p>\n<p>La primera, sobre el sector de la industria del cuero, calzado, particularmente de Guanajuato y Jalisco. Se ha hablado mucho sobre la no publicaci\u00f3n del decreto para proteger en un sentido de c\u00f3mo quedaron desprotegidos por la importaci\u00f3n de productos que vienen de Asia, particularmente de China, Vietnam.<\/p>\n<p>Preguntarle si tomar\u00e1 usted alguna medida en ese sentido para protegerlos o habr\u00e1 incentivos fiscales.<\/p>\n<p>Y la segunda pregunta \u00bfsi tiene conocimiento respecto a alg\u00fan presunto acto de sabotaje que haya ocurrido en la refiner\u00eda de Salamanca con la utilizaci\u00f3n de crudo que no estaba programado o habilitado para ser utilizado en la refiner\u00eda y que haya afectado m\u00e1s a algunas plantas, lo que provoc\u00f3 en consecuencia que la utilizaci\u00f3n o la habilitaci\u00f3n de ciertas plantas haya afectado m\u00e1s el desabasto que se vivi\u00f3 en varios estados?<\/p>\n<p>Gracias.<\/p>\n<p><b>PRESIDENTE ANDR\u00c9S MANUEL L\u00d3PEZ OBRADOR:<\/b> No hay informaci\u00f3n sobre eso. No existe ninguna informaci\u00f3n.<\/p>\n<p><b>INTERLOCUTOR: <\/b>\u00bfY se podr\u00eda establecer alguna averiguaci\u00f3n? Porque es una versi\u00f3n que circula entre los propios trabajadores.<\/p>\n<p><b>PRESIDENTE ANDR\u00c9S MANUEL L\u00d3PEZ OBRADOR: <\/b>S\u00ed, pero no hay ning\u00fan reporte. Yo lo sabr\u00eda, porque nos reunimos diario para ver el funcionamiento. Bueno, hasta ayer que se hizo la evaluaci\u00f3n final, pero no existe ning\u00fan reporte en ese sentido, se lo puedo garantizar. De todas maneras, como lo est\u00e1 planteando, lo vamos a indagar y ya el lunes le decimos con todos los elementos. Y lo segundo.<\/p>\n<p><b>INTERLOCUTOR: <\/b>Sobre el asunto de la industria de cuero y calzado y los aranceles.<\/p>\n<p><b>PRESIDENTE ANDR\u00c9S MANUEL L\u00d3PEZ OBRADOR:<\/b> Se est\u00e1 revisando, no hay una postura definitiva. Nosotros tenemos que apoyar a la industria nacional, el mercado interno, tenemos que apoyar a la industria textil, nacional y a la industria del calzado, y tenemos que apoyar, tambi\u00e9n, a las industrias que se dedican a la producci\u00f3n de acero.<\/p>\n<p>No estamos de acuerdo con lo que se hizo en el periodo neoliberal, que se llev\u00f3 a cabo una apertura indiscriminada y sin l\u00edmites y se dej\u00f3 en estado de indefensi\u00f3n a los productores nacionales.<\/p>\n<p>Entonces, vamos a revisar este caso, siempre pensando en proteger a la industria nacional.<\/p>\n<p>Se le trat\u00f3 muy mal a la industria textil y a la industria del calzado en el periodo neoliberal, porque hubo una competencia desleal y esto signific\u00f3 p\u00e9rdidas de empleo, cierres de plantas, de talleres, afect\u00f3 mucho en el Baj\u00edo, afect\u00f3 mucho en Guanajuato la pol\u00edtica que llevaron a cabo en el periodo neoliberal en lo relacionado con la apertura comercial.<\/p>\n<p>Entonces, he dado instrucciones para que se revise este tema y pronto vamos a informarles.<\/p>\n<p><b>INTERLOCUTOR: <\/b>Gracias.<\/p>\n<p><b>PRESIDENTE ANDR\u00c9S MANUEL L\u00d3PEZ OBRADOR:<\/b> Si les parece hasta ah\u00ed nada m\u00e1s, porque, miren, ayer nos pasamos. Por cierto, eso de la alarma fue falsa alarma, eso no se debe de hacer, \u00bfeh? No, en serio, o sea, no hacer cosas.<\/p>\n<p><b>PREGUNTA: <\/b>Presidente, buenos d\u00edas. Marco Antonio Olvera, corresponsal de Radio Latino en M\u00e9xico.<\/p>\n<p>Tres preguntas, una para usted, otra para los representantes de la Marina y la Defensa y para la gente de la Unesco y la ONU.<\/p>\n<p>La primera para usted, en caso de que no se autorizara por parte del pueblo la acci\u00f3n de la termoel\u00e9ctrica, cu\u00e1l ser\u00eda la decisi\u00f3n de su gobierno y cu\u00e1l es el dinero que se quedar\u00eda en <i>stand by<\/i> con esa inversi\u00f3n.<\/p>\n<p><b>PRESIDENTE ANDR\u00c9S MANUEL L\u00d3PEZ OBRADOR:<\/b> Bueno, ya lo dije, es una inversi\u00f3n de alrededor de 25 mil millones de pesos, pero tambi\u00e9n significar\u00eda dejar de generar energ\u00eda.<\/p>\n<p>Y para los opositores que act\u00faan con una concepci\u00f3n, que yo respeto, de izquierda, decirles tambi\u00e9n que, si nosotros no producimos la energ\u00eda, si la Comisi\u00f3n Federal de Electricidad no produce la energ\u00eda, como ha venido sucediendo, pues se tiene que comprar a empresas extranjeras. Es una situaci\u00f3n complicada.<\/p>\n<p>Entonces, primero, dejar ah\u00ed esa inversi\u00f3n.<\/p>\n<p>Segundo, no puedo mencionar los nombres de las empresas que se van a beneficiar, porque en el plan de desmantelamiento de las empresas p\u00fablicas se le dio preferencia.<\/p>\n<p>Bueno, es parte de eso, porque la planta es de la Comisi\u00f3n Federal de Electricidad, pero f\u00edjense los negocios, tan malos para la naci\u00f3n y tan bueno para los particulares. El gasoducto es particular, la planta es de la Comisi\u00f3n Federal de Electricidad. Entonces, ten\u00edamos que ver contratos, ten\u00edamos que ver pago de multas, indemnizaci\u00f3n, y al final, como la Comisi\u00f3n Federal de Electricidad est\u00e1 produciendo s\u00f3lo la mitad de la energ\u00eda el\u00e9ctrica que consumimos, gracias a la pol\u00edtica neoliberal, a la pol\u00edtica de pillaje, porque \u00e9ramos autosuficientes; pero como apostaron a la privatizaci\u00f3n ahora estamos en esta situaci\u00f3n lamentable.<\/p>\n<p>Entonces, que tengan todos estos elementos, porque siempre hay que optar entre inconvenientes y que no sea nada m\u00e1s la carga ideol\u00f3gica lo que nos lleve a tomar decisiones.<\/p>\n<p>Que tengamos todos los elementos, y que, si ellos tienen problemas con nosotros, que no les guste el acuerdo de transformaci\u00f3n, porque durante mucho tiempo estuvieron apostando a que la gente no votara, y ahora quieren seguir oponi\u00e9ndose a nosotros, que lo hagan con racionalidad. Y que no hay ning\u00fan problema, podemos seguir siendo opositores.<\/p>\n<p>Yo creo que una postura irracional con carga ideol\u00f3gica es conservadurismo puro, eso no tiene nada que ver con la izquierda ni con ser liberal, eso es conservadurismo.<\/p>\n<p>Nosotros, cuando estudiamos en ciencias sociales, nos dec\u00edan que deb\u00edamos conocer la realidad para transformarla, no quedarnos nada m\u00e1s en el conocimiento de la realidad, y seguir administrando la tragedia, seguir administrando la crisis, el fracaso; nosotros lo que queremos es transformar, cambiar esta realidad de corrupci\u00f3n, de injusticias, de privilegios. Ese es nuestro planteamiento.<\/p>\n<p>Y eso es ser revolucionario, lo otro es conservadurismo, es mantener el statu quo, ah\u00ed es donde los extremos se tocan: la extrema derecha y sectores que se piensan de izquierda. Entonces, es bueno el debate este, es muy bueno; por eso: Qu\u00e9 va a haber una manifestaci\u00f3n en contra. Bienvenida la manifestaci\u00f3n. Que va a haber un mitin adelante el mitin. Que un desplegado. Garantizar el derecho a disentir; pero estamos en el momento de dialogar y de debatir y de aclarar muchas cosas. No es un reproche, pero los que se consideraban o siguen consider\u00e1ndose como radicales, que llamaban a no votar, pues le hicieron al juego consciente o inconscientemente durante mucho tiempo al r\u00e9gimen autoritario, corrupto, al r\u00e9gimen neoliberal, neo porfirista durante todo este tiempo.<\/p>\n<p>Ahora triunfamos porque el pueblo decide que haya un cambio verdadero, que iniciemos una transformaci\u00f3n y ah\u00ed est\u00e1n ahora de opositores, y no les gusta la democracia, por eso no voy a dejar de decir que, \u00bfen qu\u00e9 quedamos? \u00bfNo que era mandar obedeciendo?, \u00bfpor qu\u00e9 tenerle miedo al pueblo, \u00bfy d\u00f3nde est\u00e1 la construcci\u00f3n del poder popular? Desde abajo, \u00bfd\u00f3nde qued\u00f3?<\/p>\n<p>\u00bfPor qu\u00e9 no aplicar la democracia? Sin trampas, sin fraudes, con libertad para que todo mundo se exprese y as\u00ed va a ser lo que vamos a continuar.<\/p>\n<p>Entonces, no le hace que haya p\u00e9rdidas materiales. Si la gente decide que no se haga lo de la termoel\u00e9ctrica lo vamos a respetar, pero que la gente decida.<\/p>\n<p><b>PREGUNTA:<\/b> La siguiente pregunta, presidente si me permite, para el secretario de la Defensa y la Marina.<\/p>\n<p>La inseguridad en la que est\u00e1 sumergida el pa\u00eds es gracias, tambi\u00e9n, a miles de armamentos que llegan a nuestro territorio. No s\u00e9 si la Secretar\u00eda de la Defensa y la Marina tienen un proyecto, un programa para confiscar, o ya no seguir permitiendo la entrada de armamentos ilegales a nuestro pa\u00eds.<\/p>\n<p>Ustedes como representantes de las Fuerzas Armadas y la Marina, seguramente tendr\u00e1n alg\u00fan compendio de qu\u00e9 entra, qu\u00e9 sale, pues porque finalmente la inseguridad en el pa\u00eds tambi\u00e9n es un negocio para quien compra armas y quien las vende.<\/p>\n<p><b>Luis Crescencio Sandoval Gonz\u00e1lez, secretario de la Defensa:<\/b><\/p>\n<p>Gracias, se\u00f1or presidente.<\/p>\n<p>Bien, dentro de las estrategias que se establecen para general condiciones de seguridad, en las fronteras se tiene una serie de puestos militares de seguridad, y operaciones que van encaminadas a la detecci\u00f3n de armamento, todo ese armamento que, en alg\u00fan momento, se est\u00e1 moviendo por las fronteras, ah\u00ed en esos puntos se pueden identificar.<\/p>\n<p>No es un programa espec\u00edfico, sino es como parte de toda la estrategia que se lleva a cabo por parte de Fuerzas Armadas.<\/p>\n<p>Tambi\u00e9n en los reconocimientos de las diferentes \u00e1reas problem\u00e1ticas, la Ribere\u00f1a, poniendo, por ejemplo, ah\u00ed en Tamaulipas, pues hay una serie de actividades de reconocimiento de nuestro personal que va, tambi\u00e9n, una parte enfocada a la localizaci\u00f3n de ese armamento. Las operaciones o explotaci\u00f3n de la informaci\u00f3n sobre ubicaci\u00f3n de armas en determinados tiempos tambi\u00e9n es parte de todos eso. No, repito, no es un programa espec\u00edfico, es parte de toda la estrategia de Fuerzas Armadas para garantizar la seguridad de los ciudadanos.<\/p>\n<p><b>Jos\u00e9 Rafael Ojeda, secretario de Marina:<\/b><\/p>\n<p>Y con respecto a eso tambi\u00e9n se est\u00e1 llegando a un acuerdo con aduanas, tanto mar\u00edtimas, como terrestres, donde va a intervenir en las terrestres el Ej\u00e9rcito, en las mar\u00edtimas vamos a intervenir la Armada, en las administraciones portuarias integrales tambi\u00e9n estamos viendo esos acuerdos para cuando se logre todo eso, en su momento, a trav\u00e9s de la autorizaci\u00f3n del se\u00f1or presidente se les har\u00e1 hacer llegar todo el planteamiento respecto a eso.<\/p>\n<p><b>PRESIDENTE ANDR\u00c9S MANUEL L\u00d3PEZ OBRADOR:<\/b> Yo les agrego sobre eso, que es un tema interesante, muy importante.<\/p>\n<p>En efecto, hay mucho contrabando de armas y es un tema que vamos a tratar, en su momento, con el gobierno de Estados Unidos.<\/p>\n<p>El plan de seguridad que se est\u00e1 llevando a cabo en el pa\u00eds, tiene varias etapas, lo primero, como lo hemos dicho, es lo preventivo. Muchos recursos como nunca para que haya producci\u00f3n, para que haya trabajo, para que haya bienestar, para que haya atenci\u00f3n a los j\u00f3venes. Eso es lo fundamental.<\/p>\n<p>Y mejorar todo lo relacionado con la protecci\u00f3n a los ciudadanos, brindarles, garantizarles la seguridad p\u00fablica. Lo de la Guardia Nacional es para eso, es tener coordinaciones en todo el pa\u00eds. Ahora vamos a tener 266 coordinaciones con la Guardia Nacional.<\/p>\n<p>Pero tambi\u00e9n implica una campa\u00f1a, que ya hemos hablado aqu\u00ed, para reducir, frenar el consumo de drogas en el pa\u00eds.<\/p>\n<p>Y en este caso queremos hacerlo de manera conjunta, lo vamos a proponer incluso a Estados Unidos, para que se atienda a los j\u00f3venes y haya informaci\u00f3n.<\/p>\n<p>Nosotros ya estamos preparando toda una campa\u00f1a de difusi\u00f3n y nos van a ayudar los medios de informaci\u00f3n, estamos hablando ya con concesionarios de radio, de estaciones, cadenas de televisi\u00f3n, con prensa escrita; todos vamos a trabajar sobre esto para enfrentar lo del consumo de las drogas, sobre todo de drogas que son muy da\u00f1inas para los j\u00f3venes.<\/p>\n<p>Pero tambi\u00e9n vamos a meternos en lo de las armas, porque no es posible que sigan creciendo las ventas en las armer\u00edas de Estados Unidos y se sigan introduciendo armas para que tengamos nosotros violencia en el pa\u00eds.<\/p>\n<p>Y s\u00ed estamos trabajando para evitar el tr\u00e1fico de armas. Hoy en la ma\u00f1ana en el informe, s\u00f3lo que no lo quiso decir aqu\u00ed con otras cosas, pero fue un buen trabajo del Ej\u00e9rcito en la frontera. Se encontraron armas -ese fue el reporte que present\u00f3 hoy el secretario de la Defensa- en Tamaulipas, en Camargo. Armas protegidas, envueltas, enterradas. Esta fue una labor del Ej\u00e9rcito recorriendo el terreno. Ya como lo dijimos ahora, a ver si la Secretar\u00eda de la Defensa les informa sobre esto con Comunicaci\u00f3n, pero s\u00ed estamos trabajando en ese sentido.<\/p>\n<p><b>INTERLOCUTOR: <\/b>Y la \u00faltima pregunta para los representantes de la Unesco y la ONU.<\/p>\n<p>\u00bfCu\u00e1les son los lineamientos que no permitir\u00edan en caso de que as\u00ed fuera, que se instalara esta hidroel\u00e9ctrica, obviamente los lineamientos que ustedes no permitir\u00edan para que no se instalara? en caso de que as\u00ed fuera.<\/p>\n<p><b>Fr\u00e9d\u00e9ric Vacheron:\u00a0<\/b>Gracias, se\u00f1or presidente.<\/p>\n<p>La verdad es que esa es una pregunta muy t\u00e9cnica.<\/p>\n<p>Conagua y Unesco trabajan con el Programa PHI desde 1994 y ah\u00ed es solamente en el marco de esa colaboraci\u00f3n que los expertos de Unesco van a evaluar la calidad y la cantidad del agua, es decir, el impacto que podr\u00eda tener la termoel\u00e9ctrica sobre la calidad del agua.<\/p>\n<p>Los lineamientos son muy t\u00e9cnicos, la verdad que lo podemos proporcionar, pero ac\u00e1 tenemos un equipo multidisciplinario que va a ver todos los aspectos relacionados al agua, que son varios, no s\u00f3lo vienen de varios pa\u00edses, pero de varias disciplinas.<\/p>\n<p>Entonces, tu pregunta es extraordinariamente t\u00e9cnica, yo creo que tambi\u00e9n, cu\u00e1l es el nivel de la tecnolog\u00eda que se va a usar, porque una alta tecnolog\u00eda se pod\u00eda mitigar, justamente, cualquier efecto.<\/p>\n<p>Pero, justamente, estamos al principio, no podemos contestar nada todav\u00eda, pero lo estamos haciendo desde hace muchos a\u00f1os con M\u00e9xico.<\/p>\n<p>Esa colaboraci\u00f3n no es nueva, ah\u00ed tiene un poquito m\u00e1s de visibilidad por el contexto, pero, la verdad, que es un trabajo que estamos llevando a cabo desde hace muchos a\u00f1os y estamos muy confiados que, justamente, cualquier proyecto, como dice uno de nuestros asesores, es viable, lo importante es tomar las medidas necesarias para evitar que haya impacto que pueda ser no deseable. Entonces, el informe estar\u00e1 disponible dentro de un tiempo, unos d\u00edas, todav\u00eda no tenemos respuesta, pero estamos muy confiados de que ese proyecto va a ser sostenible. Esperamos.<\/p>\n<p><b>PRESIDENTE ANDR\u00c9S MANUEL L\u00d3PEZ OBRADOR:<\/b> Decirles nada m\u00e1s que en esto nos ajustamos a las recomendaciones, para eso lo de la Unesco.<\/p>\n<p>Si ellos determinan, el equipo t\u00e9cnico, de que se da\u00f1a el medio ambiente, que hay contaminaci\u00f3n del agua, que se afecta la salud del pueblo, se suspende cualquier actividad, no s\u00f3lo en este caso, en cualquier proyecto productivo que se inicie, o sea, lo m\u00e1s importante es cuidar la salud de la gente. Eso lo garantizamos.<\/p>\n<p>\u00bfPor qu\u00e9 pedimos este arbitraje?<\/p>\n<p>Porque nos dicen que no hay problema, que el proceso de tratamiento del agua es bueno, sin embargo, es lo que ellos digan. No nos vamos a cerrar, o sea, que se tengan todos los informes, que los que est\u00e1n en contra puedan tambi\u00e9n recurrir a las instancias que consideren necesarias para esto.<\/p>\n<p>Me dice el general que ya tienen las im\u00e1genes, es que esto lo vemos todas las ma\u00f1anas, recuerden que desde antes de las 6:00 de la ma\u00f1ana estamos reunidos y recibimos el parte, diario, el reporte, diario.<\/p>\n<p>A ver, general.<\/p>\n<p><b>LUIS CRESENCIO SANDOVAL GONZ\u00c1LEZ:<\/b> Con su permiso.<\/p>\n<p>Aqu\u00ed ustedes pueden ver en la l\u00e1mina la ubicaci\u00f3n de donde personal militar, en reconocimientos, terrestres ubic\u00f3 el lugar donde estaban escondidas las armas.<\/p>\n<p>Ah\u00ed est\u00e1 muy cerca de ciudad Camargo, pegado a lo que es la presa El Az\u00facar.<\/p>\n<p>Esa es la modalidad en la que se encontr\u00f3 armamento cubierto para protegerlo del da\u00f1o que le puede hacer enterrado en cualquier parte, y m\u00e1s pegado ah\u00ed que hay humedad, son cajas y son pl\u00e1sticos, cajas de pl\u00e1stico donde meten todo el armamento bien protegido.<\/p>\n<p>Ah\u00ed ya una vez que lo extrajeron del lugar donde estaba enterrado, ah\u00ed se ven todas las armas, 15 armas, un fusil Barrett, calibre 50 y 14 fusiles AK-47. Esa es la forma en que preservan su arma, las armas que est\u00e1n de contrabando y es lo que hace nuestro personal en los reconocimientos.<\/p>\n<p>Estos procedimientos para ocultar las armas tambi\u00e9n se usan para ocultar droga, avanzar la droga cercana a la frontera para en su oportunidad estarla cruzando.<\/p>\n<p>Esa es el\u2026<\/p>\n<p><b>INTERLOCUTORA:<\/b> (inaudible)<\/p>\n<p><b>INTERVENCI\u00d3N:<\/b> No, esas vienen. La droga es la que va en ese movimiento es el sentido contrario.<\/p>\n<p>Gracias.<\/p>\n<p><b>PRESIDENTE ANDR\u00c9S MANUEL L\u00d3PEZ OBRADOR:<\/b> Parece que como que est\u00e1bamos de acuerdo \u00bfverdad?<\/p>\n<p>Nos tenemos que ir, porque les invitamos a conmemorar los hechos tan lamentables que se dieron aqu\u00ed. Estuvo preso cuatro d\u00edas en la Intendencia de Palacio el presidente Madero, el vicepresidente Pino Su\u00e1rez, el general Felipe \u00c1ngeles, y en la noche los sacaron y en Lecumberri, antes de llegar, los asesinaron.<\/p>\n<p>Entonces, vamos a tener un acto en la Intendencia para no olvidar este acontecimiento tan lamentable, porque se asesin\u00f3 a un presidente legal, leg\u00edtimamente constituido. Un hombre bueno, un dem\u00f3crata, Ap\u00f3stol de la Democracia. Uno de los dirigentes pol\u00edticos m\u00e1s importantes del mundo.<\/p>\n<p>Yo admiro mucho a presidentes como Benito Ju\u00e1rez, como L\u00e1zaro C\u00e1rdenas, pero el presidente con m\u00e1s vocaci\u00f3n democr\u00e1tica que ha habido en la historia de nuestro pa\u00eds fue Francisco I. Madero, ning\u00fan otro como \u00e9l.<\/p>\n<p>Entonces, es importante recordar estos hechos para que nunca jam\u00e1s vuelvan a suceder en nuestro pa\u00eds.<\/p>\n<p>Bueno, vamos.<\/p>\n<p>Muchas gracias.<\/p>\n","protected":false},"excerpt":{"rendered":"<p>Bueno, el d\u00eda de hoy es un d\u00eda importante. Vamos a tratar temas de inter\u00e9s p\u00fablico en lo que corresponde a la informaci\u00f3n. Decirles que estamos muy satisfechos con la aprobaci\u00f3n de la reforma constitucional para la creaci\u00f3n de la Guardia Nacional.<\/p>\n","protected":false},"author":1,"featured_media":416528,"comment_status":"open","ping_status":"open","sticky":false,"template":"","format":"standard","meta":{"_monsterinsights_skip_tracking":false,"_monsterinsights_sitenote_active":false,"_monsterinsights_sitenote_note":"","_monsterinsights_sitenote_category":0,"footnotes":""},"categories":[3],"tags":[1352,82668,43673],"class_list":["post-416526","post","type-post","status-publish","format-standard","has-post-thumbnail","hentry","category-nacional","tag-andres-manuel-lopez-obrador","tag-conferencia-matutina","tag-nacional"],"_links":{"self":[{"href":"https:\/\/www.diarioimagen.net\/index.php?rest_route=\/wp\/v2\/posts\/416526","targetHints":{"allow":["GET"]}}],"collection":[{"href":"https:\/\/www.diarioimagen.net\/index.php?rest_route=\/wp\/v2\/posts"}],"about":[{"href":"https:\/\/www.diarioimagen.net\/index.php?rest_route=\/wp\/v2\/types\/post"}],"author":[{"embeddable":true,"href":"https:\/\/www.diarioimagen.net\/index.php?rest_route=\/wp\/v2\/users\/1"}],"replies":[{"embeddable":true,"href":"https:\/\/www.diarioimagen.net\/index.php?rest_route=%2Fwp%2Fv2%2Fcomments&post=416526"}],"version-history":[{"count":0,"href":"https:\/\/www.diarioimagen.net\/index.php?rest_route=\/wp\/v2\/posts\/416526\/revisions"}],"wp:featuredmedia":[{"embeddable":true,"href":"https:\/\/www.diarioimagen.net\/index.php?rest_route=\/wp\/v2\/media\/416528"}],"wp:attachment":[{"href":"https:\/\/www.diarioimagen.net\/index.php?rest_route=%2Fwp%2Fv2%2Fmedia&parent=416526"}],"wp:term":[{"taxonomy":"category","embeddable":true,"href":"https:\/\/www.diarioimagen.net\/index.php?rest_route=%2Fwp%2Fv2%2Fcategories&post=416526"},{"taxonomy":"post_tag","embeddable":true,"href":"https:\/\/www.diarioimagen.net\/index.php?rest_route=%2Fwp%2Fv2%2Ftags&post=416526"}],"curies":[{"name":"wp","href":"https:\/\/api.w.org\/{rel}","templated":true}]}}