{"id":416609,"date":"2019-02-25T00:09:31","date_gmt":"2019-02-25T06:09:31","guid":{"rendered":"https:\/\/www.diarioimagen.net\/?p=416609"},"modified":"2019-02-25T23:59:23","modified_gmt":"2019-02-26T05:59:23","slug":"el-tren-maya-prioridad-en-plan-para-impulsar-turismo","status":"publish","type":"post","link":"https:\/\/www.diarioimagen.net\/?p=416609","title":{"rendered":"El Tren Maya, prioridad en plan para impulsar turismo"},"content":{"rendered":"<ul>\n<li><em><strong>Lanzan estrategia nacional<\/strong><\/em><\/li>\n<li><em><strong>Proyecto para hacer de M\u00e9xico una potencia en este sector<\/strong><\/em><\/li>\n<\/ul>\n<h6>Jos\u00e9 Luis Monta\u00f1ez<\/h6>\n<p>&nbsp;<\/p>\n<div id=\"attachment_416684\" style=\"width: 470px\" class=\"wp-caption aligncenter\"><a href=\"https:\/\/www.diarioimagen.net\/?attachment_id=416684\" rel=\"attachment wp-att-416684\"><img loading=\"lazy\" decoding=\"async\" aria-describedby=\"caption-attachment-416684\" class=\"size-large wp-image-416684\" src=\"https:\/\/www.diarioimagen.net\/wp-content\/uploads\/2019\/02\/amlo-3-460x259.jpg\" alt=\"\" width=\"460\" height=\"259\" srcset=\"https:\/\/www.diarioimagen.net\/wp-content\/uploads\/2019\/02\/amlo-3-460x259.jpg 460w, https:\/\/www.diarioimagen.net\/wp-content\/uploads\/2019\/02\/amlo-3-240x135.jpg 240w, https:\/\/www.diarioimagen.net\/wp-content\/uploads\/2019\/02\/amlo-3-235x132.jpg 235w, https:\/\/www.diarioimagen.net\/wp-content\/uploads\/2019\/02\/amlo-3-202x114.jpg 202w, https:\/\/www.diarioimagen.net\/wp-content\/uploads\/2019\/02\/amlo-3-350x196.jpg 350w, https:\/\/www.diarioimagen.net\/wp-content\/uploads\/2019\/02\/amlo-3-220x123.jpg 220w, https:\/\/www.diarioimagen.net\/wp-content\/uploads\/2019\/02\/amlo-3-237x132.jpg 237w, https:\/\/www.diarioimagen.net\/wp-content\/uploads\/2019\/02\/amlo-3.jpg 480w\" sizes=\"auto, (max-width: 460px) 100vw, 460px\" \/><\/a><p id=\"caption-attachment-416684\" class=\"wp-caption-text\">La Estrategia Nacional de Turismo tiene como prioridad la construcci\u00f3n del Tren Maya.<\/p><\/div>\n<p>&nbsp;<\/p>\n<p>El presidente Andr\u00e9s Manuel L\u00f3pez Obrador anunci\u00f3 en Chetumal, Quintana Roo, la Estrategia Nacional de Turismo, la cual tiene como prioridad la construcci\u00f3n del Tren Maya, que ser\u00eda el detonador de este sector estrat\u00e9gico en el desarrollo del pa\u00eds.<\/p>\n<p>Durante el evento realizado en el Centro de Convenciones de la capital del estado, el secretario de Turismo, Miguel Torruco, se\u00f1al\u00f3 que el objetivo es posicionar a M\u00e9xico como una potencia tur\u00edstica competitiva y de vanguardia, que haga del turismo un pilar para el desarrollo justo y equilibrado entre las comunidades y regiones einform\u00f3 que la estrategia se divide en cinco programas:<\/p>\n<p><strong>\u2022 Consolidar<\/strong> <strong>el desarrollo del sureste <\/strong>a partir de proyectos de infraestructura como el Tren Maya, el cual integrar\u00e1 m\u00e1s de 190 recursos tur\u00edsticos como playas, zonas arqueol\u00f3gicas, museos, pueblos m\u00e1gicos y ciudades que son Patrimonio Mundial de la Humanidad.<\/p>\n<p><strong>\u2022 Regionalizar<\/strong> <strong>destinos con vocaci\u00f3n tur\u00edstica<\/strong> en ocho macroregiones (Centro, Centro-Norte y Occidente, Noroeste, Mar de Cort\u00e9s, Golfo, Norte-Centro, Pen\u00ednsula de Yucat\u00e1n, y Pac\u00edfico-Sur) que generen mayor equilibrio y en las que se busca revivir proyectos que estaban en proceso o apagados la creaci\u00f3n de una Chinatown o el Museo de la Guitarra.<\/p>\n<p><strong>\u2022 Activar el mercado interno<\/strong>, por lo que se buscar\u00e1 que los mexicanos viajen m\u00e1s por todo el pa\u00eds. Se aplicar\u00e1n dos programas que se realizaban en la Ciudad de M\u00e9xico: Disfruta M\u00e9xico y Sonrisas por M\u00e9xico.<\/p>\n<p><strong>\u2022 Conciliar el crecimiento econ\u00f3mico<\/strong> con el crecimiento social que consiste en una vinculaci\u00f3n multifactorial para mejorar cordones urbanos que rodean los sitios tur\u00edsticos.<\/p>\n<p><strong>\u2022 Diversificar los mercados<\/strong> para comercializar y posicionar nuestros destinos y productos tur\u00edsticos; para ello se aplicar\u00e1 la \u201cOperaci\u00f3n Toca Puertas\u201d, que est\u00e1 dirigida a nichos de alto poder adquisitivo como Reino Unido y China, donde el gasto per c\u00e1pita alcanza 4 mil 458 d\u00f3lares.<\/p>\n","protected":false},"excerpt":{"rendered":"<p><span style=\"color: #005497;\">Jos\u00e9 Luis Monta\u00f1ez<\/span><br \/>\n<br \/>\nEl presidente Andr\u00e9s Manuel L\u00f3pez Obrador anunci\u00f3 en Chetumal, Quintana Roo, la Estrategia Nacional de Turismo, la cual tiene como prioridad la construcci\u00f3n del Tren Maya, que ser\u00eda el detonador de este sector estrat\u00e9gico en el desarrollo del pa\u00eds.<\/p>\n","protected":false},"author":3,"featured_media":416684,"comment_status":"open","ping_status":"open","sticky":false,"template":"","format":"standard","meta":{"_monsterinsights_skip_tracking":false,"_monsterinsights_sitenote_active":false,"_monsterinsights_sitenote_note":"","_monsterinsights_sitenote_category":0,"footnotes":""},"categories":[3],"tags":[70217,41588,76415,43681],"class_list":["post-416609","post","type-post","status-publish","format-standard","has-post-thumbnail","hentry","category-nacional","tag-impulsar","tag-prioridad","tag-tren-maya","tag-turismo"],"_links":{"self":[{"href":"https:\/\/www.diarioimagen.net\/index.php?rest_route=\/wp\/v2\/posts\/416609","targetHints":{"allow":["GET"]}}],"collection":[{"href":"https:\/\/www.diarioimagen.net\/index.php?rest_route=\/wp\/v2\/posts"}],"about":[{"href":"https:\/\/www.diarioimagen.net\/index.php?rest_route=\/wp\/v2\/types\/post"}],"author":[{"embeddable":true,"href":"https:\/\/www.diarioimagen.net\/index.php?rest_route=\/wp\/v2\/users\/3"}],"replies":[{"embeddable":true,"href":"https:\/\/www.diarioimagen.net\/index.php?rest_route=%2Fwp%2Fv2%2Fcomments&post=416609"}],"version-history":[{"count":0,"href":"https:\/\/www.diarioimagen.net\/index.php?rest_route=\/wp\/v2\/posts\/416609\/revisions"}],"wp:featuredmedia":[{"embeddable":true,"href":"https:\/\/www.diarioimagen.net\/index.php?rest_route=\/wp\/v2\/media\/416684"}],"wp:attachment":[{"href":"https:\/\/www.diarioimagen.net\/index.php?rest_route=%2Fwp%2Fv2%2Fmedia&parent=416609"}],"wp:term":[{"taxonomy":"category","embeddable":true,"href":"https:\/\/www.diarioimagen.net\/index.php?rest_route=%2Fwp%2Fv2%2Fcategories&post=416609"},{"taxonomy":"post_tag","embeddable":true,"href":"https:\/\/www.diarioimagen.net\/index.php?rest_route=%2Fwp%2Fv2%2Ftags&post=416609"}],"curies":[{"name":"wp","href":"https:\/\/api.w.org\/{rel}","templated":true}]}}