{"id":416630,"date":"2019-02-25T00:07:35","date_gmt":"2019-02-25T06:07:35","guid":{"rendered":"https:\/\/www.diarioimagen.net\/?p=416630"},"modified":"2019-02-25T23:58:42","modified_gmt":"2019-02-26T05:58:42","slug":"vandalizacion-de-opositores-en-la-consulta-sobre-termoelectrica","status":"publish","type":"post","link":"https:\/\/www.diarioimagen.net\/?p=416630","title":{"rendered":"Vandalizaci\u00f3n de opositores en la consulta sobre termoel\u00e9ctrica"},"content":{"rendered":"<ul>\n<li><em><strong>Segundo d\u00eda del ejercicio ciudadano<\/strong><\/em><\/li>\n<li><em><strong>Cierran casillas en el oriente de Morelos ante falta de medidas de seguridad<\/strong><\/em><\/li>\n<\/ul>\n<p>&nbsp;<\/p>\n<p><a href=\"https:\/\/www.diarioimagen.net\/?attachment_id=416713\" rel=\"attachment wp-att-416713\"><img loading=\"lazy\" decoding=\"async\" class=\"aligncenter size-large wp-image-416713\" src=\"https:\/\/www.diarioimagen.net\/wp-content\/uploads\/2019\/02\/CONSULTA25-460x307.jpg\" alt=\"\" width=\"460\" height=\"307\" srcset=\"https:\/\/www.diarioimagen.net\/wp-content\/uploads\/2019\/02\/CONSULTA25-460x307.jpg 460w, https:\/\/www.diarioimagen.net\/wp-content\/uploads\/2019\/02\/CONSULTA25-240x160.jpg 240w, https:\/\/www.diarioimagen.net\/wp-content\/uploads\/2019\/02\/CONSULTA25.jpg 660w\" sizes=\"auto, (max-width: 460px) 100vw, 460px\" \/><\/a><\/p>\n<p>&nbsp;<\/p>\n<p>Las casillas de la zona oriente del estado, conocida tambi\u00e9n como \u201dLos Altos de Morelos\u201d, fueron cerradas ante la presencia de grupos opositores a la termoel\u00e9ctrica La Huexca.<\/p>\n<p>En la cabecera municipal de Hueyapan la casilla fue retirada al filo de las 10:00 horas ante el aviso de que un convoy de camionetas con opositores al citado proyecto se aproximaban para vandalizar y quemar las boletas.<\/p>\n<p>Do\u00f1a Josefina Hern\u00e1ndez, habitante de este municipio, coment\u00f3 que lleg\u00f3 a votar pasada las 10 de la ma\u00f1ana y le informaron que la casilla hab\u00eda sido levantada, pero se volver\u00eda a instalar ayer domingo, \u201cven\u00edamos a votar, pero nos avisaron que ven\u00eda un grupo a quemar la casilla y por eso hoy -ayer-ya no se pudo\u201d, coment\u00f3.<\/p>\n<p>Al filo de las 12:30 horas, el convoy con opositores a la termoel\u00e9ctrica arribaron a esta cabecera municipal para protestar en contra del asesinato del activista Samir Flores y para manifestar su rechazo al citado proyecto.<\/p>\n<p>\u201c\u00a1Agua s\u00ed, termo no!\u201d, gritaron por varios minutos frente al destruido edificio de la presidencia municipal, el cual qued\u00f3 en ruinas a consecuencia de los sismos del 19 de septiembre del 2017.<\/p>\n<p>En tanto, en Cuernavaca fueron detenidos tres j\u00f3venes que se identificaron como estudiantes de la Universidad Aut\u00f3noma del Estado de Morelos y quienes hab\u00edan vandalizado una casilla de votaci\u00f3n.<\/p>\n<p>En un recorrido por diversas casillas en la entidad, se pudo observar poca afluencia, mientras que en redes sociales el Frente por Defensa de la Tierra y el Agua de Morelos ha llamado a no votar.<\/p>\n<p style=\"text-align: center;\"><strong>Villa de Ayala vota en paz<br \/>\ny se inclina por el \u201cno\u201d <\/strong><\/p>\n<p>Con la que podr\u00eda ser la afluencia m\u00e1s alta de participantes en toda la consulta sobre la termoel\u00e9ctrica de Huexca, la poblaci\u00f3n de Villa de Ayala demostr\u00f3 estar muy interesada en rechazar el proyecto.<\/p>\n<p>Desde las 8:00 horas, la casilla instalada en la Plazuela Francisco de Ayala (nombrada as\u00ed en honor al hijo pr\u00f3digo de esta localidad, que ayud\u00f3 a Morelos a romper el sitio de Cuautla en 1812), comenz\u00f3 a recibir ciudadanos para participar en la consulta p\u00fablica.<\/p>\n<p>A decir del encargado de la casilla (identificada con el n\u00famero uno en este ejercicio participativo) para este punto se destinaron cuatro mil 200 boletas, de las cuales se usaron 797 el s\u00e1bado y se esperaba concluir este domingo con el total.<\/p>\n<p>De acuerdo con lo reportado hasta las 14:20 horas, la ma\u00f1ana hab\u00eda transcurrido con poca afluencia, hasta que alrededor de las 11:00 horas llegaron varias decenas de militantes de Antorcha Campesina a participar en el ejercicio.<\/p>\n<p>Debido a que ven\u00edan en camiones, se pens\u00f3 que ten\u00edan la intenci\u00f3n de \u201creventar\u201d la votaci\u00f3n, pero contrario a ello, se formaron en una gran fila y poco a poco fueron cumpliendo con su voto, para despu\u00e9s retirarse en paz.<\/p>\n<p>Seg\u00fan cuentan los oficiales de la Polic\u00eda Municipal que vigilaronn el ejercicio, estas personas portaban pancartas con diversos argumentos de por qu\u00e9 se debe votar \u201cno\u201d por la termoel\u00e9ctrica de Huexca.<\/p>\n<p>Entre otros, porque contrario a lo que se\u00f1alan las autoridades, en el sentido de que se usar\u00e1n aguas tratadas para el ciclo combinado de la instalaci\u00f3n, aqu\u00ed se afirma que se tomar\u00e1 agua del R\u00edo Cuautla, principal fuente de abastecimiento para esta poblaci\u00f3n, famosa tambi\u00e9n porque el general Emiliano Zapata firm\u00f3 aqu\u00ed su c\u00e9lebre Plan de Ayala.<\/p>\n<p>Los lugare\u00f1os afirman que se construy\u00f3 una nueva tuber\u00eda en el r\u00edo, que desv\u00eda el principal afluente hacia la termoel\u00e9ctrica, lo que pone en riesgo el abasto para los pobladores.<\/p>\n<p>Incluso, alguien en la plaza, al encontrarse con alg\u00fan amigo despu\u00e9s de votar, le pregunt\u00f3 por qu\u00e9 hab\u00eda votado por el \u201cs\u00ed\u201d, a lo que el cuestionado respondi\u00f3 que para bajar el monto del recibo de luz; la siguiente interrogante fue: \u201c\u00bfEntonces, qu\u00e9 prefieres, tener agua o luz?\u201d<\/p>\n<p>A pesar de este tipo de discrepancias, en su mayor\u00eda las personas votaron por el \u201cno\u201d y lo dec\u00edan claramente, en voz alta, convencidos de que el proyecto afectar\u00e1 su vida cotidiana e, incluso, conversaban entre ellos en el sentido de que ojal\u00e1 no gane el \u201cs\u00ed\u201d con votantes de Cuernavaca a los que este proyecto no les afecta.<\/p>\n<p>Llegaron varias decenas de militantes de Antorcha Campesina a participar en el ejercicio en Villa de Ayala. Debido a que ven\u00edan en camiones, se pens\u00f3 que ten\u00edan la intenci\u00f3n de \u201creventar\u201d la votaci\u00f3n, pero contrario a ello, se formaron en una gran fila y poco a poco fueron cumpliendo con su voto, para despu\u00e9s retirarse en paz.<\/p>\n<p><strong>\u00a0<\/strong><\/p>\n<blockquote><p><strong>Caravana informativa en Morelos sobre posibles afectaciones<\/strong><\/p>\n<p><a href=\"https:\/\/www.diarioimagen.net\/?attachment_id=416714\" rel=\"attachment wp-att-416714\"><img loading=\"lazy\" decoding=\"async\" class=\"aligncenter size-large wp-image-416714\" src=\"https:\/\/www.diarioimagen.net\/wp-content\/uploads\/2019\/02\/consulta-460x259.jpg\" alt=\"\" width=\"460\" height=\"259\" srcset=\"https:\/\/www.diarioimagen.net\/wp-content\/uploads\/2019\/02\/consulta-460x259.jpg 460w, https:\/\/www.diarioimagen.net\/wp-content\/uploads\/2019\/02\/consulta-240x135.jpg 240w, https:\/\/www.diarioimagen.net\/wp-content\/uploads\/2019\/02\/consulta-235x132.jpg 235w, https:\/\/www.diarioimagen.net\/wp-content\/uploads\/2019\/02\/consulta-202x114.jpg 202w, https:\/\/www.diarioimagen.net\/wp-content\/uploads\/2019\/02\/consulta-350x196.jpg 350w, https:\/\/www.diarioimagen.net\/wp-content\/uploads\/2019\/02\/consulta-220x123.jpg 220w, https:\/\/www.diarioimagen.net\/wp-content\/uploads\/2019\/02\/consulta-237x132.jpg 237w, https:\/\/www.diarioimagen.net\/wp-content\/uploads\/2019\/02\/consulta.jpg 480w\" sizes=\"auto, (max-width: 460px) 100vw, 460px\" \/><\/a><\/p>\n<p>Opositores al Proyecto Integral Morelos y la termoel\u00e9ctrica La Huexca realizaron ayer domingo una caravana informativa en la zona oriente de Morelos.<\/p>\n<p>Jorge Vel\u00e1zquez y Samantha C\u00e9sar explicaron que el objetivo es difundir informaci\u00f3n sobre las afectaciones a las comunidades con las obras de la Comisi\u00f3n Federal de Electricidad (CFE).<\/p>\n<p>\u201cSe har\u00e1 la caravana informativa en toda la regi\u00f3n oriente, ahorita tenemos la informaci\u00f3n de que no hay casillas en esas comunidades, cuando ya son m\u00e1s de las nueve de la ma\u00f1ana\u201d, explic\u00f3 Vel\u00e1zquez.<\/p>\n<p>En conferencia en el centro del pueblo, el activista agreg\u00f3 que la caravana inici\u00f3 en Jonacatepec y los siguientes puntos del recorrido se decidieron sobre la marcha.<\/p>\n<p>\u201cVamos a ir dando la informaci\u00f3n pac\u00edficamente con la ciudadan\u00eda que se encuentre en las plazas. La regi\u00f3n oriente estaba puesta a no participar en esta consulta\u201d, abund\u00f3. La caravana parti\u00f3 del centro de Amilcingo minutos antes de las 10:00 horas, luego de una asamblea del Frente de Pueblos en Defensa de la Tierra y el Agua de Morelos, Puebla y Tlaxcala.<\/p>\n<p>\u201cBuscamos contrarrestar la informaci\u00f3n oficial, que es lo que ha hecho estas dos semanas el Estado a trav\u00e9s de estos foros en los que s\u00f3lo se daba informaci\u00f3n positiva.<\/p>\n<p>\u201cMinimizan los riesgos o las cuestiones negativas, y ahora que se est\u00e1 haciendo esto es para informar sobre las afectaciones y por qu\u00e9 tomamos la decisi\u00f3n que tomamos\u201d, agreg\u00f3 C\u00e9sar.<\/p><\/blockquote>\n","protected":false},"excerpt":{"rendered":"<p>Las casillas de la zona oriente del estado, conocida tambi\u00e9n como \u201dLos Altos de Morelos\u201d, fueron cerradas ante la presencia de grupos opositores a la termoel\u00e9ctrica La Huexca.<\/p>\n","protected":false},"author":3,"featured_media":416714,"comment_status":"open","ping_status":"open","sticky":false,"template":"","format":"standard","meta":{"_monsterinsights_skip_tracking":false,"_monsterinsights_sitenote_active":false,"_monsterinsights_sitenote_note":"","_monsterinsights_sitenote_category":0,"footnotes":""},"categories":[3],"tags":[16619,83160,83159,83161],"class_list":["post-416630","post","type-post","status-publish","format-standard","has-post-thumbnail","hentry","category-nacional","tag-consulta","tag-opositores","tag-termoelecgrica","tag-vandalziacion"],"_links":{"self":[{"href":"https:\/\/www.diarioimagen.net\/index.php?rest_route=\/wp\/v2\/posts\/416630","targetHints":{"allow":["GET"]}}],"collection":[{"href":"https:\/\/www.diarioimagen.net\/index.php?rest_route=\/wp\/v2\/posts"}],"about":[{"href":"https:\/\/www.diarioimagen.net\/index.php?rest_route=\/wp\/v2\/types\/post"}],"author":[{"embeddable":true,"href":"https:\/\/www.diarioimagen.net\/index.php?rest_route=\/wp\/v2\/users\/3"}],"replies":[{"embeddable":true,"href":"https:\/\/www.diarioimagen.net\/index.php?rest_route=%2Fwp%2Fv2%2Fcomments&post=416630"}],"version-history":[{"count":0,"href":"https:\/\/www.diarioimagen.net\/index.php?rest_route=\/wp\/v2\/posts\/416630\/revisions"}],"wp:featuredmedia":[{"embeddable":true,"href":"https:\/\/www.diarioimagen.net\/index.php?rest_route=\/wp\/v2\/media\/416714"}],"wp:attachment":[{"href":"https:\/\/www.diarioimagen.net\/index.php?rest_route=%2Fwp%2Fv2%2Fmedia&parent=416630"}],"wp:term":[{"taxonomy":"category","embeddable":true,"href":"https:\/\/www.diarioimagen.net\/index.php?rest_route=%2Fwp%2Fv2%2Fcategories&post=416630"},{"taxonomy":"post_tag","embeddable":true,"href":"https:\/\/www.diarioimagen.net\/index.php?rest_route=%2Fwp%2Fv2%2Ftags&post=416630"}],"curies":[{"name":"wp","href":"https:\/\/api.w.org\/{rel}","templated":true}]}}