{"id":416770,"date":"2019-02-26T00:09:41","date_gmt":"2019-02-26T06:09:41","guid":{"rendered":"https:\/\/www.diarioimagen.net\/?p=416770"},"modified":"2019-02-26T00:37:13","modified_gmt":"2019-02-26T06:37:13","slug":"eugenio-derbez-le-dijo-no-a-alfonso-cuaron-rechazo-propuesta-de-trabajo","status":"publish","type":"post","link":"https:\/\/www.diarioimagen.net\/?p=416770","title":{"rendered":"Eugenio Derbez le dijo no a Alfonso Cuar\u00f3n; rechaz\u00f3 propuesta de trabajo"},"content":{"rendered":"<ul>\n<li><em><strong>El actor confes\u00f3 que pudo haber sido el protagonista de uno de los primeros proyectos de Alfonso Cuar\u00f3n, pero la presi\u00f3n econ\u00f3mica lo orill\u00f3 a rechazar la oferta que le hizo el cineasta<\/strong><\/em><\/li>\n<li><em><strong>As\u00ed lo revel\u00f3 en Instagram<\/strong><\/em><\/li>\n<\/ul>\n<p>&nbsp;<\/p>\n<div id=\"attachment_416771\" style=\"width: 470px\" class=\"wp-caption aligncenter\"><img loading=\"lazy\" decoding=\"async\" aria-describedby=\"caption-attachment-416771\" class=\"size-large wp-image-416771\" src=\"https:\/\/www.diarioimagen.net\/wp-content\/uploads\/2019\/02\/eugenio-derbez-poortal-460x460.jpg\" alt=\"\" width=\"460\" height=\"460\" srcset=\"https:\/\/www.diarioimagen.net\/wp-content\/uploads\/2019\/02\/eugenio-derbez-poortal-460x460.jpg 460w, https:\/\/www.diarioimagen.net\/wp-content\/uploads\/2019\/02\/eugenio-derbez-poortal-150x150.jpg 150w, https:\/\/www.diarioimagen.net\/wp-content\/uploads\/2019\/02\/eugenio-derbez-poortal-240x240.jpg 240w, https:\/\/www.diarioimagen.net\/wp-content\/uploads\/2019\/02\/eugenio-derbez-poortal-50x50.jpg 50w, https:\/\/www.diarioimagen.net\/wp-content\/uploads\/2019\/02\/eugenio-derbez-poortal-75x75.jpg 75w, https:\/\/www.diarioimagen.net\/wp-content\/uploads\/2019\/02\/eugenio-derbez-poortal-70x70.jpg 70w, https:\/\/www.diarioimagen.net\/wp-content\/uploads\/2019\/02\/eugenio-derbez-poortal.jpg 700w\" sizes=\"auto, (max-width: 460px) 100vw, 460px\" \/><p id=\"caption-attachment-416771\" class=\"wp-caption-text\">Derbez dijo que pese a no haber trabajado con Cuar\u00f3n, ha tenido el honor y orgullo de ver su ascenso como director.<\/p><\/div>\n<p>&nbsp;<\/p>\n<p>No se guard\u00f3 nada. Su cuenta de Instagram fue el medio por el que el actor Eugenio Derbez revel\u00f3 que pudo ser el protagonista de uno de los primeros proyectos de Alfonso Cuar\u00f3n.\u00ad<\/p>\n<p>Seg\u00fan revel\u00f3 el actor de M\u00e9xico, la presi\u00f3n econ\u00f3mica jug\u00f3 en su contra y lo forz\u00f3 a rechazar la oferta que le present\u00f3 el reconocido cineasta.<\/p>\n<p>Algunas horas antes de la entrega de los Premios Oscar 2019, el actor Eugenio Derbez comparti\u00f3 en su cuenta oficial de Instagram una carta dirigida a Alfonso Cuar\u00f3n. En ella, el artista de M\u00e9xico revela todo lo que signific\u00f3 \u201cRoma\u201d para \u00e9l y tambi\u00e9n para los mexicanos.<\/p>\n<p>En su mensaje, que fue r\u00e1pidamente difundido v\u00eda Instagram, el actor de M\u00e9xico coment\u00f3 que en los pa\u00edses de Latinoam\u00e9rica se suele ver a Hollywood como una meta bastante lejana y que a esta industria le generamos ingresos al ver las pel\u00edculas que produce.<\/p>\n<p>\u201cAs\u00ed que cuando un artista como Alfonso, uno de los m\u00e1s grandes directores de nuestros tiempos, expresa su amor por su gente y su pa\u00eds haciendo el viaje de regreso a M\u00e9xico con su arte, no solo nos hace sentir orgullosos, nos recuerda qui\u00e9nes somos\u201d, escribi\u00f3 Eugenio Derbez.<\/p>\n<p>De acuerdo al artista de M\u00e9xico, la pel\u00edcula de Alfonso Cuar\u00f3n es una obra de arte y adem\u00e1s considera que el trabajo del director crea una relaci\u00f3n directa con nuestros corazones y mentes.<\/p>\n<p>Para el protagonista del filme \u201cNo se aceptan devoluciones\u201d, el director de M\u00e9xico no cuenta la historia de un personaje cualquiera del imaginario mexicano, sino m\u00e1s bien narra la historia de uno que generalmente pasa desapercibido y es poco valorado. \u201cY esto es lo que hace el arte de verdad: nos deja ver el mundo a trav\u00e9s de los ojos de alguien m\u00e1s\u201d, expres\u00f3 Derbez.<\/p>\n<p>Para el protagonista del filme \u2018No se aceptan devoluciones\u2019, el director de M\u00e9xico no cuenta la historia de un personaje cualquiera del imaginario mexicano, sino m\u00e1s bien narra la historia de uno que generalmente pasa desapercibido y es poco valorado. \u201cY esto es lo que hace el arte de verdad: nos deja ver el mundo a trav\u00e9s de los ojos de alguien m\u00e1s\u201d, expres\u00f3 Derbez.<\/p>\n<p>&nbsp;<\/p>\n<blockquote>\n<p style=\"text-align: left;\">\u201cTal vez Alfonso ya no recuerde esto, pero \u00e9l me ofreci\u00f3 un papel protag\u00f3nico en uno de sus primeros proyectos, una pel\u00edcula independiente, de arte. Yo estaba luchando para salir adelante como actor, ten\u00eda una hija peque\u00f1a. El destino me puso al mismo tiempo mi primer contrato con una televisora mexicana. Mi situaci\u00f3n no me permiti\u00f3 priorizar lo art\u00edstico sobre lo comercial en aquel momento\u201d.<\/p>\n<p style=\"text-align: right;\"><strong>Eugenio Derbez<\/strong><\/p>\n<\/blockquote>\n","protected":false},"excerpt":{"rendered":"<p>No se guard\u00f3 nada. Su cuenta de Instagram fue el medio por el que el actor Eugenio Derbez revel\u00f3 que pudo ser el protagonista de uno de los primeros proyectos de Alfonso Cuar\u00f3n.\u00ad<\/p>\n","protected":false},"author":5,"featured_media":416773,"comment_status":"open","ping_status":"open","sticky":false,"template":"","format":"standard","meta":{"_monsterinsights_skip_tracking":false,"_monsterinsights_sitenote_active":false,"_monsterinsights_sitenote_note":"","_monsterinsights_sitenote_category":0,"footnotes":""},"categories":[12],"tags":[2106,43682,414,28807,83189,24220,846,8961],"class_list":["post-416770","post","type-post","status-publish","format-standard","has-post-thumbnail","hentry","category-espectaculos","tag-alfonso-cuaron","tag-espectaculos","tag-eugenio-derbez","tag-instagram","tag-le-dijo-no-a-alfonso-cuaron","tag-rechazo","tag-roma","tag-trabajo"],"_links":{"self":[{"href":"https:\/\/www.diarioimagen.net\/index.php?rest_route=\/wp\/v2\/posts\/416770","targetHints":{"allow":["GET"]}}],"collection":[{"href":"https:\/\/www.diarioimagen.net\/index.php?rest_route=\/wp\/v2\/posts"}],"about":[{"href":"https:\/\/www.diarioimagen.net\/index.php?rest_route=\/wp\/v2\/types\/post"}],"author":[{"embeddable":true,"href":"https:\/\/www.diarioimagen.net\/index.php?rest_route=\/wp\/v2\/users\/5"}],"replies":[{"embeddable":true,"href":"https:\/\/www.diarioimagen.net\/index.php?rest_route=%2Fwp%2Fv2%2Fcomments&post=416770"}],"version-history":[{"count":0,"href":"https:\/\/www.diarioimagen.net\/index.php?rest_route=\/wp\/v2\/posts\/416770\/revisions"}],"wp:featuredmedia":[{"embeddable":true,"href":"https:\/\/www.diarioimagen.net\/index.php?rest_route=\/wp\/v2\/media\/416773"}],"wp:attachment":[{"href":"https:\/\/www.diarioimagen.net\/index.php?rest_route=%2Fwp%2Fv2%2Fmedia&parent=416770"}],"wp:term":[{"taxonomy":"category","embeddable":true,"href":"https:\/\/www.diarioimagen.net\/index.php?rest_route=%2Fwp%2Fv2%2Fcategories&post=416770"},{"taxonomy":"post_tag","embeddable":true,"href":"https:\/\/www.diarioimagen.net\/index.php?rest_route=%2Fwp%2Fv2%2Ftags&post=416770"}],"curies":[{"name":"wp","href":"https:\/\/api.w.org\/{rel}","templated":true}]}}