{"id":416844,"date":"2019-02-26T00:01:19","date_gmt":"2019-02-26T06:01:19","guid":{"rendered":"https:\/\/www.diarioimagen.net\/?p=416844"},"modified":"2019-02-27T01:05:25","modified_gmt":"2019-02-27T07:05:25","slug":"ni-termoelectrica-le-quita-sueno-a-amlo","status":"publish","type":"post","link":"https:\/\/www.diarioimagen.net\/?p=416844","title":{"rendered":"Ni termoel\u00e9ctrica le quita sue\u00f1o a AMLO"},"content":{"rendered":"<h2>La Retaguardia<\/h2>\n<h5>Adriana Moreno Cordero<\/h5>\n<p><em>\u00a0<\/em><\/p>\n<ul>\n<li><strong><em>La consulta y la energ\u00eda c\u00f3smica<\/em><\/strong><\/li>\n<li><strong>Alito<em> se lleva preferencias para PRI<\/em><\/strong><\/li>\n<\/ul>\n<p>&nbsp;<\/p>\n<p>&nbsp;<\/p>\n<p>Seguramente no solo <strong>Alfonso Cuar\u00f3n, <\/strong>director de la pel\u00edcula \u201cRoma\u201d, sino todo M\u00e9xico, estar\u00e1 preocupad\u00edsimo porque el presidente <strong>Andr\u00e9s Manuel L\u00f3pez Obrador <\/strong>no ha tenido tiempo de ver el filme que le dio merecido premio de la academia al destacado mexicano, que a su vez, tambi\u00e9n estar\u00e1 preocupado porque la noche del domingo, el tabasque\u00f1o no se comunic\u00f3 v\u00eda telef\u00f3nica con Cuar\u00f3n para felicitarlo por los reconocimientos alcanzados durante la entrega de dichos premios porque se acuesta temprano.<\/p>\n<p>Por lo visto, al jefe de Ejecutivo no le quit\u00f3 el sue\u00f1o otra de sus ama\u00f1adas consultas, que se llev\u00f3 a cabo el fin de semana en Morelos, por el tema de la termoel\u00e9ctrica de Huexca y aqu\u00ed la pregunta surge nuevamente: \u00bfpara qu\u00e9 el presidente da cifras de que en su ilegal ejercicio participaron 55 mil 715 ciudadanos y que gan\u00f3 el s\u00ed, si a final de cuentas siempre impone su voluntad?<\/p>\n<p>A\u00fan desde d\u00edas antes de realizarse esta nueva pseudoconsulta, ya se sab\u00eda que la decisi\u00f3n final la ten\u00eda el tabasque\u00f1o y ah\u00ed como que no quer\u00eda la cosa, ayer anunci\u00f3 que se quiso impedir su consulta, por lo que hizo un llamado a que \u201ccuando tengamos diferencias, que sea la gente la que decida\u201d.<\/p>\n<p>Esta frase es sin duda, faltar a la verdad por parte del presidente, pues \u201cel pueblo sabio y bueno\u201d, nunca ha decidido y en todo caso, lo que ha hecho el Ejecutivo es un curioso ejercicio en el que reparte \u201catole con el dedo\u201d.<\/p>\n<p>Y lo peor es que todos los integrantes del gabinete l\u00f3pezobradorista, se creen que el presidente llev\u00f3 a cabo un ejercicio democr\u00e1tico.\u00a0 El vocero del tabasque\u00f1o, <strong>Jes\u00fas Ram\u00edrez Cuevas, <\/strong>fue de los primeros en pronunciarse se\u00f1alando que se trat\u00f3 de una consulta mediante la cual, el pueblo \u201cbusca soluciones democr\u00e1ticamente\u201d.<\/p>\n<p>A la lista hay que agregar a quien oper\u00f3 la estrategia de esta nueva consulta \u201cgansito\u201d, <strong>Diana Alvarez Maury, <\/strong>subsecretaria de Desarrollo Democr\u00e1tico y Participaci\u00f3n Social de la Segob, quien explic\u00f3 que para llegar a tan buen resultado, \u201cse tom\u00f3 muy en cuenta esta nueva manera de gobernar, democracia participativa\u201d.<\/p>\n<p>Agreg\u00f3 la funcionaria que tiene en su destacado curr\u00edculum ser experta \u201cen transmisi\u00f3n de energ\u00eda c\u00f3smica\u201d y \u201cconsultora de Semiolog\u00eda de la Vida Cotidiana\u201d, que se organizaron asambleas en Morelos a las que asistieron los ciudadanos, \u201cllevamos muchas razones t\u00e9cnicas de la termoel\u00e9ctrica y contestamos muchos de los miedos que tienen como por ejemplo, que el agua no se les va a terminar en Morelos\u201d.<\/p>\n<p>Se\u00f1al\u00f3 la consultora en las cuitas de la vida diaria convertida a funcionaria de la Segob, que se permiti\u00f3 que todo mundo se expresara de manera libre en dichas asambleas, \u201cy esto le fue dando a la ciudadan\u00eda una certeza del proceso\u201d, \u00bfas\u00ed o m\u00e1s rosa?.<\/p>\n<p>En fin, absolutamente todo le sali\u00f3 bien a la subsecretaria Alvarez Maury, quien reiter\u00f3 que\u00a0 \u201chubo certeza y seguridad en este proceso ciudadano\u201d.<\/p>\n<p>El caso es que tantas buenas y rosadas intenciones, no le quitan a esta nueva consulta ama\u00f1ada su car\u00e1cter de ilegal; de tratarse de una mera \u201cpantalla\u201d, mediante la cual, un presidente autoritario impone sus decisiones y no acepta cuestionamientos de ninguna especie.<\/p>\n<p style=\"text-align: center;\"><strong>Municiones<\/strong><\/p>\n<p>*** En la m\u00e1s reciente encuesta, entre la militancia del PRI, quien se lleva las preferencias para llegar al CEN\u00a0 de ese partido, es el gobernador de Campeche, <strong>Alejandro Moreno C\u00e1rdenas, <\/strong>con el 38 por ciento.<\/p>\n<p>Su siguiente seguidora va m\u00e1s abajo y se trata de <strong>Ivonne Ortega, <\/strong>ex gobernadora de Yucat\u00e1n que obtuvo el 20 por ciento. Todav\u00eda m\u00e1s abajo est\u00e1 el ex secretario de Salud, <strong>Jos\u00e9 Narro,<\/strong> que tiene un 9 por ciento de las preferencias, y eso que dicen que a cuanto evento del PRI llega, se lleva aplausos y ovaciones, \u00bfser\u00e1?<\/p>\n<p>El caso es que al ex rector de la UNAM lo sigue muy de cerca\u00a0 el coordinador de la bancada del tricolor en el Senado de la Rep\u00fablica, <strong>Miguel Angel Osorio Chong, <\/strong>con un ocho por ciento. Como puede verse, en el caso del ex titular de la Secretar\u00eda de Gobernaci\u00f3n, sus bonos bajaron much\u00edsimo y no representa para la militancia alguna m\u00ednima posibilidad de repuntar a ese partido.<\/p>\n<p>En \u00faltimo lugar de esta encuesta, aparece un personaje muy controvertido y cuestionado que desde hace muchos a\u00f1os, ha buscado convertirse en dirigente del PRI y se trata de <strong>Ulises Ruiz,<\/strong> ex gobernador de Oaxaca, pero se dice no solo en los corrillos del Revolucionario Institucional, que tiene demasiada \u201ccola que le pisen\u201d, as\u00ed es que no tiene ninguna posibilidad.<\/p>\n<p>*** Pues resulta que el PRI ya tiene candidato al gobierno de Baja California y se trata de <strong>Enrique Acosta Fregoso. <\/strong>El problema es que la disputa por la gubernatura, est\u00e1 entre el PAN y Morena.<\/p>\n<p>En el partido albiceleste se encuentran muy nerviosos pues dicen que <strong>Francisco \u201cKiko\u201d Vega<\/strong> ha trabajado, pero para perder el que ha sido el tradicional enclave albiazul.<\/p>\n<p>*** El l\u00edder panista, <strong>Marko Cort\u00e9s <\/strong>quiere que la Guardia Nacional se apruebe ya en la C\u00e1mara de Diputados y si es el jueves, mucho mejor, pues argumenta que lograron que \u00e9sta se convirtiera en plenamente civil, \u201cestamos listos para que se pueda votar en la C\u00e1mara de Diputados\u201d.<\/p>\n<p>De hecho, la Junta de Coordinaci\u00f3n Pol\u00edtica de la C\u00e1mara Baja, acord\u00f3 que hoy se dar\u00e1 primera lectura y como lo confirm\u00f3 el coordinador de la fracci\u00f3n de Morena en San L\u00e1zaro, <strong>Mario Mart\u00edn Delgado,<\/strong> el jueves se aprueba con el mismo consenso con el que se dio luz verde en una hist\u00f3rica sesi\u00f3n en el Senado de la Rep\u00fablica.<\/p>\n<p>*** Para que luego no digan que no avis\u00f3 y le quieran \u201cechar tierra\u201d, el senador <strong>Napole\u00f3n G\u00f3mez Urrutia<\/strong> anda de gira de trabajo por Espa\u00f1a. La agenda contemplada por el l\u00edder minero, es abultada.<\/p>\n<p>Por ejemplo, tiene prevista una reuni\u00f3n con el presidente de ese pa\u00eds, Pedro S\u00e1nchez; encuentros con organizaciones sindicales, empresariales y con diputados del Grupo Parlamentario Socialista (PSOE), para intercambiar puntos de vista sobre las propuestas del nuevo gobierno para mejorar las condiciones salariales y laborales de M\u00e9xico.<\/p>\n<p>G\u00f3mez Urrutia impartir\u00e1 la conferencia \u201cM\u00e9xico ante las nuevas perspectivas pol\u00edticas, econ\u00f3micas y sociales\u201d, y se reunir\u00e1 con la ministra de Trabajo, Migraciones y Seguridad Social del gobierno de Espa\u00f1a, <strong>Magdalena Valerio.<\/strong><\/p>\n<p>*** Hoy, la bancada del PRI en la C\u00e1mara alta, presentar\u00e1 un punto de acuerdo para conformar una mesa de trabajo con la Secretar\u00eda de Bienestar y exigir recursos suficientes y se emitan las reglas de operaci\u00f3n en las estancias infantiles.<\/p>\n<p>Esto lo inform\u00f3 la senadora <strong>Nuvia Mayorga Delgado, <\/strong>durante un recorrido por estancias infantiles en Pachuca y Tizayuca, Hidalgo. La legisladora del PRI se reuni\u00f3 con madres y encargadas de guarder\u00edas afectadas por el recorte del 50 por ciento en el presupuesto y les mencion\u00f3 que desde el Senado se seguir\u00e1 trabajando para restituir los recursos.<\/p>\n<p><a href=\"mailto:morcora@gmail.com\" target=\"_blank\" rel=\"noopener noreferrer\"><em>morcora@gmail.com<\/em><\/a><\/p>\n","protected":false},"excerpt":{"rendered":"<p><span style=\"color: #005497;\"><strong>Adriana Moreno Cordero<\/strong><\/span><\/p>\n","protected":false},"author":3,"featured_media":0,"comment_status":"open","ping_status":"open","sticky":false,"template":"","format":"standard","meta":{"_monsterinsights_skip_tracking":false,"_monsterinsights_sitenote_active":false,"_monsterinsights_sitenote_note":"","_monsterinsights_sitenote_category":0,"footnotes":""},"categories":[69370],"tags":[69369,69368,43674],"class_list":["post-416844","post","type-post","status-publish","format-standard","hentry","category-adriana-moreno-cordero","tag-adriana-moreno-cordero","tag-la-retaguardia","tag-opinion"],"_links":{"self":[{"href":"https:\/\/www.diarioimagen.net\/index.php?rest_route=\/wp\/v2\/posts\/416844","targetHints":{"allow":["GET"]}}],"collection":[{"href":"https:\/\/www.diarioimagen.net\/index.php?rest_route=\/wp\/v2\/posts"}],"about":[{"href":"https:\/\/www.diarioimagen.net\/index.php?rest_route=\/wp\/v2\/types\/post"}],"author":[{"embeddable":true,"href":"https:\/\/www.diarioimagen.net\/index.php?rest_route=\/wp\/v2\/users\/3"}],"replies":[{"embeddable":true,"href":"https:\/\/www.diarioimagen.net\/index.php?rest_route=%2Fwp%2Fv2%2Fcomments&post=416844"}],"version-history":[{"count":0,"href":"https:\/\/www.diarioimagen.net\/index.php?rest_route=\/wp\/v2\/posts\/416844\/revisions"}],"wp:attachment":[{"href":"https:\/\/www.diarioimagen.net\/index.php?rest_route=%2Fwp%2Fv2%2Fmedia&parent=416844"}],"wp:term":[{"taxonomy":"category","embeddable":true,"href":"https:\/\/www.diarioimagen.net\/index.php?rest_route=%2Fwp%2Fv2%2Fcategories&post=416844"},{"taxonomy":"post_tag","embeddable":true,"href":"https:\/\/www.diarioimagen.net\/index.php?rest_route=%2Fwp%2Fv2%2Ftags&post=416844"}],"curies":[{"name":"wp","href":"https:\/\/api.w.org\/{rel}","templated":true}]}}