{"id":416850,"date":"2019-02-26T00:04:00","date_gmt":"2019-02-26T06:04:00","guid":{"rendered":"https:\/\/www.diarioimagen.net\/?p=416850"},"modified":"2019-02-26T03:01:33","modified_gmt":"2019-02-26T09:01:33","slug":"el-superdelegado-hugo-erick-flores","status":"publish","type":"post","link":"https:\/\/www.diarioimagen.net\/?p=416850","title":{"rendered":"El superdelegado Hugo Erick Flores"},"content":{"rendered":"<h2>Espacio Electoral<\/h2>\n<h5>Eleazar Flores<\/h5>\n<p>&nbsp;<\/p>\n<p><strong>NADIE LO MUEVE<\/strong>.- Los morelenses llevan varios a\u00f1os sufriendo a su clase pol\u00edtica, incluso desde antes del arribo del perredista Graco Ramirez. Con el 10 mexicano, o sea el internacional \u201cCuau\u201d, las cosas podr\u00edan mejorar pero\u2026depender\u00e1 mucho del superdelegado federal, Hugo Erick Flores.<\/p>\n<p>La presencia del ex presidente del PES en la conferencia\u00a0 \u201cma\u00f1anera\u201d de AMLO, da de qu\u00e9 hablar, m\u00e1s all\u00e1 de defender lo indefendible, el \u201c\u00e9xito\u201d de la consulta sobre la termoel\u00e9ctrica.<\/p>\n<p><strong>ANTECEDENTES<\/strong>.- Hugo Erick Flores Cervantes tiene incierta ra\u00edz pol\u00edtica, pero muy visible origen religioso, con cuya cualidad y personalidad tuvo hasta la fortuna de ser senador suplente por el PAN y diputado federal suplente por el PRI, todo ello en la era calderonista, pues recuerde que el Partido Encuentro Social vivi\u00f3 su mejor \u00e9poca en ese periodo por apoyar al michoacano.<\/p>\n<p>Incluso, su suerte se prolong\u00f3 hasta inicio del sexenio pe\u00f1ista y cuando todos pens\u00e1bamos que Hugo Erick y su Partido Encuentro Social (PES), desaparecer\u00edan del escenario pol\u00edtico, los l\u00edderes de la cuarta transformaci\u00f3n rehabilitan al primero, d\u00e1ndole trabajo como delegado federal en el estado de Morelos, no obstante que le pesa una inhabilitaci\u00f3n, vigente hasta 2020.<\/p>\n<p>En cuanto al Partido Encuentro Social, tuvo una pobre votaci\u00f3n en la elecci\u00f3n presidencial del primero de julio de 2018. Tanta fue su pobreza que no alcanz\u00f3 ni el 3% como porcentaje m\u00ednimo para tener presencia legal. El Tribunal Electoral del Poder Judicial de la Federaci\u00f3n revive el caso por medio del magistrado Justo Federico Escobedo.<\/p>\n<p>Este magistrado propondr\u00e1 en pr\u00f3xima sesi\u00f3n del Tribunal Electoral del Poder Judicial de la Federaci\u00f3n que se le regrese el reconocimiento al PES, el cual se le hab\u00eda retirado por instrucci\u00f3n del Instituto Nacional Electoral. Recursos legaloides con tal de favorecer al partido que se ali\u00f3 a Morena el a\u00f1o pasado, tanto que su presidente tuvo como premio la delegaci\u00f3n de Morelos.Por si fuera poco, ahora se evidencia una buena relaci\u00f3n entre el presidente Andr\u00e9s Manuel L\u00f3pez Obrador y el propio Hugo Erick Flores Cervantes, no obstante que en su momento no fue la primera propuesta para la delegaci\u00f3n federal en el estado de Morelos. La primera fue en favor de Rabnidranath Salazar Solorio, rechazado por el gobernador Cuauht\u00e9moc Blanco.<\/p>\n<p>En esta cuarta transformaci\u00f3n los tiempos cambian y en la conferencia presidencial ma\u00f1anera Hugo Erick Flores Cervantes hizo acto de presencia, seguro invitado por L\u00f3pez Obrador, para informar de \u201cpeque\u00f1os incidentes\u201d en la consulta acerca de la termoel\u00e9ctrica, versi\u00f3n que crey\u00f3 L\u00f3pez Obrador, no obstante que reportes period\u00edsticos detallan violencia y quema de urnas.<\/p>\n<p>L\u00e1stima que para justificar lo injustificable mienta el delegado federal.<\/p>\n<p><a href=\"mailto:elefa44@gmail.com\" target=\"_blank\" rel=\"noopener\"><em>elefa44@gmail.com<\/em><\/a><\/p>\n","protected":false},"excerpt":{"rendered":"<p><span style=\"color: #005497;\"><strong>Eleazar Flores<\/strong><\/span><\/p>\n","protected":false},"author":3,"featured_media":0,"comment_status":"open","ping_status":"open","sticky":false,"template":"","format":"standard","meta":{"_monsterinsights_skip_tracking":false,"_monsterinsights_sitenote_active":false,"_monsterinsights_sitenote_note":"","_monsterinsights_sitenote_category":0,"footnotes":""},"categories":[81743],"tags":[81744,81776,43674],"class_list":["post-416850","post","type-post","status-publish","format-standard","hentry","category-eleazar-flores","tag-eleazar-flores","tag-espacio-electoral","tag-opinion"],"_links":{"self":[{"href":"https:\/\/www.diarioimagen.net\/index.php?rest_route=\/wp\/v2\/posts\/416850","targetHints":{"allow":["GET"]}}],"collection":[{"href":"https:\/\/www.diarioimagen.net\/index.php?rest_route=\/wp\/v2\/posts"}],"about":[{"href":"https:\/\/www.diarioimagen.net\/index.php?rest_route=\/wp\/v2\/types\/post"}],"author":[{"embeddable":true,"href":"https:\/\/www.diarioimagen.net\/index.php?rest_route=\/wp\/v2\/users\/3"}],"replies":[{"embeddable":true,"href":"https:\/\/www.diarioimagen.net\/index.php?rest_route=%2Fwp%2Fv2%2Fcomments&post=416850"}],"version-history":[{"count":0,"href":"https:\/\/www.diarioimagen.net\/index.php?rest_route=\/wp\/v2\/posts\/416850\/revisions"}],"wp:attachment":[{"href":"https:\/\/www.diarioimagen.net\/index.php?rest_route=%2Fwp%2Fv2%2Fmedia&parent=416850"}],"wp:term":[{"taxonomy":"category","embeddable":true,"href":"https:\/\/www.diarioimagen.net\/index.php?rest_route=%2Fwp%2Fv2%2Fcategories&post=416850"},{"taxonomy":"post_tag","embeddable":true,"href":"https:\/\/www.diarioimagen.net\/index.php?rest_route=%2Fwp%2Fv2%2Ftags&post=416850"}],"curies":[{"name":"wp","href":"https:\/\/api.w.org\/{rel}","templated":true}]}}