{"id":416867,"date":"2019-02-26T00:10:43","date_gmt":"2019-02-26T06:10:43","guid":{"rendered":"https:\/\/www.diarioimagen.net\/?p=416867"},"modified":"2019-02-26T06:36:59","modified_gmt":"2019-02-26T12:36:59","slug":"rechazo-a-las-peticiones-de-eu-no-es-cuestion-de-imposturas-o-modas","status":"publish","type":"post","link":"https:\/\/www.diarioimagen.net\/?p=416867","title":{"rendered":"Rechazo a las \u201cpeticiones\u201d de EU. No es cuesti\u00f3n de imposturas o modas"},"content":{"rendered":"<h2>\u00cdndice pol\u00edtico<\/h2>\n<h5>Francisco Rodr\u00edguez<\/h5>\n<p>&nbsp;<\/p>\n<div id=\"attachment_416923\" style=\"width: 470px\" class=\"wp-caption aligncenter\"><a href=\"https:\/\/www.diarioimagen.net\/?attachment_id=416923\" rel=\"attachment wp-att-416923\"><img loading=\"lazy\" decoding=\"async\" aria-describedby=\"caption-attachment-416923\" class=\"size-large wp-image-416923\" src=\"https:\/\/www.diarioimagen.net\/wp-content\/uploads\/2019\/02\/crimen-sin-castigo-MARAL-460x241.jpg\" alt=\"\" width=\"460\" height=\"241\" srcset=\"https:\/\/www.diarioimagen.net\/wp-content\/uploads\/2019\/02\/crimen-sin-castigo-MARAL-460x241.jpg 460w, https:\/\/www.diarioimagen.net\/wp-content\/uploads\/2019\/02\/crimen-sin-castigo-MARAL-240x126.jpg 240w, https:\/\/www.diarioimagen.net\/wp-content\/uploads\/2019\/02\/crimen-sin-castigo-MARAL-768x403.jpg 768w, https:\/\/www.diarioimagen.net\/wp-content\/uploads\/2019\/02\/crimen-sin-castigo-MARAL.jpg 1200w\" sizes=\"auto, (max-width: 460px) 100vw, 460px\" \/><\/a><p id=\"caption-attachment-416923\" class=\"wp-caption-text\">Crimen sin castigo&#8230; | Maral<\/p><\/div>\n<p>&nbsp;<\/p>\n<p>Las llamadas clases pol\u00edticas del aparato \u2014minor\u00edas reducidas en todas sus expresiones\u2014 montan en c\u00f3lera cuando ven aparecer consignas antiimperialistas del nuevo r\u00e9gimen, acompa\u00f1adas de efectivos anuncios de inversiones gigantescas en el sector energ\u00e9tico procedentes de las potencias asi\u00e1ticas. La c\u00f3lera se ha convertido en impotencia.<\/p>\n<p>Esto no es ficci\u00f3n, ni\u00a0<em>choro<\/em>. Llegamos al l\u00edmite de la explotaci\u00f3n y de la rapi\u00f1a de las burocracias pripanistas en el poder que s\u00f3lo llegaron para saber cu\u00e1nto se llevaban en sus alforjas.<\/p>\n<p>Los mariscales de la derecha, complicitados con la delincuencia organizada, lanzan su cuarto a espadas: las narcomantas de todos los c\u00e1rteles del pa\u00eds, dividido y ensangrentado por la ambici\u00f3n desenfrenada.<\/p>\n<p>Las c\u00fapulas del crimen han escogido demasiado mal al enemigo. Ya no se trata de un hombre solo, sino de una especie de solidaridad internacional que busca mayores espacios y mejores aliados. Fueron demasiados a\u00f1os de lucrar con el petate del muerto de la lucha contra la delincuencia y de los voraces anuncios publicitarios de \u201cpara que la droga no llegue a nuestros hijos\u201d, para dejar ir el negocio&#8230;&#8230; ahora que se avecina una limpia de corruptelas y de insaciables mandatarios y compinches de la traici\u00f3n. Si en el pasado reciente, sus ancestros diazordacistas frenaron a base de\u00a0<em>billetazos<\/em>\u00a0y de retiros de subsidios la conformaci\u00f3n de izquierdas unificadas, hoy que cambi\u00f3 el mundo el panorama ya no es el mismo.<\/p>\n<p>Pero todav\u00eda no quieren darse cuenta. Siguen creyendo que las manifestaciones de liberaci\u00f3n nacional todav\u00eda corresponden a adversarios adinerados, como en el caso del reventado Movimiento de Liberaci\u00f3n Nacional, ahogado ante la inminencia de la llegada del\u00a0<em>gorilato<\/em>\u00a0diazordacista al poder.<\/p>\n<p>Hoy ya no es as\u00ed. La lucha contra el imperialismo estadounidense no es cuesti\u00f3n de imposturas ni de modas. Es una necesidad de supervivencia ante el agotamiento de todas las v\u00edas. Las mismas que secaron con rapi\u00f1a, masacre, robo y desolaci\u00f3n colectiva.<\/p>\n<p>Sembraron medio mill\u00f3n de muertos, acabaron con todas las posibilidades de crecimiento, agotaron su paup\u00e9rrima ideolog\u00eda, ridiculizaron a sus partidos, volvieron arteras sus plataformas de lucha, abusaron de un pueblo proverbialmente dispuesto al cambio social.<\/p>\n<p>Las llamadas clases pol\u00edticas del aparato panpri\u00edsta, reducidas a un grupito de mercenarios,\u00a0<em>intelecuales \u2014<\/em>por cuales\u2014, comentaristas, pol\u00edticos en la peor expresi\u00f3n de la palabra, capitostes due\u00f1os de todo el territorio concesionado en todas las materias susceptibles de serlo, est\u00e1n dando sus \u00faltimas bocanadas&#8230; y sus \u00faltimos coletazos de muerte.<\/p>\n<p>Los movimientos de liberaci\u00f3n no se circunscriben a actos aislados, ni a bander\u00edas escuetas. Forman parte ya de un movimiento mayor que por lo que se ve apunta a una restauraci\u00f3n inmediata del poder pol\u00edtico, a la conquista de las voluntades ciudadanas, a un mejor destino. Todo es cuesti\u00f3n de un poco de tiempo.<\/p>\n<p>Por lo que se asoma, se acabaron los tiempos de los mediocres, esa carga irrefrenable que nos dej\u00f3 el neoliberalismo pacheco. Se acabaron los excesivos protocolos, los excesos de presidencialismo de favoritos, las entregas incondicionales al exterior de nuestra riqueza com\u00fan. Se acab\u00f3 la falta de respeto al inter\u00e9s supremo de esta Naci\u00f3n.<\/p>\n<p>La avalancha de inversiones que se vienen en euros, d\u00f3lares, yuans, rublos, marcar\u00e1 una \u00e9poca distinta: adi\u00f3s a las variables macroecon\u00f3micas del imperio chiquito, adi\u00f3s a las amenazas de calificadoras neoyorquinas de BlackRock, adi\u00f3s a un petate del muerto que s\u00f3lo existi\u00f3 en la medida en que los tecn\u00f3cratas de huarache y los coment\u00f3cratas de Televisa magnificaban su influencia y su cacicazgo internacional, hegem\u00f3nico en el \u00e1rea latinoamericana.<\/p>\n<p>Y adi\u00f3s tambi\u00e9n a los vendedores de la patria que lucraron con los trabajadores petroleros, mineros, magisteriales y burocr\u00e1ticos hasta hace muy poco. M\u00e9xico est\u00e1 empezando a despertar, p\u00e9sele a qui\u00e9n sea. Tenemos que acostumbrarnos a usar el pantal\u00f3n largo y las agallas bien puestas, en su lugar. No es momento de indefiniciones ni de partidarismos.<\/p>\n<p>Se acab\u00f3 lo exclusivo y excluyente. Todos tenemos que jalar parejo ante una nueva realidad que nos apremia y nos obliga. El nuevo aparato debe echar mano de todos los operadores de buena fe que quieran arrimar el hombro a la construcci\u00f3n de un nuevo pa\u00eds, independiente, justo, soberano, nacionalista en la mayor expresi\u00f3n.<\/p>\n<p>M\u00e9xico debe dejar de ser pasto para las fieras del Pent\u00e1gono. Alejarse de la clasificaci\u00f3n de eje del mal que lo situaba un d\u00eda y otro tambi\u00e9n en las miras de la metralla intervencionista norteamericana. Todos estamos obligados a aportar esfuerzos e ideas en esta tarea reivindicadora de los derechos colectivos.<\/p>\n<p>Si realmente lo que queremos es sobrevivir al embate como pa\u00eds independiente, M\u00e9xico debe dejar urgentemente de creer en que los t\u00e9rminos de estabilidad, crecimiento y gobernanza los definen la sumisi\u00f3n a la econom\u00eda estadunidense, a los manidos indicadores del d\u00e9ficit, de la cuenta corriente, del valor de cambio de la moneda y la capacidad exportadora unipolar.<\/p>\n<p>M\u00e9xico entero debe enterrar las falsas verdades de los profetas de la explotaci\u00f3n. Junto a ellas, debe enterrar el recuerdo y los saldos de una pandilla inmisericorde y asesina jefaturada por los Salinas de Gortari, los C\u00f3rdova Montoya, los Zedillos, Calderones, Foxes y Pe\u00f1a Nietos, entre muchos otros ensarapados y cobardes.<\/p>\n<p>Deben aprovecharse hasta d\u00f3nde tope los nuevos t\u00e9rminos de la solidaridad internacional que hoy quiere conjugarse con los esfuerzos locales de liberaci\u00f3n nacional. Es hoy o nunca, digan lo que digan las narcomantas, equiparables a los comentarios interesados de los loros radiof\u00f3nicos vendidos y prepagados. \u200eSon uno solo, y responden a los mismos intereses de la traici\u00f3n.<\/p>\n<p>Debe quedarnos muy claro que por primera vez en muchas generaciones se presenta la oportunidad de saltar la vara. Debe quedarnos muy claro que es la \u00fanica forma de lograr un mejor futuro y hasta un mejor presente para nuestra descendencia y nuestros coet\u00e1neos.<\/p>\n<p>No es momento de vacilaciones. Nos cost\u00f3 un enorme trabajo acariciar la posibilidad real de este umbral de esperanza.\u200e Los cantos de las sirenas estadounidenses y de sus prestanombres en M\u00e9xico hace mucho que se agotaron. No nos debemos dejar sorprender con las cantinelas de siempre.<\/p>\n<p>Debemos tener muy presente que el cuidado de nuestras trincheras petroleras, mineras, metal\u00fargicas, magisteriales y burocr\u00e1ticas son vitales en esta nueva etapa de consolidaci\u00f3n de la independencia. No podemos descuidarnos por atender triqui\u00f1uelas de falsos mexicanos. \u00a1Es ahora o nunca! \u00bfNo cree usted?<\/p>\n<p><strong><em>\u00cdndice Flam\u00edgero<\/em><\/strong><em>:<\/em> Ayer, en Bogot\u00e1, Colombia, el vicepresidente de Estados Unidos, Mike Pence, llam\u00f3 a M\u00e9xico a reconocer al autoproclamado presidente encargado de Venezuela, Juan Guaid\u00f3, como el mandatario leg\u00edtimo de ese pa\u00eds, y le pidi\u00f3 sumarse a la lucha del pueblo venezolano \u201cpor recuperar su libertad\u201d.\u00a0Al intervenir en la reuni\u00f3n del Grupo de Lima en Bogot\u00e1, Pence dijo que frente a la crisis pol\u00edtica, econ\u00f3mica y social que vive Venezuela \u201cno puede haber espectadores\u201d.<\/p>\n<p><em><u><a href=\"http:\/\/www.indicepolitico.com\" target=\"_blank\" rel=\"noopener\">www.indicepolitico.com<\/a><br \/>\n<a href=\"mailto:pacorodriguez@journalist.com\" target=\"_blank\" rel=\"noopener\">pacorodriguez@journalist.com<\/a><br \/>\n<a href=\"https:\/\/twitter.com\/pacorodriguez\" target=\"_blank\" rel=\"noopener\">@pacorodriguez<\/a><\/u><\/em><\/p>\n","protected":false},"excerpt":{"rendered":"<p><span style=\"color: #005497;\"><strong>Francisco Rodr\u00edguez<\/strong><\/span><br \/>\n<br \/>\nLas llamadas clases pol\u00edticas del aparato \u2014minor\u00edas reducidas en todas sus expresiones\u2014 montan en c\u00f3lera cuando ven aparecer consignas antiimperialistas del nuevo r\u00e9gimen, acompa\u00f1adas de efectivos anuncios de inversiones gigantescas en el sector energ\u00e9tico procedentes de las potencias asi\u00e1ticas. La c\u00f3lera se ha convertido en impotencia.<\/p>\n","protected":false},"author":3,"featured_media":416923,"comment_status":"open","ping_status":"open","sticky":false,"template":"","format":"standard","meta":{"_monsterinsights_skip_tracking":false,"_monsterinsights_sitenote_active":false,"_monsterinsights_sitenote_note":"","_monsterinsights_sitenote_category":0,"footnotes":""},"categories":[549],"tags":[43689,550,43674],"class_list":["post-416867","post","type-post","status-publish","format-standard","has-post-thumbnail","hentry","category-francisco-rodriguez","tag-francisco-rodriguez","tag-indice-politico","tag-opinion"],"_links":{"self":[{"href":"https:\/\/www.diarioimagen.net\/index.php?rest_route=\/wp\/v2\/posts\/416867","targetHints":{"allow":["GET"]}}],"collection":[{"href":"https:\/\/www.diarioimagen.net\/index.php?rest_route=\/wp\/v2\/posts"}],"about":[{"href":"https:\/\/www.diarioimagen.net\/index.php?rest_route=\/wp\/v2\/types\/post"}],"author":[{"embeddable":true,"href":"https:\/\/www.diarioimagen.net\/index.php?rest_route=\/wp\/v2\/users\/3"}],"replies":[{"embeddable":true,"href":"https:\/\/www.diarioimagen.net\/index.php?rest_route=%2Fwp%2Fv2%2Fcomments&post=416867"}],"version-history":[{"count":0,"href":"https:\/\/www.diarioimagen.net\/index.php?rest_route=\/wp\/v2\/posts\/416867\/revisions"}],"wp:featuredmedia":[{"embeddable":true,"href":"https:\/\/www.diarioimagen.net\/index.php?rest_route=\/wp\/v2\/media\/416923"}],"wp:attachment":[{"href":"https:\/\/www.diarioimagen.net\/index.php?rest_route=%2Fwp%2Fv2%2Fmedia&parent=416867"}],"wp:term":[{"taxonomy":"category","embeddable":true,"href":"https:\/\/www.diarioimagen.net\/index.php?rest_route=%2Fwp%2Fv2%2Fcategories&post=416867"},{"taxonomy":"post_tag","embeddable":true,"href":"https:\/\/www.diarioimagen.net\/index.php?rest_route=%2Fwp%2Fv2%2Ftags&post=416867"}],"curies":[{"name":"wp","href":"https:\/\/api.w.org\/{rel}","templated":true}]}}