{"id":416869,"date":"2019-02-26T00:11:08","date_gmt":"2019-02-26T06:11:08","guid":{"rendered":"https:\/\/www.diarioimagen.net\/?p=416869"},"modified":"2019-02-26T06:36:24","modified_gmt":"2019-02-26T12:36:24","slug":"pablo-gomez-pide-cambio-profundo-en-autonomia-universitaria-en-mexico","status":"publish","type":"post","link":"https:\/\/www.diarioimagen.net\/?p=416869","title":{"rendered":"Pablo G\u00f3mez pide \u201ccambio profundo en autonom\u00eda\u201d universitaria en M\u00e9xico"},"content":{"rendered":"<h2>Tras la puerta del poder<\/h2>\n<h5>Roberto Vizca\u00edno<\/h5>\n<p>&nbsp;<\/p>\n<div id=\"attachment_416921\" style=\"width: 470px\" class=\"wp-caption aligncenter\"><a href=\"https:\/\/www.diarioimagen.net\/?attachment_id=416921\" rel=\"attachment wp-att-416921\"><img loading=\"lazy\" decoding=\"async\" aria-describedby=\"caption-attachment-416921\" class=\"size-large wp-image-416921\" src=\"https:\/\/www.diarioimagen.net\/wp-content\/uploads\/2019\/02\/futuro-economico-LUIS-XAVIER-460x355.jpg\" alt=\"\" width=\"460\" height=\"355\" srcset=\"https:\/\/www.diarioimagen.net\/wp-content\/uploads\/2019\/02\/futuro-economico-LUIS-XAVIER-460x355.jpg 460w, https:\/\/www.diarioimagen.net\/wp-content\/uploads\/2019\/02\/futuro-economico-LUIS-XAVIER-240x185.jpg 240w, https:\/\/www.diarioimagen.net\/wp-content\/uploads\/2019\/02\/futuro-economico-LUIS-XAVIER-768x593.jpg 768w, https:\/\/www.diarioimagen.net\/wp-content\/uploads\/2019\/02\/futuro-economico-LUIS-XAVIER.jpg 1200w\" sizes=\"auto, (max-width: 460px) 100vw, 460px\" \/><\/a><p id=\"caption-attachment-416921\" class=\"wp-caption-text\">Futuro econ\u00f3mico&#8230; | Luis Xavier<\/p><\/div>\n<p>&nbsp;<\/p>\n<p>Todav\u00eda no cesan los reproches en su contra dentro de Morena a su decisi\u00f3n de retirar en San L\u00e1zaro el art\u00edculo cuarto del dictamen de creaci\u00f3n de la Guardia Nacional, que oblig\u00f3 a <strong>Ricardo Montreal<\/strong> a enfrentar una dura negociaci\u00f3n y a otorgar concesiones insospechadas a la oposici\u00f3n en el Senado, y ya <strong>Pablo G\u00f3mez,<\/strong> vicecoordinador de la bancada oficialista en la C\u00e1mara de Diputados, promueve \u201cun cambio profundo en la autonom\u00eda\u201d de universidades y centros de educaci\u00f3n superior en el pa\u00eds.<\/p>\n<p>Sin precisar ni motivaciones ni objetivos claros, el ya cinco veces diputado y una senador, quien es considerado incluso por sus cercanos como un riesgo latente por sus proclividad a usar triqui\u00f1uelas y malas artes en la tarea legislativa, aprovech\u00f3 ayer un encuentro con acad\u00e9micos del Instituto Polit\u00e9cnico Nacional para introducir el tema de una reforma a la autonom\u00eda de las instituciones de educaci\u00f3n superior.<\/p>\n<p>Ah\u00ed habl\u00f3 de la necesidad de ir por \u201cun cambio profundo en la autonom\u00eda\u201d de las instituciones de educaci\u00f3n superior, evidentemente incluida la UNAM.<\/p>\n<p>G\u00f3mez indic\u00f3 que esta reforma a la autonom\u00eda universitaria deber\u00eda estar \u201cvinculada a la democracia y al desarrollo de la ciencia\u201d.<\/p>\n<p>Y agreg\u00f3:<\/p>\n<p>\u201c\u2026 (las universidades y dem\u00e1s instituciones de educaci\u00f3n superior en M\u00e9xico) tienen leyes que les impiden ejercer la autodecisi\u00f3n y autogobierno, adem\u00e1s de impulsar aumento de los recursos\u201d.<\/p>\n<p>Solo, seg\u00fan \u00e9l, una reforma a la autonom\u00eda de estas instituciones \u201cpodr\u00e1 garantizar una mejor preparaci\u00f3n acad\u00e9mica para entrar a las grandes corrientes de la ciencia y t\u00e9cnica que se desarrollan en el mundo, porque otra vez M\u00e9xico se est\u00e1 quedando atr\u00e1s, por falta de presupuesto e ingenieros y t\u00e9cnicos dedicados a la investigaci\u00f3n\u201d, indic\u00f3.<\/p>\n<p>Seg\u00fan \u00e9l, esta reforma a la autonom\u00eda de instituciones de educaci\u00f3n superior, llevar\u00eda a \u201cconectar la democracia y ciencia (lo cual ) es vital, porque se ejercer\u00eda la autonom\u00eda de forma real, como la capacidad de gobernarse con sus propias leyes, traducida en la facultad de profesores y estudiantes para nombrar directivos, participar en la definici\u00f3n de planes de estudio y administraci\u00f3n de recursos, as\u00ed como promoci\u00f3n de docentes y personal a trav\u00e9s de un consejo o junta, sin injerencia de ninguna autoridad\u201d.<\/p>\n<p>En su participaci\u00f3n dentro de la conferencia \u201cAutonom\u00eda para los Centros de Educaci\u00f3n Superior\u201d, G\u00f3mez consider\u00f3 que el IPN debe ser una instituci\u00f3n que se gobierne a s\u00ed misma y construya, como quiera y pueda, su propia democracia.<\/p>\n<p>\u201c\u2026 para que ning\u00fan presidente de la Rep\u00fablica designe al director o sus planes de estudio\u201d.<\/p>\n<p>Record\u00f3 que desde 1968 se plante\u00f3 la autonom\u00eda al IPN pero que esa propuesta nunca se concret\u00f3.<\/p>\n<p>\u201cUna instituci\u00f3n de este tama\u00f1o y la m\u00e1s popular en todos sentidos, que no tenga autonom\u00eda, debe analizarse. Es un hecho an\u00f3malo completamente\u201d, subray\u00f3.<\/p>\n<p>Desde que lleg\u00f3 la nueva Legislatura, hay comentarios respecto de que Morena impulsar\u00eda cambios a la autonom\u00eda universitaria para darle cauce as\u00ed a que el gobierno de Andr\u00e9s Manuel L\u00f3pez Obrador pueda intervenir para cambiar sus formas de ingreso y permitir una mayor inscripci\u00f3n sin pasar por ex\u00e1menes como los que hoy producen miles de rechazos.<\/p>\n<p>Ayer G\u00f3mez puso por primera vez en la mesa esta posibilidad.<\/p>\n<p style=\"text-align: center;\"><strong>Parlamento Abierto en el Senado<\/strong><\/p>\n<p>Consolidado como el gran negociador pol\u00edtico en la actual Legislatura, el zacatecano <strong>Ricardo Monreal <\/strong>anunci\u00f3 ayer que el Senado de la Rep\u00fablica replicar\u00e1 el mecanismo de Parlamento Abierto en las negociaciones de las siguientes iniciativas y dict\u00e1menes.<\/p>\n<p>As\u00ed, una vez resuelta la creaci\u00f3n de la Guardia Nacional por unanimidad, el coordinador de la mayor\u00eda de Morena y presidente de la Junta de Coordinaci\u00f3n Pol\u00edtica de la c\u00e1mara alta pretende aplicar este m\u00e9todo para sacar adelante las iniciativas pendientes en las que hay unas 6 reformas constitucionales y media docena de reformas ordinarias.<\/p>\n<p>Vienen un proceso complicado y dif\u00edcil como la eliminaci\u00f3n del fuero y la disminuci\u00f3n de presupuestos a los partidos pol\u00edticos; la reforma a la Ley de Confianza Ciudadana; modificaciones al C\u00f3digo Nacional de Procedimientos Penales, relativo a la flagrancia en la comisi\u00f3n de delitos y adecuaciones al C\u00f3digo Penal Federal, en materia de encubrimiento as\u00ed como reformas al C\u00f3digo Nacional de Procedimientos Penales, en materia de Ley Federal de Armas de Fuego y Explosivos.<\/p>\n<p>Reformas al C\u00f3digo Agrario y a la Ley del ISSSTE, as\u00ed como la controvertida reforma de regulaci\u00f3n de las comisiones bancarias y la despenalizaci\u00f3n sobre el uso de la mariguana.<\/p>\n<p>Otros cambios, como el de la regulaci\u00f3n del esquema de call-center, que son oficinas donde se brinda atenci\u00f3n al p\u00fablico a trav\u00e9s del servicio telef\u00f3nico, tambi\u00e9n forman parte de la lista de pendientes.<\/p>\n<p>Y ni qu\u00e9 decir que en este per\u00edodo se deber\u00e1 tramitar adem\u00e1s lo de la revocaci\u00f3n de mandato y revocaci\u00f3n de la reforma educativa, adem\u00e1s de reformas en materia laboral que vienen de C\u00e1mara de Diputados.<\/p>\n<p>Est\u00e1n pendientes tambi\u00e9n las adecuaciones al Sistema Nacional Anticorrupci\u00f3n y la Reforma a leyes reglamentarias a la Ley Org\u00e1nica del Poder Judicial, que tiene que ver con la rotaci\u00f3n de jueces.<\/p>\n<p style=\"text-align: center;\"><strong>Meade se col\u00f3<\/strong><\/p>\n<p>Desde hace meses, luego de la derrota del 1 de julio, <strong>Jos\u00e9 Antonio Meade<\/strong> a quien hasta <strong>L\u00f3pez Obrador<\/strong> reconoce como una persona excepcional, podr\u00eda estar involucrado junto con <strong>Ernesto Cordero, Jos\u00e9 Antonio Gonz\u00e1lez Anaya y Mikel Arriola <\/strong>en la formaci\u00f3n de una Consultor\u00eda del m\u00e1s alto nivel para asuntos econ\u00f3micos, de pol\u00edticas de Gobierno y pol\u00edticas sociales.<\/p>\n<p>Ayer, mientras en el c\u00edrculo de <strong>L\u00f3pez Obrador<\/strong> se debate y prepara una reforma que pretende impedir que ning\u00fan funcionario p\u00fablico pueda trabajar para ninguna empresa privada en un t\u00e9rmino de 10 a\u00f1os posteriores a su salida del Gobierno, <strong>Meade <\/strong>ya se le fug\u00f3.<\/p>\n<p>Su ex contendiente pri\u00edsta ya es miembro del consejo de administraci\u00f3n del grupo financiero brit\u00e1nico-chino HSBC, considerado el mayor banco en el mundo.<\/p>\n<p>\u201cMeade tambi\u00e9n ser\u00e1 nombrado miembro del Comit\u00e9 de Nominaci\u00f3n y Gobierno Corporativo. Actualmente de la Comisi\u00f3n Global de Adaptaci\u00f3n y realiza actividades de consultor\u00eda, financiamiento de proyectos y actividades acad\u00e9micas\u201d, inform\u00f3 el banco en un comunicado.<\/p>\n<p>En esta posici\u00f3n Meade no entrar\u00eda con un contrato de servicios con HSBC Holdings sino que se le pagar\u00e1 una tarifa de director de 110,000 libras por a\u00f1o.<\/p>\n<p>\u201cEstoy absolutamente encantado de dar la bienvenida a <strong>Jos\u00e9 Antonio<\/strong> a la Junta. Trae consigo una gran cantidad de experiencia adquirida en una serie de \u00e1reas pol\u00edticas clave y su experiencia y conocimiento del lat\u00edn\u201d, dijo <strong>Mark Tucker<\/strong> presidente del Grupo HSBC.<\/p>\n<p>Dif\u00edcilmente hay un personaje tan preparado y con tanta informaci\u00f3n estrat\u00e9gica sobre M\u00e9xico, informaci\u00f3n adquirida por su paso dos veces como secretario de Hacienda, como Secretario de Desarrollo Social y como titular de Relaciones Exteriores y como candidato a la presidencia de la Rep\u00fablica.<\/p>\n<p>Nunca otro ex funcionario mexicano contratado por el sector privado internacional o nacional ha tenido la preparaci\u00f3n y conocimiento como el que representa hoy Meade.<\/p>\n<p>Claro que <strong>Tucker,<\/strong> est\u00e1 encantado con este fichaje que representa un valor incuestionable para el desarrollo de HSBC no s\u00f3lo en M\u00e9xico, sino en la regi\u00f3n.<\/p>\n<p>El nombramiento de Antonio Meade ser\u00e1 por un per\u00edodo inicial de tres a\u00f1os que expirar\u00e1 al concluir la Junta General de Accionistas de 2022. Es obvio que la contrataci\u00f3n de Meade es un golpe severo a la visi\u00f3n de AMLO de descalificar a funcionarios que pasan a la IP.<\/p>\n<p><em><a href=\"http:\/\/endirecto.mx\" target=\"_blank\" rel=\"noopener\">www.endirecto.mx<\/a><\/em><br \/>\n<em><a href=\"https:\/\/twitter.com\/_rvizcaino\" target=\"_blank\" rel=\"noopener\">@_RVizcaino<\/a><\/em><br \/>\n<a href=\"https:\/\/www.facebook.com\/rvizcainoa\" target=\"_blank\" rel=\"noopener\">f<em>acebook.com\/rvizcainoa<\/em><\/a><\/p>\n","protected":false},"excerpt":{"rendered":"<p><span style=\"color: #005497;\"><strong>Roberto Vizca\u00edno<\/strong><\/span><br \/>\n<br \/>\nTodav\u00eda no cesan los reproches en su contra dentro de Morena a su decisi\u00f3n de retirar en San L\u00e1zaro el art\u00edculo cuarto del dictamen de creaci\u00f3n de la Guardia Nacional, que oblig\u00f3 a <strong>Ricardo Montreal<\/strong> a enfrentar una dura negociaci\u00f3n y a otorgar concesiones insospechadas a la oposici\u00f3n en el Senado, y ya <strong>Pablo G\u00f3mez,<\/strong> vicecoordinador de la bancada oficialista en la C\u00e1mara de Diputados, promueve \u201cun cambio profundo en la autonom\u00eda\u201d de universidades y centros de educaci\u00f3n superior en el pa\u00eds.<\/p>\n","protected":false},"author":3,"featured_media":416921,"comment_status":"open","ping_status":"open","sticky":false,"template":"","format":"standard","meta":{"_monsterinsights_skip_tracking":false,"_monsterinsights_sitenote_active":false,"_monsterinsights_sitenote_note":"","_monsterinsights_sitenote_category":0,"footnotes":""},"categories":[136],"tags":[43674,93,94],"class_list":["post-416869","post","type-post","status-publish","format-standard","has-post-thumbnail","hentry","category-roberto-vizcaino-opinion","tag-opinion","tag-roberto-vizcaino","tag-tras-la-puerta-del-poder"],"_links":{"self":[{"href":"https:\/\/www.diarioimagen.net\/index.php?rest_route=\/wp\/v2\/posts\/416869","targetHints":{"allow":["GET"]}}],"collection":[{"href":"https:\/\/www.diarioimagen.net\/index.php?rest_route=\/wp\/v2\/posts"}],"about":[{"href":"https:\/\/www.diarioimagen.net\/index.php?rest_route=\/wp\/v2\/types\/post"}],"author":[{"embeddable":true,"href":"https:\/\/www.diarioimagen.net\/index.php?rest_route=\/wp\/v2\/users\/3"}],"replies":[{"embeddable":true,"href":"https:\/\/www.diarioimagen.net\/index.php?rest_route=%2Fwp%2Fv2%2Fcomments&post=416869"}],"version-history":[{"count":0,"href":"https:\/\/www.diarioimagen.net\/index.php?rest_route=\/wp\/v2\/posts\/416869\/revisions"}],"wp:featuredmedia":[{"embeddable":true,"href":"https:\/\/www.diarioimagen.net\/index.php?rest_route=\/wp\/v2\/media\/416921"}],"wp:attachment":[{"href":"https:\/\/www.diarioimagen.net\/index.php?rest_route=%2Fwp%2Fv2%2Fmedia&parent=416869"}],"wp:term":[{"taxonomy":"category","embeddable":true,"href":"https:\/\/www.diarioimagen.net\/index.php?rest_route=%2Fwp%2Fv2%2Fcategories&post=416869"},{"taxonomy":"post_tag","embeddable":true,"href":"https:\/\/www.diarioimagen.net\/index.php?rest_route=%2Fwp%2Fv2%2Ftags&post=416869"}],"curies":[{"name":"wp","href":"https:\/\/api.w.org\/{rel}","templated":true}]}}