{"id":417036,"date":"2019-02-27T00:01:56","date_gmt":"2019-02-27T06:01:56","guid":{"rendered":"https:\/\/www.diarioimagen.net\/?p=417036"},"modified":"2019-02-27T01:06:43","modified_gmt":"2019-02-27T07:06:43","slug":"breve-luna-de-miel-entre-zaldivar-y-lopez-obrador","status":"publish","type":"post","link":"https:\/\/www.diarioimagen.net\/?p=417036","title":{"rendered":"Breve, \u201cluna de miel\u201d entre Zald\u00edvar y L\u00f3pez Obrador"},"content":{"rendered":"<h2>La Retaguardia<\/h2>\n<h5>Adriana Moreno Cordero<\/h5>\n<p><em>\u00a0<\/em><\/p>\n<ul>\n<li><strong><em>\u00bfCordial reuni\u00f3n entre Garc\u00eda Alcocer y AMLO?<\/em><\/strong><\/li>\n<\/ul>\n<p>&nbsp;<\/p>\n<p>&nbsp;<\/p>\n<p>En el Poder Judicial Federal es un secreto a voces que la \u201cluna de miel\u201d entre el ministro-presidente de la Suprema Corte de Justicia de la Naci\u00f3n, (SCJN), <strong>Arturo Zald\u00edvar Lelo Larrea<\/strong> y el presidente <strong>Andr\u00e9s Manuel L\u00f3pez Obrador<\/strong>, -a quien por cierto el primero le debe la presidencia del m\u00e1ximo tribunal del Poder Judicial Federal-, no dura un a\u00f1o y eso es decir ya mucho tiempo.<\/p>\n<p>Dichas especulaciones se basan en que, cuando el maestro Zald\u00edvar fue designado ministro de la Suprema Corte, en el 2009, gracias a los buenos oficios de uno de sus mejores amigos, el panista <strong>Fernando G\u00f3mez Mont<\/strong>, quien en ese entonces era Secretario de Gobernaci\u00f3n, convenci\u00f3 al entonces presidente <strong>Felipe Calder\u00f3n<\/strong> para impulsarlo, hubo entonces una primera \u201cluna de miel\u201d entre el ministro Zald\u00edvar y el ex presidente que casualmente, dur\u00f3 poco menos de un a\u00f1o.<\/p>\n<p>Aseguran los que saben, que cuando sucedi\u00f3 la tragedia en la Guarder\u00eda \u201cABC\u201d de Hermosillo, Sonora, en la que desafortunadamente fallecieron 49 ni\u00f1os y 106 resultaron heridos, se iniciaron las traiciones del hoy presidente de la SCJN, hacia quien era su mejor amigo y tambi\u00e9n en contra del propio Calder\u00f3n Hinojosa.<\/p>\n<p>Ahora bien, quienes conocen al ministro Zald\u00edvar desde que era estudiante en la Escuela Libre de Derecho, comentan que desde ese entonces se destacaba por su comportamiento considerado como, digamos, voluble, de ah\u00ed que ya se cruzan las apuestas sobre que las lealtades que ha intentado concretar, son muy fugaces, pues, como ya se ilustr\u00f3, lo m\u00e1s que llegan a durar son un a\u00f1o y siempre con quienes de un modo u otro le han ayudado a llegar y encumbrarse hasta la presidencia del m\u00e1ximo tribunal del pa\u00eds.<\/p>\n<p>Habr\u00e1 \u201cm\u00e1s tela de d\u00f3nde cortar\u201d en este caso, pero por lo pronto, en la SCJN se registrar\u00e1 m\u00e1s movimiento porque ser\u00e1 la semana entrante cuando se presenten ante los senadores las tres mujeres propuestas por el presidente L\u00f3pez Obrador, que aspiran a llegar al lugar que deja la ministra <strong>Margarita Luna Ramos.<\/strong><\/p>\n<p>La presentaci\u00f3n de las aspirantes no hab\u00eda podido prosperar pues todas las atenciones y negociaciones en el Senado de la Rep\u00fablica, como se recordar\u00e1, estaban enfocadas en el tema de la Guardia Nacional, pero como ya est\u00e1 \u201cplanchada\u201d hasta en la C\u00e1mara de Diputados, donde ayer, en cosa de una hora se aprob\u00f3 en Comisiones por unanimidad, ya solo se espera que se apruebe en el pleno de la C\u00e1mara Baja ma\u00f1ana, sin mayor problema.<\/p>\n<p>El pr\u00f3ximo lunes la primera en presentarse en el Senado de la Rep\u00fablica ser\u00e1 <strong>Yasm\u00edn Esquivel Mossa<\/strong>, muy se\u00f1alada por ser la esposa del constructor favorito de la llamada cuarta transformaci\u00f3n, <strong>Jos\u00e9 Mar\u00eda Riobo\u00f3 Mart\u00edn<\/strong>, un tema ya muy conocido que todav\u00eda, la cabeza del poderoso Grupo Riobo\u00f3, niega gozar de las preferencias del presidente L\u00f3pez Obrador.<\/p>\n<p>Al filo de las dos de la tarde, estar\u00e1 <strong>Celia Maya<\/strong>, quien tiene una importante trayectoria y su pasi\u00f3n es la justicia y el derecho, para finalizar con <strong>Loretta Ortiz<\/strong>, quien todav\u00eda trae bajo el brazo su baja en Morena, as\u00ed como para demostrar que es muy imparcial.<\/p>\n<p style=\"text-align: center;\"><strong>Municiones<\/strong><\/p>\n<p>*** Muy movido en Guerrero, el responsable de Administraci\u00f3n y Finanzas de la Secretar\u00eda de Salud, <strong>Pedro Flores Jim\u00e9nez<\/strong>, donde, por encargo directo del titular del ramo, <strong>Jorge Alcocer Varela<\/strong> \u2014quien por cierto cada d\u00eda deja ver su entrega humanista y social en toda acci\u00f3n que emprende la dependencia federal a su cargo\u2014, anunci\u00f3 el arranque de la convocatoria a los guerrerenses para que participen en los foros que recoger\u00e1n todas las demandas de la poblaci\u00f3n a fin de construir un verdadero Plan Nacional de Desarrollo 2019-2024, que ahora s\u00ed atienda las necesidades m\u00e1s sentidas del pa\u00eds.<\/p>\n<p>Las propuestas de la ciudadan\u00eda deber\u00e1n definir el eje tem\u00e1tico, objetivo, problem\u00e1tica abordada y tema en el que participar\u00e1n.<\/p>\n<p>*** A trav\u00e9s de aplicaciones m\u00f3viles como la denominada TuLotero, los Pron\u00f3sticos para la Asistencia p\u00fablica, de <strong>Ernesto Prieto<\/strong>, tratar\u00e1n de captar a los millenials para aumentar el volumen de ventas para sus sorteos, toda vez que M\u00e9xico es uno de los pa\u00edses que menos crecimiento ha tenido en venta de sorteos en los \u00faltimos a\u00f1os.<\/p>\n<p>A trav\u00e9s de esta plataforma digital, que ya entreg\u00f3 la semana pasada en Puebla el primer premio mayor por 6 millones de pesos, Pron\u00f3sticos puso a disposici\u00f3n del sector m\u00e1s joven juegos de azar en todo el pa\u00eds.<\/p>\n<p>*** Finalmente, el presidente L\u00f3pez Obrador recibi\u00f3 ayer a <strong>Guillermo Garc\u00eda Alcocer<\/strong>, titular de la Comisi\u00f3n Reguladora de Energ\u00eda (CRE), contra quien la semana pasada, la secretar\u00eda de la Funci\u00f3n P\u00fablica que encabeza <strong>Irma Er\u00e9ndira Sandoval<\/strong>, inici\u00f3 una andanada por presunto conflicto de intereses.<\/p>\n<p>P\u00fablicamente, Garc\u00eda Alcocer le pidi\u00f3 al jefe del Ejecutivo una audiencia y finalmente \u00e9sta se celebr\u00f3 ayer.<\/p>\n<p>El titular de la CRE, anunci\u00f3 que seguir\u00e1 en su puesto y que el encuentro con el presidente, que dur\u00f3 como 45 minutos, se desenvolvi\u00f3 en t\u00e9rminos cordiales, \u00bfser\u00e1?<\/p>\n<p>Ah\u00ed, el tabasque\u00f1o le dijo a Garc\u00eda Alcocer que no se trataba de una persecuci\u00f3n pol\u00edtica en su contra, pero en este punto, habr\u00e1 que irse con \u201cpies de plomo\u201d, pues no es la primera vez que el Ejecutivo dice una cosa y hace exactamente lo contrario y ah\u00ed est\u00e1 como \u201cbot\u00f3n\u201d de muestra que llega diciendo que es un dem\u00f3crata y en cuanto le tocan el tema de los contrapesos, su autoritarismo se impone.<\/p>\n<p>Lo dicho, no le gusta al tabasque\u00f1o nada que le pueda hacer sombra porque los califica de \u201cternuritas\u201d.<\/p>\n<p>*** Sobre la Guardia Nacional, el coordinador de la bancada del PRI en la C\u00e1mara de Diputados, <strong>Ren\u00e9 Ju\u00e1rez<\/strong> estim\u00f3 que lo que hizo el Senado fue completar el trabajo que se inici\u00f3 en San L\u00e1zaro.<\/p>\n<p>Destac\u00f3 que hubo cambios sustanciales en la minuta de la GN, ya que\u00a0 de lo que se trataba, era de darle una respuesta a los ciudadanos en un tema sensible como el de la seguridad.<\/p>\n<p>\u201cYa tenemos la minuta, esperamos que una vez aprobada (ma\u00f1ana), vaya a los estados y a la brevedad, se empiece a instrumentar. Finalmente, el diputado pri\u00edsta subray\u00f3 que en el dictamen de la Guardia Nacional, el mando civil est\u00e1 establecido de manera muy clara y la participaci\u00f3n de las fuerzas armadas en materia de seguridad, ya cuentan con una base jur\u00eddica de la que antes carec\u00edan y se les da temporalidad.<\/p>\n<p><a href=\"mailto:morcora@gmail.com\" target=\"_blank\" rel=\"noopener noreferrer\"><em>morcora@gmail.com<\/em><\/a><\/p>\n","protected":false},"excerpt":{"rendered":"<p><span style=\"color: #005497;\"><strong>Adriana Moreno Cordero<\/strong><\/span><\/p>\n","protected":false},"author":3,"featured_media":0,"comment_status":"open","ping_status":"open","sticky":false,"template":"","format":"standard","meta":{"_monsterinsights_skip_tracking":false,"_monsterinsights_sitenote_active":false,"_monsterinsights_sitenote_note":"","_monsterinsights_sitenote_category":0,"footnotes":""},"categories":[69370],"tags":[69369,69368,43674],"class_list":["post-417036","post","type-post","status-publish","format-standard","hentry","category-adriana-moreno-cordero","tag-adriana-moreno-cordero","tag-la-retaguardia","tag-opinion"],"_links":{"self":[{"href":"https:\/\/www.diarioimagen.net\/index.php?rest_route=\/wp\/v2\/posts\/417036","targetHints":{"allow":["GET"]}}],"collection":[{"href":"https:\/\/www.diarioimagen.net\/index.php?rest_route=\/wp\/v2\/posts"}],"about":[{"href":"https:\/\/www.diarioimagen.net\/index.php?rest_route=\/wp\/v2\/types\/post"}],"author":[{"embeddable":true,"href":"https:\/\/www.diarioimagen.net\/index.php?rest_route=\/wp\/v2\/users\/3"}],"replies":[{"embeddable":true,"href":"https:\/\/www.diarioimagen.net\/index.php?rest_route=%2Fwp%2Fv2%2Fcomments&post=417036"}],"version-history":[{"count":0,"href":"https:\/\/www.diarioimagen.net\/index.php?rest_route=\/wp\/v2\/posts\/417036\/revisions"}],"wp:attachment":[{"href":"https:\/\/www.diarioimagen.net\/index.php?rest_route=%2Fwp%2Fv2%2Fmedia&parent=417036"}],"wp:term":[{"taxonomy":"category","embeddable":true,"href":"https:\/\/www.diarioimagen.net\/index.php?rest_route=%2Fwp%2Fv2%2Fcategories&post=417036"},{"taxonomy":"post_tag","embeddable":true,"href":"https:\/\/www.diarioimagen.net\/index.php?rest_route=%2Fwp%2Fv2%2Ftags&post=417036"}],"curies":[{"name":"wp","href":"https:\/\/api.w.org\/{rel}","templated":true}]}}