{"id":417050,"date":"2019-02-27T00:07:58","date_gmt":"2019-02-27T06:07:58","guid":{"rendered":"https:\/\/www.diarioimagen.net\/?p=417050"},"modified":"2019-02-27T01:44:06","modified_gmt":"2019-02-27T07:44:06","slug":"anato-en-bogota-un-parteaguas-para-el-turismo-mexicano","status":"publish","type":"post","link":"https:\/\/www.diarioimagen.net\/?p=417050","title":{"rendered":"Anato en Bogot\u00e1, un parteaguas para el turismo mexicano"},"content":{"rendered":"<h2>Detr\u00e1s del Poder<\/h2>\n<h5>Jos\u00e9 Antonio L\u00f3pez Sosa<\/h5>\n<p>&nbsp;<\/p>\n<p>&nbsp;<\/p>\n<p><strong>Bogot\u00e1, Colombia<\/strong>.- Por primera vez en mucho tiempo, el gobierno mexicano no tendr\u00e1 presencia <em>como marca<\/em> pa\u00eds en una de las ferias tur\u00edsticas m\u00e1s importantes del continente.<\/p>\n<p>Con la liquidaci\u00f3n del Consejo de Promoci\u00f3n Tur\u00edstica de M\u00e9xico (CPTM), no hay ente ni presupuesto que pague por la presencia en estas ferias internacionales.<\/p>\n<p>Ser\u00e1 el estado de Quintana Roo quien asuma el rol, pag\u00f3 el espacio que corresponder\u00eda a M\u00e9xico como una apuesta a continuar promovi\u00e9ndose en el \u00e1mbito internacional.<\/p>\n<p>Hoy se comenzar\u00e1 a escribir una historia diferente con relaci\u00f3n a la promoci\u00f3n tur\u00edstica de nuestro pa\u00eds.<\/p>\n<p>Los recursos que se usaban para ferias se reencausaron al Tren Maya, sin embargo, si no se promueve, \u00bfc\u00f3mo sabr\u00e1n los viajeros internacionales de su existencia?<\/p>\n<p>Distintos destinos y estados vienen sum\u00e1ndose a la iniciativa de Quintana Roo, ser\u00e1 interesante conocer c\u00f3mo se mover\u00e1n las fichas de la industria a partir de esta feria, una de las m\u00e1s importantes en Am\u00e9rica.<\/p>\n<p style=\"text-align: center;\"><strong>Lograr lo poco probable<\/strong><\/p>\n<p>Ayer llegamos desde la Ciudad de M\u00e9xico por Copa Airlines con escala en Panam\u00e1, esta compa\u00f1\u00eda a\u00e9rea logr\u00f3 lo que nadie hab\u00eda hecho: modific\u00f3 sus nuevos Boeing 737-Max y en su clase ejecutiva, se aventur\u00f3 a poner asientos-cama como los tienen exclusivamente los aviones de largo radio, como los DreamLiner, Airbus A380 u otros de cabina ancha.<\/p>\n<p>Es la primera vez que un avi\u00f3n peque\u00f1o tiene ese nivel de comodidad, evidentemente obedece a la demanda del mercado en sus vuelos de m\u00e1s de seis horas de duraci\u00f3n hacia Sudam\u00e9rica y Canad\u00e1.<\/p>\n<p>Por otro lado, tras la cancelaci\u00f3n del aeropuerto en Texcoco, el de Tocumen, en Panam\u00e1, se posiciona como el m\u00e1s importante centro de interconexi\u00f3n del continente americano.<\/p>\n<p><em><a href=\"http:\/\/www.lopezsosa.com\" target=\"_blank\" rel=\"noopener noreferrer\">www.lopezsosa.com<\/a><\/em><br \/>\n<em><a href=\"mailto:joseantonio@lopezsosa.com\" target=\"_blank\" rel=\"noopener noreferrer\">joseantonio@lopezsosa.com<\/a><\/em><br \/>\n<em><a href=\"http:\/\/twitter.com\/joseantonio1977\" target=\"_blank\" rel=\"noopener noreferrer\">@joseantonio197<\/a><\/em><\/p>\n","protected":false},"excerpt":{"rendered":"<p><span style=\"color: #005497;\"><strong>Jos\u00e9 Antonio L\u00f3pez Sosa<\/strong><\/span><\/p>\n","protected":false},"author":3,"featured_media":0,"comment_status":"open","ping_status":"open","sticky":false,"template":"","format":"standard","meta":{"_monsterinsights_skip_tracking":false,"_monsterinsights_sitenote_active":false,"_monsterinsights_sitenote_note":"","_monsterinsights_sitenote_category":0,"footnotes":""},"categories":[637],"tags":[638,43690,43674],"class_list":["post-417050","post","type-post","status-publish","format-standard","hentry","category-jose-antonio-lopez-sosa","tag-detras-del-poder","tag-jose-antonio-lopez-sosa","tag-opinion"],"_links":{"self":[{"href":"https:\/\/www.diarioimagen.net\/index.php?rest_route=\/wp\/v2\/posts\/417050","targetHints":{"allow":["GET"]}}],"collection":[{"href":"https:\/\/www.diarioimagen.net\/index.php?rest_route=\/wp\/v2\/posts"}],"about":[{"href":"https:\/\/www.diarioimagen.net\/index.php?rest_route=\/wp\/v2\/types\/post"}],"author":[{"embeddable":true,"href":"https:\/\/www.diarioimagen.net\/index.php?rest_route=\/wp\/v2\/users\/3"}],"replies":[{"embeddable":true,"href":"https:\/\/www.diarioimagen.net\/index.php?rest_route=%2Fwp%2Fv2%2Fcomments&post=417050"}],"version-history":[{"count":0,"href":"https:\/\/www.diarioimagen.net\/index.php?rest_route=\/wp\/v2\/posts\/417050\/revisions"}],"wp:attachment":[{"href":"https:\/\/www.diarioimagen.net\/index.php?rest_route=%2Fwp%2Fv2%2Fmedia&parent=417050"}],"wp:term":[{"taxonomy":"category","embeddable":true,"href":"https:\/\/www.diarioimagen.net\/index.php?rest_route=%2Fwp%2Fv2%2Fcategories&post=417050"},{"taxonomy":"post_tag","embeddable":true,"href":"https:\/\/www.diarioimagen.net\/index.php?rest_route=%2Fwp%2Fv2%2Ftags&post=417050"}],"curies":[{"name":"wp","href":"https:\/\/api.w.org\/{rel}","templated":true}]}}