{"id":417118,"date":"2019-02-28T00:09:43","date_gmt":"2019-02-28T06:09:43","guid":{"rendered":"https:\/\/www.diarioimagen.net\/?p=417118"},"modified":"2019-02-27T23:56:37","modified_gmt":"2019-02-28T05:56:37","slug":"cdmx-buscara-recursos-para-continuar-con-formula-1","status":"publish","type":"post","link":"https:\/\/www.diarioimagen.net\/?p=417118","title":{"rendered":"CDMX buscar\u00e1 recursos para continuar con F\u00f3rmula 1"},"content":{"rendered":"<ul>\n<li><em><strong>A un d\u00eda de que concluya el plazo para convenio<\/strong><\/em><\/li>\n<\/ul>\n<p>&nbsp;<\/p>\n<div id=\"attachment_417119\" style=\"width: 470px\" class=\"wp-caption aligncenter\"><img loading=\"lazy\" decoding=\"async\" aria-describedby=\"caption-attachment-417119\" class=\"size-large wp-image-417119\" src=\"https:\/\/www.diarioimagen.net\/wp-content\/uploads\/2019\/02\/FORMULA28-PORTAL-460x268.jpg\" alt=\"\" width=\"460\" height=\"268\" srcset=\"https:\/\/www.diarioimagen.net\/wp-content\/uploads\/2019\/02\/FORMULA28-PORTAL-460x268.jpg 460w, https:\/\/www.diarioimagen.net\/wp-content\/uploads\/2019\/02\/FORMULA28-PORTAL-240x140.jpg 240w, https:\/\/www.diarioimagen.net\/wp-content\/uploads\/2019\/02\/FORMULA28-PORTAL.jpg 480w\" sizes=\"auto, (max-width: 460px) 100vw, 460px\" \/><p id=\"caption-attachment-417119\" class=\"wp-caption-text\">El gobierno de la Ciudad de M\u00e9xico dijo estar interesada en la permanencia de la F\u00f3rmula 1 en la capital.<\/p><\/div>\n<p>&nbsp;<\/p>\n<p>La jefa de Gobierno de la Ciudad de M\u00e9xico, Claudia Sheinbaum, dijo estar interesada en la permanencia de la F\u00f3rmula 1 en la capital, por lo que su administraci\u00f3n buscar\u00e1 recursos externos como los patrocinios a fin de cubrir los 400 millones de pesos que requerir\u00eda el Gobierno local para su realizaci\u00f3n.<\/p>\n<p>\u201cA la ciudad le interesa que este tipo de espect\u00e1culos y actividades deportivas se mantengan en la Ciudad de M\u00e9xico, el problema es que es muy costoso mantenerlo\u201d, asegur\u00f3 en conferencia de prensa, a un d\u00eda de que de que concluya el plazo para firmar la realizaci\u00f3n del evento por cinco a\u00f1os a partir del 2020.<\/p>\n<p>Se\u00f1al\u00f3 que antes la federaci\u00f3n pagaba la mayor parte de la F\u00f3rmula 1. Sin embargo, \u201choy hay otros objetivos\u201d, por lo que eval\u00faan si es factible su organizaci\u00f3n, toda vez que aunque representa beneficios, sobre todo en materia tur\u00edstica, \u201cse trata del dinero de los ciudadanos\u201d.<\/p>\n<p>La funcionaria capitalina mencion\u00f3 que es un espect\u00e1culo muy caro al que asisten personas de un nivel econ\u00f3mico especial por lo que tambi\u00e9n se analiza, junto con la empresa organizadora, el tema de los boletos.<\/p>\n<p>Explic\u00f3 que el presupuesto es tan alto que en comparaci\u00f3n con la renovaci\u00f3n del Parque Cuitl\u00e1huac, que requerir\u00e1 para este a\u00f1o 150 millones de pesos, representa casi dos veces el costo del proyecto.<\/p>\n","protected":false},"excerpt":{"rendered":"<p>La jefa de Gobierno de la Ciudad de M\u00e9xico, Claudia Sheinbaum, dijo estar interesada en la permanencia de la F\u00f3rmula 1 en la capital, por lo que su administraci\u00f3n buscar\u00e1 recursos externos como los patrocinios a fin de cubrir los 400 millones de pesos que requerir\u00eda el Gobierno local para su realizaci\u00f3n.<\/p>\n","protected":false},"author":5,"featured_media":417119,"comment_status":"open","ping_status":"open","sticky":false,"template":"","format":"standard","meta":{"_monsterinsights_skip_tracking":false,"_monsterinsights_sitenote_active":false,"_monsterinsights_sitenote_note":"","_monsterinsights_sitenote_category":0,"footnotes":""},"categories":[6],"tags":[34444,2315],"class_list":["post-417118","post","type-post","status-publish","format-standard","has-post-thumbnail","hentry","category-cd-de-mexico","tag-cdmx","tag-formula-1"],"_links":{"self":[{"href":"https:\/\/www.diarioimagen.net\/index.php?rest_route=\/wp\/v2\/posts\/417118","targetHints":{"allow":["GET"]}}],"collection":[{"href":"https:\/\/www.diarioimagen.net\/index.php?rest_route=\/wp\/v2\/posts"}],"about":[{"href":"https:\/\/www.diarioimagen.net\/index.php?rest_route=\/wp\/v2\/types\/post"}],"author":[{"embeddable":true,"href":"https:\/\/www.diarioimagen.net\/index.php?rest_route=\/wp\/v2\/users\/5"}],"replies":[{"embeddable":true,"href":"https:\/\/www.diarioimagen.net\/index.php?rest_route=%2Fwp%2Fv2%2Fcomments&post=417118"}],"version-history":[{"count":0,"href":"https:\/\/www.diarioimagen.net\/index.php?rest_route=\/wp\/v2\/posts\/417118\/revisions"}],"wp:featuredmedia":[{"embeddable":true,"href":"https:\/\/www.diarioimagen.net\/index.php?rest_route=\/wp\/v2\/media\/417119"}],"wp:attachment":[{"href":"https:\/\/www.diarioimagen.net\/index.php?rest_route=%2Fwp%2Fv2%2Fmedia&parent=417118"}],"wp:term":[{"taxonomy":"category","embeddable":true,"href":"https:\/\/www.diarioimagen.net\/index.php?rest_route=%2Fwp%2Fv2%2Fcategories&post=417118"},{"taxonomy":"post_tag","embeddable":true,"href":"https:\/\/www.diarioimagen.net\/index.php?rest_route=%2Fwp%2Fv2%2Ftags&post=417118"}],"curies":[{"name":"wp","href":"https:\/\/api.w.org\/{rel}","templated":true}]}}