{"id":417179,"date":"2019-02-28T00:08:02","date_gmt":"2019-02-28T06:08:02","guid":{"rendered":"https:\/\/www.diarioimagen.net\/?p=417179"},"modified":"2019-02-28T22:13:10","modified_gmt":"2019-03-01T04:13:10","slug":"mag-rafael-guerra-plantea-eliminar-auto-de-vinculacion-del-sistema-penal-acusatorio","status":"publish","type":"post","link":"https:\/\/www.diarioimagen.net\/?p=417179","title":{"rendered":"Mag. Rafael Guerra plantea eliminar auto de vinculaci\u00f3n del Sistema Penal Acusatorio"},"content":{"rendered":"<ul>\n<li><strong><em>El presidente del TSJCDMX expuso que se agilizar\u00edan procesos y fortalecer\u00eda la transparencia<\/em><\/strong><\/li>\n<li><strong><em>Prisi\u00f3n preventiva oficiosa se mantendr\u00eda para los 12 delitos que marca el art\u00edculo 19 constitucional<\/em><\/strong><\/li>\n<\/ul>\n<p>&nbsp;<\/p>\n<div id=\"attachment_417263\" style=\"width: 470px\" class=\"wp-caption aligncenter\"><a href=\"https:\/\/www.diarioimagen.net\/?attachment_id=417263\" rel=\"attachment wp-att-417263\"><img loading=\"lazy\" decoding=\"async\" aria-describedby=\"caption-attachment-417263\" class=\"size-large wp-image-417263\" src=\"https:\/\/www.diarioimagen.net\/wp-content\/uploads\/2019\/02\/tribunal-4-460x259.jpg\" alt=\"\" width=\"460\" height=\"259\" srcset=\"https:\/\/www.diarioimagen.net\/wp-content\/uploads\/2019\/02\/tribunal-4-460x259.jpg 460w, https:\/\/www.diarioimagen.net\/wp-content\/uploads\/2019\/02\/tribunal-4-240x135.jpg 240w, https:\/\/www.diarioimagen.net\/wp-content\/uploads\/2019\/02\/tribunal-4-235x132.jpg 235w, https:\/\/www.diarioimagen.net\/wp-content\/uploads\/2019\/02\/tribunal-4-202x114.jpg 202w, https:\/\/www.diarioimagen.net\/wp-content\/uploads\/2019\/02\/tribunal-4-350x196.jpg 350w, https:\/\/www.diarioimagen.net\/wp-content\/uploads\/2019\/02\/tribunal-4-220x123.jpg 220w, https:\/\/www.diarioimagen.net\/wp-content\/uploads\/2019\/02\/tribunal-4-237x132.jpg 237w, https:\/\/www.diarioimagen.net\/wp-content\/uploads\/2019\/02\/tribunal-4.jpg 480w\" sizes=\"auto, (max-width: 460px) 100vw, 460px\" \/><\/a><p id=\"caption-attachment-417263\" class=\"wp-caption-text\">El presidente del TSJCDMX, Rafael Guerra \u00c1lvarez, propuso que, para fortalecer y dar mayor transparencia al actual Sistema Penal Acusatorio, se deber\u00eda eliminar el auto de vinculaci\u00f3n.<\/p><\/div>\n<p>&nbsp;<\/p>\n<p>El presidente del Tribunal Superior de Justicia de la Ciudad de M\u00e9xico (TSJCDMX), magistrado Rafael Guerra \u00c1lvarez, particip\u00f3 en el Primer Foro de Seguridad Ciudadana y Procuraci\u00f3n de Justicia 2019, organizado por el Congreso capitalino I Legislatura, donde propuso que, para fortalecer y dar mayor transparencia al actual Sistema Penal Acusatorio, se deber\u00eda eliminar el auto de vinculaci\u00f3n.<\/p>\n<p>Durante su intervenci\u00f3n en la tercera mesa de discusi\u00f3n del Foro, el magistrado explic\u00f3 que el auto de vinculaci\u00f3n no es esencia ni naturaleza misma del proceso acusatorio y detall\u00f3 que m\u00e1s bien se trata de la inercia del sistema procesal mixto que ten\u00edamos anteriormente, que es el comparativo del auto de formal prisi\u00f3n.<\/p>\n<p>Y es que dijo, si se elimina, se har\u00eda m\u00e1s sencillo el proceso; \u201cse hace la imputaci\u00f3n, se contesta e inmediatamente el juez a petici\u00f3n del Ministerio P\u00fablico (MP) solicita la medida cautelar, despu\u00e9s de ello se abre la etapa intermedia, precisamente para que se haga la investigaci\u00f3n complementaria, y con eso no tendr\u00edamos ning\u00fan problema\u201d.<\/p>\n<p>El presidente del TSJ CDMX aclar\u00f3 que en casos como homicidio y secuestro, como lo marca la propia Constituci\u00f3n, la medida cautelar que se aplica es la prisi\u00f3n preventiva oficiosa. Adem\u00e1s, detall\u00f3 que es el art\u00edculo 19 constitucional que se\u00f1ala los delitos que requieren de esa medida, que actualmente son 12.<\/p>\n<p>Afirm\u00f3 que los impartidores de justicia est\u00e1n preparados en el proceso acusatorio, \u201cquiero decirles que conforme vamos trabajando estamos en la v\u00eda correcta. Hay que esforzarnos claro, hay que corregir, claro que s\u00ed\u201d, se\u00f1al\u00f3.<\/p>\n<p>Al respecto, el ministro de la Suprema Corte de Justicia de la Naci\u00f3n (SCJN), Juan Luis Gonz\u00e1lez Alc\u00e1ntara Carranc\u00e1, destac\u00f3 que el actual Sistema Penal Acusatorio brinda salidas alternas a los procesos para resolver los conflictos de una manera distinta \u201cy creemos que pueden satisfacer en mayor medida a la poblaci\u00f3n\u201d.<\/p>\n<p>Explic\u00f3 que hay un criterio de oportunidad que se presenta para que el acusado pueda reparar el da\u00f1o ocasionado a la v\u00edctima o \u00e9sta puede manifestar su falta de inter\u00e9s en la reparaci\u00f3n.<\/p>\n<p>El ministro de la SCJN subray\u00f3 que una de las bondades del nuevo Sistema Penal Acusatorio es que se facilita es la justicia alternativa, misma que busca lograr un acuerdo entre las partes, mediante el apoyo de un especialista que conoce de los temas de mediaci\u00f3n y conciliaci\u00f3n. A\u00f1adi\u00f3 que al promover la resoluci\u00f3n mediante esta v\u00eda, se evitar\u00eda el atascamiento de los expedientes, garantizado el acceso a una justicia pronta, expedita y sobre todo diligente, para revertir la mala imagen que se tiene de los impartidores de justicia<\/p>\n<p>Por ello, durante su participaci\u00f3n en el Foro, el doctor Arturo Coss\u00edo, director del Seminario de Derecho de la Facultad de Derecho de la UNAM, coincidi\u00f3 con el titular del TSJCDMX, en eliminar el t\u00e9rmino de auto de vinculaci\u00f3n, para dar mayor cauce a la soluci\u00f3n de conflictos y bajar procesos largos, con justicia alternativa<\/p>\n<p>En su turno, Ernestina Godoy Ramos, procuradora general de Justicia de la CDMX, dijo que en la transici\u00f3n hacia una fiscal\u00eda, no s\u00f3lo se busca un cambio de nombre, sino de fondo \u201cporque el actual sistema para procurar justicia que tenemos es un fracaso\u201d. Y es que indic\u00f3 que ning\u00fan gobierno ni ning\u00fan presupuesto alcanzar\u00eda para atender cada una de las carpetas de investigaci\u00f3n que se presentan en la capital.<\/p>\n<p>De esta forma, se\u00f1al\u00f3 que se deben atender los delitos de manera diferente de acuerdo a su impacto. Esto, con mecanismos administrativos y la posibilidad del procedimiento abreviado, los mecanismos alternativos de resoluci\u00f3n de controversias y el concepto de justicia restaurativa.<\/p>\n<p>Al t\u00e9rmino de la mesa de trabajo, los diputados organizadores Eduardo Santill\u00e1n P\u00e9rez y Leticia Esther Varela Mart\u00ednez, entregaron un reconocimiento a los participantes.<\/p>\n","protected":false},"excerpt":{"rendered":"<p>El presidente del Tribunal Superior de Justicia de la Ciudad de M\u00e9xico (TSJCDMX), magistrado Rafael Guerra \u00c1lvarez, particip\u00f3 en el Primer Foro de Seguridad Ciudadana y Procuraci\u00f3n de Justicia 2019, organizado por el Congreso capitalino I Legislatura, donde propuso que, para fortalecer y dar mayor transparencia al actual Sistema Penal Acusatorio, se deber\u00eda eliminar el auto de vinculaci\u00f3n.<\/p>\n","protected":false},"author":3,"featured_media":417263,"comment_status":"open","ping_status":"open","sticky":false,"template":"","format":"standard","meta":{"_monsterinsights_skip_tracking":false,"_monsterinsights_sitenote_active":false,"_monsterinsights_sitenote_note":"","_monsterinsights_sitenote_category":0,"footnotes":""},"categories":[6],"tags":[204,79994,49194],"class_list":["post-417179","post","type-post","status-publish","format-standard","has-post-thumbnail","hentry","category-cd-de-mexico","tag-ciudad-de-mexico","tag-rafael-guerra-alvarez","tag-tribunal-superior-de-justicia-de-la-ciudad-de-mexico"],"_links":{"self":[{"href":"https:\/\/www.diarioimagen.net\/index.php?rest_route=\/wp\/v2\/posts\/417179","targetHints":{"allow":["GET"]}}],"collection":[{"href":"https:\/\/www.diarioimagen.net\/index.php?rest_route=\/wp\/v2\/posts"}],"about":[{"href":"https:\/\/www.diarioimagen.net\/index.php?rest_route=\/wp\/v2\/types\/post"}],"author":[{"embeddable":true,"href":"https:\/\/www.diarioimagen.net\/index.php?rest_route=\/wp\/v2\/users\/3"}],"replies":[{"embeddable":true,"href":"https:\/\/www.diarioimagen.net\/index.php?rest_route=%2Fwp%2Fv2%2Fcomments&post=417179"}],"version-history":[{"count":0,"href":"https:\/\/www.diarioimagen.net\/index.php?rest_route=\/wp\/v2\/posts\/417179\/revisions"}],"wp:featuredmedia":[{"embeddable":true,"href":"https:\/\/www.diarioimagen.net\/index.php?rest_route=\/wp\/v2\/media\/417263"}],"wp:attachment":[{"href":"https:\/\/www.diarioimagen.net\/index.php?rest_route=%2Fwp%2Fv2%2Fmedia&parent=417179"}],"wp:term":[{"taxonomy":"category","embeddable":true,"href":"https:\/\/www.diarioimagen.net\/index.php?rest_route=%2Fwp%2Fv2%2Fcategories&post=417179"},{"taxonomy":"post_tag","embeddable":true,"href":"https:\/\/www.diarioimagen.net\/index.php?rest_route=%2Fwp%2Fv2%2Ftags&post=417179"}],"curies":[{"name":"wp","href":"https:\/\/api.w.org\/{rel}","templated":true}]}}