{"id":417248,"date":"2019-02-28T00:11:02","date_gmt":"2019-02-28T06:11:02","guid":{"rendered":"https:\/\/www.diarioimagen.net\/?p=417248"},"modified":"2019-02-28T00:58:06","modified_gmt":"2019-02-28T06:58:06","slug":"lopez-obrador-y-monreal-definen-agenda-legislativa-en-un-desayuno","status":"publish","type":"post","link":"https:\/\/www.diarioimagen.net\/?p=417248","title":{"rendered":"L\u00f3pez Obrador y Monreal definen agenda legislativa en un desayuno"},"content":{"rendered":"<h2>Tras la puerta del poder<\/h2>\n<h5>Roberto Vizca\u00edno<\/h5>\n<p>&nbsp;<\/p>\n<div id=\"attachment_417302\" style=\"width: 470px\" class=\"wp-caption aligncenter\"><a href=\"https:\/\/www.diarioimagen.net\/?attachment_id=417302\" rel=\"attachment wp-att-417302\"><img loading=\"lazy\" decoding=\"async\" aria-describedby=\"caption-attachment-417302\" class=\"size-large wp-image-417302\" src=\"https:\/\/www.diarioimagen.net\/wp-content\/uploads\/2019\/02\/por-encima-LUIS-XAVIER-460x352.jpg\" alt=\"\" width=\"460\" height=\"352\" srcset=\"https:\/\/www.diarioimagen.net\/wp-content\/uploads\/2019\/02\/por-encima-LUIS-XAVIER-460x352.jpg 460w, https:\/\/www.diarioimagen.net\/wp-content\/uploads\/2019\/02\/por-encima-LUIS-XAVIER-240x184.jpg 240w, https:\/\/www.diarioimagen.net\/wp-content\/uploads\/2019\/02\/por-encima-LUIS-XAVIER-768x588.jpg 768w, https:\/\/www.diarioimagen.net\/wp-content\/uploads\/2019\/02\/por-encima-LUIS-XAVIER.jpg 1200w\" sizes=\"auto, (max-width: 460px) 100vw, 460px\" \/><\/a><p id=\"caption-attachment-417302\" class=\"wp-caption-text\">\u00a1Por encima..! | Luis Xavier<\/p><\/div>\n<p>&nbsp;<\/p>\n<p>Si <strong>Mario Delgado<\/strong> y <strong>Pablo G\u00f3mez<\/strong> \u2014a quienes les gusta el protagonismo\u2014 no le meten mano, la Minuta que crea la Guardia Nacional ser\u00e1 aprobada hoy en San L\u00e1zaro bajo las mismas premisas del acuerdo que logr\u00f3 <strong>Ricardo Monreal <\/strong>con la oposici\u00f3n de PAN, PRI, MC y PRD en el Senado. Todo en una sola exposici\u00f3n, y por unanimidad, se indic\u00f3.<\/p>\n<p>Este paso es esencial para que el presidente Andr\u00e9s Manuel L\u00f3pez Obrador pueda echar a andar en serio su plan de Seguridad para alcanzar la paz y abatir sustancialmente la violencia en el pa\u00eds a m\u00e1s tardar en mayo o junio, se indic\u00f3.<\/p>\n<p>Las proyecciones indican que, una vez aprobada en San L\u00e1zaro, tendr\u00eda que ir a su aprobaci\u00f3n en al menos 17 estados lo cual, en el peor de los casos tardar\u00eda un par de meses, es decir marzo y abril.<\/p>\n<p style=\"text-align: center;\"><strong>El desayuno<\/strong><\/p>\n<p>Esto y lo que sigue de aqu\u00ed a fines de abril, fue platicado ampliamente por <strong>L\u00f3pez Obrador<\/strong> con <strong>Ricardo Monreal,<\/strong> en un desayuno en Palacio Nacional en el que s\u00f3lo estuvieron ellos y el mesero.<\/p>\n<p>El encuentro fue revelado por el zacatecano durante una pl\u00e1tica con periodistas a quienes dijo que, a pesar del escepticismo de los comunicadores, algunos expertos en pol\u00edtica y organizadores sociales, respecto de la creaci\u00f3n de la Guardia Nacional, la propuesta del presidente <strong>L\u00f3pez Obrador<\/strong> finalmente se cumpli\u00f3.<\/p>\n<p>Y se logr\u00f3, dijo <strong>Monreal,<\/strong> porque la sociedad misma estaba reclamando una guardia civil para el combate a la inseguridad y la violencia.<\/p>\n<p>El coordinador de los senadores de Morena y presidente de la Junta de Coordinaci\u00f3n Pol\u00edtica de la c\u00e1mara alta coment\u00f3 que, durante el desayuno, le revel\u00f3 al Presidente los pormenores de la negociaci\u00f3n que sigui\u00f3 para lograr la construcci\u00f3n del acuerdo para sacar adelante la Guardia Nacional.<\/p>\n<p>Le qued\u00f3 claro que se ten\u00eda que brindar satisfacci\u00f3n a todas las partes en el Senado, a los grupos parlamentarios, a l\u00edderes sociales, a v\u00edctimas de la violencia, a organismos internacionales, a colectivos y otros grupos m\u00e1s de la sociedad. Y se consigui\u00f3. Es m\u00e1s -dijo-, se logr\u00f3 que tanto el Ej\u00e9rcito y la Marina estuvieran satisfechos.<\/p>\n<p>Luego se centraron, dijo, en lo pendiente.<\/p>\n<p>\u201cLe dije que a m\u00ed me interesa mucho sacar la ley que despenaliza el uso de la marihuana, pero al presidente L\u00f3pez Obrador no. A \u00e9l le interesa m\u00e1s el tema del fuero\u201d, se\u00f1al\u00f3.<\/p>\n<p>Aclarados los puntos afirm\u00f3 que percibe y siente que su relaci\u00f3n con el presidente Andr\u00e9s <strong>Manuel L\u00f3pez Obrador<\/strong> \u201ces muy buena, es una relaci\u00f3n de respeto, de camarader\u00eda, de amistad\u2026 desde hace 21 a\u00f1os formo parte del movimiento del Presidente\u201d, agreg\u00f3.<\/p>\n<p>Sin embargo, reconoci\u00f3 que s\u00ed hubo un desencuentro entre ambos, \u201cque no dur\u00f3 m\u00e1s de dos meses, hace poco m\u00e1s de un a\u00f1o, cuando pretend\u00ed ser jefe de gobierno de la Ciudad de M\u00e9xico\u2026 pero provenimos de un mismo movimiento y jam\u00e1s vamos a confrontarnos con \u00e9l\u201d, asegur\u00f3.<\/p>\n<p style=\"text-align: center;\"><strong>Acab\u00f3 el desencuentro<\/strong><\/p>\n<p>Por Palacio Nacional tambi\u00e9n pas\u00f3 <strong>Guillermo Garc\u00eda Alcocer,<\/strong> controvertido presidente de la Comisi\u00f3n Reguladora de Energ\u00eda, a quien el presidente <strong>Andr\u00e9s Manuel L\u00f3pez Obrador<\/strong> acus\u00f3 de haber incurrido en conflicto de inter\u00e9s al presumiblemente emitir convenios en favor de un familiar.<\/p>\n<p>En apoyo de lo dicho por AMLO la secretaria de la Funci\u00f3n P\u00fablica, Er\u00e9ndira Sandoval y Santiago Nieto, titular de Inteligencia Financiera de Hacienda informaron de una investigaci\u00f3n contra Garc\u00eda Alcocer.<\/p>\n<p>Sin embargo, luego de un encuentro de 40 minutos con <strong>L\u00f3pez Obrador,<\/strong> el presidente del CRE indic\u00f3 que el Presidente le indic\u00f3 que no hab\u00eda ni persecuci\u00f3n ni investigaci\u00f3n en su contra y le rechaz\u00f3 su dimisi\u00f3n.<\/p>\n<p><strong>L\u00f3pez Obrador <\/strong>le record\u00f3 que hoy son otros tiempos le aclar\u00f3 que son otros tiempos y a nadie se le pide renunciar a su cargo.<\/p>\n<p style=\"text-align: center;\"><strong>Respuesta a panistas<\/strong><\/p>\n<p>Sin referirse expl\u00edcitamente a los se\u00f1alamientos hechos por el presidente del PAN <strong>Marko Cort\u00e9s<\/strong> y a otros respecto de que el Gobierno de <strong>AMLO<\/strong> podr\u00eda estar detr\u00e1s del accidente del helic\u00f3ptero en el que el 24 de diciembre murieron la gobernadora de Puebla <strong>Martha Erika Alonso <\/strong>y su esposo el senador <strong>Rafael Moreno Valle,<\/strong> el presidente <strong>L\u00f3pez Obrador<\/strong> asegur\u00f3 en su conferencia ma\u00f1anera que habr\u00e1 total transparencia en este caso. No se guardar\u00e1 nada, afirm\u00f3.<\/p>\n<p>A su vez el titular de Comunicaciones y Transportes, ingeniero <strong>Javier Jim\u00e9nez Espri\u00fa<\/strong>, aclar\u00f3 que, por un error se reserv\u00f3 la comunicaci\u00f3n entre la torre de control y el helic\u00f3ptero, y adelant\u00f3 que de inmediato se difundir\u00e1n esas las conversaciones.<\/p>\n<p style=\"text-align: center;\"><strong>Y todav\u00eda se mueve<\/strong><\/p>\n<p>El recorte presupuestal a Estancias Infantiles es quiz\u00e1 el tema que m\u00e1s dolores de cabeza y malos ratos ha hecho pasar al presidente <strong>Andr\u00e9s Manuel L\u00f3pez.<\/strong><\/p>\n<p>No s\u00f3lo hay permanentemente a las puertas de Palacio Nacional grupos de educadoras y madres de familia afectadas por el recorte y cierre de Estancias Infantiles, que obliga a que L\u00f3pez Obrador tenga que entrar para sus reuniones ma\u00f1aneras de seguridad y a sus conferencias de prensa por la parte de atr\u00e1s, sino que en redes sociales su esposa, <strong>Beatriz M\u00fcller<\/strong> se comprometi\u00f3 a hablar con \u00e9l en privado del tema.<\/p>\n<p>Es decir, ya hasta se le convirti\u00f3 lo de las Estancias Infantiles en un problema familiar o de pareja.<\/p>\n<p>Y a este escenario se le suma que a donde vaya de giras los fines de semana, se le aparecen en actos y aeropuertos otros grupos que lo interpelan y le exigen respuestas urgentes sobre ese cuestionad\u00edsimo recorte presupuestal.<\/p>\n<p>Por si no fuese ya suficiente con todo lo anterior, el senador <strong>Samuel Garc\u00eda,<\/strong> de Movimiento Ciudadano, inform\u00f3 que un juez en materia administrativa emiti\u00f3 un amparo que obliga al Gobierno Federal, es decir, al Presidente, a publicar las reglas para que las estancias infantiles recuperen su operaci\u00f3n y se les restituya el presupuesto recortado.<\/p>\n<p style=\"text-align: center;\"><strong>Avanza lo de las Afores<\/strong><\/p>\n<p>Con 23 votos a favor y 2 en contra de diputados de PRD y Movimiento Ciudadano, la Comisi\u00f3n de Hacienda de la C\u00e1mara de Diputados aprob\u00f3 ayer un proyecto de Morena para que el gobierno de L\u00f3pez Obrador pueda decidir libremente en la Comisi\u00f3n Nacional del Sistema de Ahorro para el Retiro, sobre el destino de sus enormes recursos.<\/p>\n<p>La reforma aprobada prev\u00e9 que las Afores se transformen en fondos de inversi\u00f3n.<\/p>\n<p>Los miembros de la Comisi\u00f3n de Hacienda dicen que de esta forma se obtendr\u00e1n mayores rendimientos y se ampliar\u00e1 el esquemas de inversi\u00f3n en valores extranjeros, infraestructura y otros instrumentos financieros a partir de las Afores.<\/p>\n<p>La oposici\u00f3n advierte que esta reforma simple y llanamente pone en grave riesgo los recursos de las pensiones de millones de trabajadores.<\/p>\n<p style=\"text-align: center;\"><strong>Falleci\u00f3 Pepe N\u00fa\u00f1ez<\/strong><\/p>\n<p>Amigo, compa\u00f1ero de aventuras period\u00edsticas, personaje \u00edntegro, profesional comprometido, ayer falleci\u00f3 en la Ciudad de M\u00e9xico <strong>Jos\u00e9 Nu\u00f1ez Ramos.<\/strong><\/p>\n<p>Conocido simplemente como<em> Pepe N\u00fa\u00f1ez,<\/em> el periodista era como un hermano de otro gran periodista, <strong>Javier Lozada<\/strong>, con quien emprendi\u00f3, goz\u00f3 y sufri\u00f3 varios importantes proyectos a lo largo de los \u00faltimos 40 a\u00f1os.<\/p>\n<p><strong>N\u00fa\u00f1ez <\/strong>fue, dice la cr\u00f3nica de su deceso, reportero de la revista Impacto; subdirector de Comunicaci\u00f3n Social en la regencia capitalina de <strong>Ram\u00f3n Aguirre<\/strong>;\u00a0 director de Comunicaci\u00f3n Social de la C\u00e1mara de Diputados en la LII Legislatura; Coordinador de Comunicaci\u00f3n Social del Gobierno de Jalisco en la administraci\u00f3n fallida de <strong>Guillermo Cos\u00edo Vidaurri <\/strong>y subdirector y editor del peri\u00f3dico <strong><em>El Municipal,<\/em><\/strong> y director editorial de la Revista <strong><em>El Federalista.<\/em><\/strong><\/p>\n<p>Descanse en paz.<\/p>\n<p><em><a href=\"http:\/\/endirecto.mx\" target=\"_blank\" rel=\"noopener noreferrer\">www.endirecto.mx<\/a><\/em><br \/>\n<em><a href=\"https:\/\/twitter.com\/_rvizcaino\" target=\"_blank\" rel=\"noopener noreferrer\">@_RVizcaino<\/a><\/em><br \/>\n<a href=\"https:\/\/www.facebook.com\/rvizcainoa\" target=\"_blank\" rel=\"noopener noreferrer\">f<em>acebook.com\/rvizcainoa<\/em><\/a><\/p>\n","protected":false},"excerpt":{"rendered":"<p><span style=\"color: #005497;\"><strong>Roberto Vizca\u00edno<\/strong><\/span><br \/>\n<br \/>\nSi <strong>Mario Delgado<\/strong> y <strong>Pablo G\u00f3mez<\/strong> \u2014a quienes les gusta el protagonismo\u2014 no le meten mano, la Minuta que crea la Guardia Nacional ser\u00e1 aprobada hoy en San L\u00e1zaro bajo las mismas premisas del acuerdo que logr\u00f3 <strong>Ricardo Monreal <\/strong>con la oposici\u00f3n de PAN, PRI, MC y PRD en el Senado. Todo en una sola exposici\u00f3n, y por unanimidad, se indic\u00f3.<\/p>\n","protected":false},"author":3,"featured_media":417302,"comment_status":"open","ping_status":"open","sticky":false,"template":"","format":"standard","meta":{"_monsterinsights_skip_tracking":false,"_monsterinsights_sitenote_active":false,"_monsterinsights_sitenote_note":"","_monsterinsights_sitenote_category":0,"footnotes":""},"categories":[136],"tags":[43674,93,94],"class_list":["post-417248","post","type-post","status-publish","format-standard","has-post-thumbnail","hentry","category-roberto-vizcaino-opinion","tag-opinion","tag-roberto-vizcaino","tag-tras-la-puerta-del-poder"],"_links":{"self":[{"href":"https:\/\/www.diarioimagen.net\/index.php?rest_route=\/wp\/v2\/posts\/417248","targetHints":{"allow":["GET"]}}],"collection":[{"href":"https:\/\/www.diarioimagen.net\/index.php?rest_route=\/wp\/v2\/posts"}],"about":[{"href":"https:\/\/www.diarioimagen.net\/index.php?rest_route=\/wp\/v2\/types\/post"}],"author":[{"embeddable":true,"href":"https:\/\/www.diarioimagen.net\/index.php?rest_route=\/wp\/v2\/users\/3"}],"replies":[{"embeddable":true,"href":"https:\/\/www.diarioimagen.net\/index.php?rest_route=%2Fwp%2Fv2%2Fcomments&post=417248"}],"version-history":[{"count":0,"href":"https:\/\/www.diarioimagen.net\/index.php?rest_route=\/wp\/v2\/posts\/417248\/revisions"}],"wp:featuredmedia":[{"embeddable":true,"href":"https:\/\/www.diarioimagen.net\/index.php?rest_route=\/wp\/v2\/media\/417302"}],"wp:attachment":[{"href":"https:\/\/www.diarioimagen.net\/index.php?rest_route=%2Fwp%2Fv2%2Fmedia&parent=417248"}],"wp:term":[{"taxonomy":"category","embeddable":true,"href":"https:\/\/www.diarioimagen.net\/index.php?rest_route=%2Fwp%2Fv2%2Fcategories&post=417248"},{"taxonomy":"post_tag","embeddable":true,"href":"https:\/\/www.diarioimagen.net\/index.php?rest_route=%2Fwp%2Fv2%2Ftags&post=417248"}],"curies":[{"name":"wp","href":"https:\/\/api.w.org\/{rel}","templated":true}]}}