{"id":417314,"date":"2019-03-01T00:04:28","date_gmt":"2019-03-01T06:04:28","guid":{"rendered":"https:\/\/www.diarioimagen.net\/?p=417314"},"modified":"2019-03-01T00:26:28","modified_gmt":"2019-03-01T06:26:28","slug":"concluyen-su-especialidad-mas-de-130-medicos-del-edomex","status":"publish","type":"post","link":"https:\/\/www.diarioimagen.net\/?p=417314","title":{"rendered":"Concluyen su especialidad m\u00e1s de 130 m\u00e9dicos del Edomex"},"content":{"rendered":"<ul>\n<li><strong><em>Reitera Salud compromiso con la formaci\u00f3n de recursos humanos<\/em><\/strong><\/li>\n<\/ul>\n<p>&nbsp;<\/p>\n<div id=\"attachment_417315\" style=\"width: 470px\" class=\"wp-caption aligncenter\"><img loading=\"lazy\" decoding=\"async\" aria-describedby=\"caption-attachment-417315\" class=\"wp-image-417315 size-large\" src=\"https:\/\/www.diarioimagen.net\/wp-content\/uploads\/2019\/02\/SALUD1-portal-460x268.jpg\" alt=\"\" width=\"460\" height=\"268\" srcset=\"https:\/\/www.diarioimagen.net\/wp-content\/uploads\/2019\/02\/SALUD1-portal-460x268.jpg 460w, https:\/\/www.diarioimagen.net\/wp-content\/uploads\/2019\/02\/SALUD1-portal-240x140.jpg 240w, https:\/\/www.diarioimagen.net\/wp-content\/uploads\/2019\/02\/SALUD1-portal.jpg 480w\" sizes=\"auto, (max-width: 460px) 100vw, 460px\" \/><p id=\"caption-attachment-417315\" class=\"wp-caption-text\">Reitera la Secretar\u00eda de Salud su compromiso con la formaci\u00f3n de recursos humanos que ayuden a preservar el bienestar de los mexiquenses.<\/p><\/div>\n<p>&nbsp;<\/p>\n<p><strong>Toluca, Estado de M\u00e9xico<\/strong>.- El Instituto de Salud del Estado de M\u00e9xico (ISEM), realiz\u00f3 la entrega de constancias a 139 m\u00e9dicos que concluyeron satisfactoriamente su residencia en alguna de las 16 especialidades que ofrece en 12 hospitales.<\/p>\n<p>Al presidir la ceremonia de egreso de estos especialistas, el Secretario de Salud, Gabriel O\u2019Shea Cuevas, expuso que con lo anterior, se refrenda el compromiso del gobernador Alfredo Del Mazo Maza con la formaci\u00f3n de recursos humanos que son fundamentales para preservar el bienestar de m\u00e1s de 7 millones de mexiquenses que son atendidos en unidades m\u00e9dicas a cargo de esta dependencia.<\/p>\n<p>Actualmente, el ISEM cuenta con 546 m\u00e9dicos residentes que cursan alguna especialidad y juegan un papel importante al interior de los espacios hospitalarios ya que adem\u00e1s de formarse, ayudan a dar respuesta a las necesidades de la poblaci\u00f3n en materia de salud, sostuvo O\u2019Shea Cuevas.<\/p>\n<p>Jos\u00e9 Alfonso Franco Jim\u00e9nez, egresado de la especialidad en Neurocirug\u00eda del Centro M\u00e9dico \u201cAdolfo L\u00f3pez Mateos\u201d y quien ocup\u00f3 el primer lugar en el examen nacional de certificaci\u00f3n en esta \u00e1rea, reconoci\u00f3 el trabajo de las autoridades estatales para dotar de equipo de vanguardia a las unidades m\u00e9dicas ya que con ello, se logra una mejor preparaci\u00f3n y permite el otorgamiento de servicios con calidad.<\/p>\n<p>Para hacer frente a las nuevas exigencias en salud, el ISEM prepar\u00f3 a los galenos en las especialidades de Gineco Obstetricia, Pediatr\u00eda, Anestesiolog\u00eda, Cirug\u00eda General, Cirug\u00eda Maxilofacial, Geriatr\u00eda, Ginecolog\u00eda y Obstetricia, Medicina Cr\u00edtica, Medicina de Urgencias, Imagenolog\u00eda, diagn\u00f3stica y terap\u00e9utica, Medicina Cr\u00edtica en Obstetricia, Medicina del Enfermo en estado Cr\u00edtico, Medicina Interna, Neonatolog\u00eda, Neurocirug\u00eda, Traumatolog\u00eda y Ortopedia, as\u00ed como Urolog\u00eda.<\/p>\n<p>En el evento, realizado en la UNITEC Campus Toluca, estuvieron presentes el Coordinador de Salud del ISEM, Carlos Aranza Doniz, el jefe de la Unidad de Ense\u00f1anza, Investigaci\u00f3n y Calidad del ISEM, Humberto Botello Ortiz, el\u00a0 Coordinador de Investigaci\u00f3n y Estudios de Posgrado de la Facultad de Medicina de la UAEMex, Alberto Jardi P\u00e9rez, as\u00ed como la rectora de esta Casa de Estudios, M\u00f3nica Guti\u00e9rrez Garza.<\/p>\n","protected":false},"excerpt":{"rendered":"<p>El Instituto de Salud del Estado de M\u00e9xico (ISEM), realiz\u00f3 la entrega de constancias a 139 m\u00e9dicos que concluyeron satisfactoriamente su residencia en alguna de las 16 especialidades que ofrece en 12 hospitales.<\/p>\n","protected":false},"author":5,"featured_media":417315,"comment_status":"open","ping_status":"open","sticky":false,"template":"","format":"standard","meta":{"_monsterinsights_skip_tracking":false,"_monsterinsights_sitenote_active":false,"_monsterinsights_sitenote_note":"","_monsterinsights_sitenote_category":0,"footnotes":""},"categories":[35155],"tags":[83275,83276,43675,6365,13566,83277,43692,452],"class_list":["post-417314","post","type-post","status-publish","format-standard","has-post-thumbnail","hentry","category-estado-de-mexico-estado-de-mexico","tag-130-medicos-del-edomex","tag-concluyen-su-especialidad","tag-estado-de-mexico","tag-gabriel-oshea-cuevas","tag-isem","tag-recursos-humanos","tag-salud","tag-toluca"],"_links":{"self":[{"href":"https:\/\/www.diarioimagen.net\/index.php?rest_route=\/wp\/v2\/posts\/417314","targetHints":{"allow":["GET"]}}],"collection":[{"href":"https:\/\/www.diarioimagen.net\/index.php?rest_route=\/wp\/v2\/posts"}],"about":[{"href":"https:\/\/www.diarioimagen.net\/index.php?rest_route=\/wp\/v2\/types\/post"}],"author":[{"embeddable":true,"href":"https:\/\/www.diarioimagen.net\/index.php?rest_route=\/wp\/v2\/users\/5"}],"replies":[{"embeddable":true,"href":"https:\/\/www.diarioimagen.net\/index.php?rest_route=%2Fwp%2Fv2%2Fcomments&post=417314"}],"version-history":[{"count":0,"href":"https:\/\/www.diarioimagen.net\/index.php?rest_route=\/wp\/v2\/posts\/417314\/revisions"}],"wp:featuredmedia":[{"embeddable":true,"href":"https:\/\/www.diarioimagen.net\/index.php?rest_route=\/wp\/v2\/media\/417315"}],"wp:attachment":[{"href":"https:\/\/www.diarioimagen.net\/index.php?rest_route=%2Fwp%2Fv2%2Fmedia&parent=417314"}],"wp:term":[{"taxonomy":"category","embeddable":true,"href":"https:\/\/www.diarioimagen.net\/index.php?rest_route=%2Fwp%2Fv2%2Fcategories&post=417314"},{"taxonomy":"post_tag","embeddable":true,"href":"https:\/\/www.diarioimagen.net\/index.php?rest_route=%2Fwp%2Fv2%2Ftags&post=417314"}],"curies":[{"name":"wp","href":"https:\/\/api.w.org\/{rel}","templated":true}]}}