{"id":417324,"date":"2019-03-01T00:10:08","date_gmt":"2019-03-01T06:10:08","guid":{"rendered":"https:\/\/www.diarioimagen.net\/?p=417324"},"modified":"2019-02-28T23:28:11","modified_gmt":"2019-03-01T05:28:11","slug":"guardia-nacional-no-afectara-derechos-de-elementos-de-la-pf-durazo","status":"publish","type":"post","link":"https:\/\/www.diarioimagen.net\/?p=417324","title":{"rendered":"Nueva corporaci\u00f3n no afectar\u00e1 derechos de elementos de la PF: Durazo"},"content":{"rendered":"<ul>\n<li><strong><em>Consta de m\u00e1s de 37 mil elementos<\/em><\/strong><\/li>\n<\/ul>\n<p>&nbsp;<\/p>\n<div id=\"attachment_417325\" style=\"width: 470px\" class=\"wp-caption aligncenter\"><img loading=\"lazy\" decoding=\"async\" aria-describedby=\"caption-attachment-417325\" class=\"wp-image-417325 size-large\" src=\"https:\/\/www.diarioimagen.net\/wp-content\/uploads\/2019\/02\/DURAZO1-portal-460x268.jpg\" alt=\"\" width=\"460\" height=\"268\" srcset=\"https:\/\/www.diarioimagen.net\/wp-content\/uploads\/2019\/02\/DURAZO1-portal-460x268.jpg 460w, https:\/\/www.diarioimagen.net\/wp-content\/uploads\/2019\/02\/DURAZO1-portal-240x140.jpg 240w, https:\/\/www.diarioimagen.net\/wp-content\/uploads\/2019\/02\/DURAZO1-portal.jpg 480w\" sizes=\"auto, (max-width: 460px) 100vw, 460px\" \/><p id=\"caption-attachment-417325\" class=\"wp-caption-text\">Alfonso Durazo sostuvo que cada uno de los elementos de la Polic\u00eda Federal que pase a la Guardia Nacional, lo har\u00e1 con todos sus derechos y prestaciones.<\/p><\/div>\n<p>&nbsp;<\/p>\n<p>El secretario de Seguridad y Protecci\u00f3n Ciudadana, Alfonso Durazo Monta\u00f1o, asegur\u00f3 que la Guardia Nacional ser\u00e1 una organizaci\u00f3n hist\u00f3rica y de nivel internacional.<\/p>\n<p>\u201cAs\u00ed como se hable de otras guardias civiles nacionales, la espa\u00f1ola, la francesa, la italiana, (se hablar\u00e1 de) la mexicana, y vamos a construir una organizaci\u00f3n de car\u00e1cter hist\u00f3rico que va a ser un referente internacional obligado cuando se hable de cumplimiento del deber y de servicio a la sociedad\u201d.<\/p>\n<p>El funcionario federal reconoci\u00f3 el proceso de negociaci\u00f3n en el \u00e1mbito legislativo, en el que hubo enriquecimiento de la iniciativa enviada por el gobierno de la Rep\u00fablica, y que finalmente tuvo el respaldo un\u00e1nime de los senadores. Confi\u00f3 en que \u201cese enriquecimiento que recibi\u00f3 la iniciativa se traduzca tambi\u00e9n en un respaldo, tambi\u00e9n eventualmente un\u00e1nime de la C\u00e1mara de Diputados\u201d, y que no obstante que se requieren dos tercios de mayor\u00eda calificada para aprobarla, podr\u00eda avanzar con un respaldo un\u00e1nime, lo que permitir\u00eda \u201cpresentar este proyecto con una fortaleza extraordinaria ante la sociedad\u201d.<\/p>\n<p>Durante la ceremonia de lanzamiento de la campa\u00f1a de concientizaci\u00f3n Ciberseguridad M\u00e9xico 2019, el funcionario indic\u00f3 que este nuevo cuerpo de seguridad \u201cva a contar con todo el respaldo del gobierno mexicano, para convertir a la Guardia Nacional en una organizaci\u00f3n policial de seguridad p\u00fablica de nivel internacional\u201d.<\/p>\n<p>En la sede de la dependencia federal y ante las inquietudes del personal de la Polic\u00eda Federal sobre esta nueva organizaci\u00f3n, aclar\u00f3 que los cambios administrativos, presupuestales, legales, reglamentarios que haya en la instituci\u00f3n como resultado del proceso legislativo, \u201cno va a afectar ni uno s\u00f3lo de los derechos del personal de la Polic\u00eda Federal\u201d.<\/p>\n<p>Durazo Monta\u00f1o subray\u00f3 que ser\u00e1 \u201ctodo lo contrario\u201d, pues se est\u00e1 construyendo un modelo de seguridad social para los elementos de la Polic\u00eda Federal, un cuerpo que consta de m\u00e1s de 37 mil elementos, que permita un sistema real de seguridad social para el personal, \u201cporque lamentablemente hoy tiene muchas deficiencias\u201d.<\/p>\n<p>El titular de la Secretar\u00eda de Seguridad y Protecci\u00f3n Ciudadana sostuvo que cada uno de los elementos de la Polic\u00eda Federal que pase a la Guardia Nacional, lo har\u00eda con todos sus derechos y prestaciones, y de ser el caso, de acuerdo a los procesos presupuestales y administrativos, mejorar su condici\u00f3n socioecon\u00f3mica.<\/p>\n<p>Dijo que estos beneficios ser\u00edan para \u201ctodos aquellos nuevos elementos, de aquellos elementos que integren esta base pionera de la Guardia Nacional con el prop\u00f3sito de agregar incentivos para que no s\u00f3lo acaten una instrucci\u00f3n, sino que tengan su propio inter\u00e9s en incorporarse a este nuevo cuerpo de seguridad\u201d.<\/p>\n<p>En este marco llam\u00f3 a aprovechar todas las fortalezas de la Polic\u00eda Federal y trabajar en las aquellas \u00e1reas de oportunidad que hay en el proceso de construcci\u00f3n de la Guardia Nacional, que en una primera etapa estar\u00eda integrada por elementos de las fuerzas operativas, las federales y la Gendarmer\u00eda.<\/p>\n<p>Expuso que en esta etapa integrar\u00edan la Guardia aproximadamente 35 mil elementos de la Polic\u00eda Militar y ocho mil de la Polic\u00eda Naval, y record\u00f3 que la entonces Polic\u00eda Federal Preventiva estuvo integrada por elementos militares al igual que la Gendarmer\u00eda.<\/p>\n<p>En este sentido, apunt\u00f3 que \u201cla raz\u00f3n es muy elemental, porque un polic\u00eda no se forma de la noche a la ma\u00f1ana, un mando no se forma de la noche e la ma\u00f1ana, lleva cinco, 10, 15 a\u00f1os\u201d, si bien la ciudadan\u00eda quisiera que el problema de inseguridad se resolviera en 20 d\u00edas.<\/p>\n<p>\u201cNo lo vamos a resolver de un d\u00eda para otro, ni en 20 tampoco, s\u00f3lo hablo de la urgencia social que representa para el gobierno, una presi\u00f3n extraordinaria para enfrentar exitosamente el problema de inseguridad, y por eso hemos planteado la creaci\u00f3n de la Guardia Nacional\u201d, enfatiz\u00f3.<\/p>\n","protected":false},"excerpt":{"rendered":"<p>El secretario de Seguridad y Protecci\u00f3n Ciudadana, Alfonso Durazo Monta\u00f1o, asegur\u00f3 que la Guardia Nacional ser\u00e1 una organizaci\u00f3n hist\u00f3rica y de nivel internacional. \u201cAs\u00ed como se hable de otras guardias civiles nacionales, la espa\u00f1ola, la francesa, la italiana, (se hablar\u00e1 de) la mexicana, y vamos a construir una organizaci\u00f3n de car\u00e1cter hist\u00f3rico que va a ser un referente internacional obligado cuando se hable de cumplimiento del deber y de servicio a la sociedad\u201d.<\/p>\n","protected":false},"author":5,"featured_media":417325,"comment_status":"open","ping_status":"open","sticky":false,"template":"","format":"standard","meta":{"_monsterinsights_skip_tracking":false,"_monsterinsights_sitenote_active":false,"_monsterinsights_sitenote_note":"","_monsterinsights_sitenote_category":0,"footnotes":""},"categories":[7],"tags":[83284,77036,83317,83283,4160,4516,43677],"class_list":["post-417324","post","type-post","status-publish","format-standard","has-post-thumbnail","hentry","category-seguridad","tag-37-mil-elementos","tag-alfonso-durazo-montano","tag-corporacion-guardia-nacional","tag-derechos-de-elementos","tag-guardia-nacional","tag-pf","tag-seguridad"],"_links":{"self":[{"href":"https:\/\/www.diarioimagen.net\/index.php?rest_route=\/wp\/v2\/posts\/417324","targetHints":{"allow":["GET"]}}],"collection":[{"href":"https:\/\/www.diarioimagen.net\/index.php?rest_route=\/wp\/v2\/posts"}],"about":[{"href":"https:\/\/www.diarioimagen.net\/index.php?rest_route=\/wp\/v2\/types\/post"}],"author":[{"embeddable":true,"href":"https:\/\/www.diarioimagen.net\/index.php?rest_route=\/wp\/v2\/users\/5"}],"replies":[{"embeddable":true,"href":"https:\/\/www.diarioimagen.net\/index.php?rest_route=%2Fwp%2Fv2%2Fcomments&post=417324"}],"version-history":[{"count":0,"href":"https:\/\/www.diarioimagen.net\/index.php?rest_route=\/wp\/v2\/posts\/417324\/revisions"}],"wp:featuredmedia":[{"embeddable":true,"href":"https:\/\/www.diarioimagen.net\/index.php?rest_route=\/wp\/v2\/media\/417325"}],"wp:attachment":[{"href":"https:\/\/www.diarioimagen.net\/index.php?rest_route=%2Fwp%2Fv2%2Fmedia&parent=417324"}],"wp:term":[{"taxonomy":"category","embeddable":true,"href":"https:\/\/www.diarioimagen.net\/index.php?rest_route=%2Fwp%2Fv2%2Fcategories&post=417324"},{"taxonomy":"post_tag","embeddable":true,"href":"https:\/\/www.diarioimagen.net\/index.php?rest_route=%2Fwp%2Fv2%2Ftags&post=417324"}],"curies":[{"name":"wp","href":"https:\/\/api.w.org\/{rel}","templated":true}]}}